{"id":5077,"date":"2020-08-31T12:05:20","date_gmt":"2020-08-31T10:05:20","guid":{"rendered":"https:\/\/agora.xtec.cat\/iesmontbui\/?p=5077"},"modified":"2020-09-14T23:33:43","modified_gmt":"2020-09-14T21:33:43","slug":"matricula-pfi","status":"publish","type":"post","link":"https:\/\/agora.xtec.cat\/iesmontbui\/general\/matricula-pfi\/","title":{"rendered":"Matr\u00edcula PFI"},"content":{"rendered":"<p>El per\u00edode per venir a fer la matr\u00edcula del PFI va des de l&#8217;1\u00a0 fins al 10 de setembre.<\/p>\n<p>Heu de demanar <strong>cita pr\u00e8via<\/strong> per venir a fer la matr\u00edcula <strong>presencialment<\/strong> trucant al tel\u00e8fon 93 805 60 59 o al m\u00f2bil 607 07 13 57.<\/p>\n<p><strong><em>Els alumnes hauran de venir acompanyats del pare, mare o tutor\/a legal.<\/em><\/strong><\/p>\n","protected":false},"excerpt":{"rendered":"<p>El per\u00edode per venir a fer la matr\u00edcula del PFI va des de l&#8217;1\u00a0 fins al 10 de setembre.<br \/>\nHeu de demanar cita pr\u00e8via per venir a fer la matr\u00edcula presencialment trucant al tel\u00e8fon 93 805 60 59 o al m\u00f2bil 607 07 13 57.<br \/>\nEls alumnes&hellip;  <a href=\"https:\/\/agora.xtec.cat\/iesmontbui\/general\/matricula-pfi\/\" title=\"Read Matr\u00edcula PFI\">Llegeix m\u00e9s\u00bb<\/a><\/p>\n","protected":false},"author":62,"featured_media":2383,"comment_status":"open","ping_status":"closed","sticky":false,"template":"","format":"standard","meta":{"_bbp_topic_count":0,"_bbp_reply_count":0,"_bbp_total_topic_count":0,"_bbp_total_reply_count":0,"_bbp_voice_count":0,"_bbp_anonymous_reply_count":0,"_bbp_topic_count_hidden":0,"_bbp_reply_count_hidden":0,"_bbp_forum_subforum_count":0,"footnotes":""},"categories":[118,1,29],"tags":[],"class_list":["post-5077","post","type-post","status-publish","format-standard","has-post-thumbnail","hentry","category-comunicatspfi","category-general","category-portada"],"post_mailing_queue_ids":[],"_links":{"self":[{"href":"https:\/\/agora.xtec.cat\/iesmontbui\/wp-json\/wp\/v2\/posts\/5077","targetHints":{"allow":["GET"]}}],"collection":[{"href":"https:\/\/agora.xtec.cat\/iesmontbui\/wp-json\/wp\/v2\/posts"}],"about":[{"href":"https:\/\/agora.xtec.cat\/iesmontbui\/wp-json\/wp\/v2\/types\/post"}],"author":[{"embeddable":true,"href":"https:\/\/agora.xtec.cat\/iesmontbui\/wp-json\/wp\/v2\/users\/62"}],"replies":[{"embeddable":true,"href":"https:\/\/agora.xtec.cat\/iesmontbui\/wp-json\/wp\/v2\/comments?post=5077"}],"version-history":[{"count":1,"href":"https:\/\/agora.xtec.cat\/iesmontbui\/wp-json\/wp\/v2\/posts\/5077\/revisions"}],"predecessor-version":[{"id":5078,"href":"https:\/\/agora.xtec.cat\/iesmontbui\/wp-json\/wp\/v2\/posts\/5077\/revisions\/5078"}],"wp:featuredmedia":[{"embeddable":true,"href":"https:\/\/agora.xtec.cat\/iesmontbui\/wp-json\/wp\/v2\/media\/2383"}],"wp:attachment":[{"href":"https:\/\/agora.xtec.cat\/iesmontbui\/wp-json\/wp\/v2\/media?parent=5077"}],"wp:term":[{"taxonomy":"category","embeddable":true,"href":"https:\/\/agora.xtec.cat\/iesmontbui\/wp-json\/wp\/v2\/categories?post=5077"},{"taxonomy":"post_tag","embeddable":true,"href":"https:\/\/agora.xtec.cat\/iesmontbui\/wp-json\/wp\/v2\/tags?post=5077"}],"curies":[{"name":"wp","href":"https:\/\/api.w.org\/{rel}","templated":true}]}}