{"id":5050,"date":"2020-07-06T18:59:39","date_gmt":"2020-07-06T16:59:39","guid":{"rendered":"https:\/\/agora.xtec.cat\/iesmontbui\/?p=5050"},"modified":"2020-09-04T11:21:55","modified_gmt":"2020-09-04T09:21:55","slug":"obert-el-periode-de-beques-de-lajuntament","status":"publish","type":"post","link":"https:\/\/agora.xtec.cat\/iesmontbui\/portada\/obert-el-periode-de-beques-de-lajuntament\/","title":{"rendered":"Obert el per\u00edode de beques de l&#8217;Ajuntament"},"content":{"rendered":"<p><span id=\"readspeakerPage\">Fins el dia 20 de juliol es poden demanar els ajuts per fer front a les despeses econ\u00f2miques d&#8217;escolaritzaci\u00f3, que a l&#8217;Educaci\u00f3 Secund\u00e0ria pot ser una ajuda per l&#8217;adquisici\u00f3 del Chromebook o pels llibres (tant digitals com en paper).<\/span><\/p>\n<p><span id=\"readspeakerPage\">La sol\u00b7licitud d&#8217;aquesta beca es podr\u00e0 tramitar preferentment de forma telem\u00e0tica a trav\u00e9s del <a href=\"http:\/\/www.montbui.cat\/lajuntament\/informacio-oficial\/sollicitud-dajut-economic-per-a-les-despeses-descolaritzacio-curs-2020-2021\/\" target=\"_blank\" rel=\"noopener noreferrer\">web de l&#8217;Ajuntament,<\/a> o tamb\u00e9 amb cita pr\u00e8via trucant al tel\u00e8fon 93 804 09 09.<\/span><\/p>\n<p>Poden ser benefici\u00e0ries de les subvencions les fam\u00edlies que compleixin els seg\u00fcents requisits:<\/p>\n<p>\u2022 Estar empadronats en el municipi de Santa Margarida de Montbui ( tant el pare, la mare i el\/a fill\/a com en el cas de fam\u00edlies monoparentals el pare o la mare i el\/a fill\/a ).<\/p>\n<p>\u2022 L\u2019alumne pel qual es sol\u00b7licita l\u2019ajut estigui matriculat en un centre educatiu de Sta. Margarida de Montbui el curs escolar al qual es refereix la convocat\u00f2ria.<\/p>\n<p>\u2022 Estar inscrits al programa de reutilitzaci\u00f3 de llibres de text del Centre Escolar (INS Montbui ho compleix)<\/p>\n<p>\u2022 Tenir una renda per c\u00e0pita neta mensual no superior a la definida per la Llei de pressupostos de la Generalitat de Catalunya per a l\u2019exercici anterior al de la convocat\u00f2ria en relaci\u00f3 amb l\u2019indicador de renda de sufici\u00e8ncia de Catalunya (569,12 euros mensuals) en aquest cas multiplicada per 1,2 (682,94\u20ac). Comprovar els l\u00edmits al mateix web de l&#8217;Ajuntament<\/p>\n<p>\u2022 No ser titular en r\u00e8gim de propietat o copropietat de m\u00e9s d\u2019un habitatge.<\/p>\n<p>\u2022 No percebre cap altre ajut provinent d\u2019altres administracions p\u00fabliques que cobreixin totalment el cost de l\u2019activitat o servei.<\/p>\n<p>Pot fer el tr\u00e0mit al web seg\u00fcent:\u00a0<strong>http:\/\/www.montbui.cat\/lajuntament\/informacio-oficial\/sollicitud-dajut-economic-per-a-les-despeses-descolaritzacio-curs-2020-2021\/<\/strong><\/p>\n<h3>Documentaci\u00f3 Pressupost per sol\u00b7licitar la beca<\/h3>\n<p>Per tal de sol\u00b7licitar la beca, si necessiteu documentaci\u00f3 sobre el pressupost, podeu aportar la documentaci\u00f3 seg\u00fcent:<\/p>\n<ul>\n<li><a href=\"https:\/\/agora.xtec.cat\/iesmontbui\/wp-content\/uploads\/usu145\/2020\/07\/Pressupost-Chromebook.pdf\">Document que cont\u00e9 el cost del Chromebook<\/a> (nou alumnat de l&#8217;Institut)<\/li>\n<li><a href=\"https:\/\/agora.xtec.cat\/iesmontbui\/wp-content\/uploads\/usu145\/2020\/07\/Quotes-llibres-i-llic\u00e8ncies-2020-2021.pdf\">Document que cont\u00e9 el cost de la reutilitzaci\u00f3 de llibres<\/a> (alumnat de 2n, 3r i 4t d&#8217;ESO)<\/li>\n<\/ul>\n","protected":false},"excerpt":{"rendered":"<p>Fins el dia 20 de juliol es poden demanar els ajuts per fer front a les despeses econ\u00f2miques d&#8217;escolaritzaci\u00f3, que a l&#8217;Educaci\u00f3 Secund\u00e0ria pot ser una ajuda per l&#8217;adquisici\u00f3 del Chromebook o pels llibres (tant digitals com en paper).<br \/>\nLa sol\u00b7licitud d&#8217;aquesta beca es podr\u00e0 tramitar&hellip;  <a href=\"https:\/\/agora.xtec.cat\/iesmontbui\/portada\/obert-el-periode-de-beques-de-lajuntament\/\" title=\"Read Obert el per\u00edode de beques de l&#8217;Ajuntament\">Llegeix m\u00e9s\u00bb<\/a><\/p>\n","protected":false},"author":1,"featured_media":5051,"comment_status":"open","ping_status":"closed","sticky":false,"template":"","format":"standard","meta":{"_bbp_topic_count":0,"_bbp_reply_count":0,"_bbp_total_topic_count":0,"_bbp_total_reply_count":0,"_bbp_voice_count":0,"_bbp_anonymous_reply_count":0,"_bbp_topic_count_hidden":0,"_bbp_reply_count_hidden":0,"_bbp_forum_subforum_count":0,"footnotes":""},"categories":[29],"tags":[337],"class_list":["post-5050","post","type-post","status-publish","format-standard","has-post-thumbnail","hentry","category-portada","tag-beca"],"post_mailing_queue_ids":[],"_links":{"self":[{"href":"https:\/\/agora.xtec.cat\/iesmontbui\/wp-json\/wp\/v2\/posts\/5050","targetHints":{"allow":["GET"]}}],"collection":[{"href":"https:\/\/agora.xtec.cat\/iesmontbui\/wp-json\/wp\/v2\/posts"}],"about":[{"href":"https:\/\/agora.xtec.cat\/iesmontbui\/wp-json\/wp\/v2\/types\/post"}],"author":[{"embeddable":true,"href":"https:\/\/agora.xtec.cat\/iesmontbui\/wp-json\/wp\/v2\/users\/1"}],"replies":[{"embeddable":true,"href":"https:\/\/agora.xtec.cat\/iesmontbui\/wp-json\/wp\/v2\/comments?post=5050"}],"version-history":[{"count":3,"href":"https:\/\/agora.xtec.cat\/iesmontbui\/wp-json\/wp\/v2\/posts\/5050\/revisions"}],"predecessor-version":[{"id":5071,"href":"https:\/\/agora.xtec.cat\/iesmontbui\/wp-json\/wp\/v2\/posts\/5050\/revisions\/5071"}],"wp:featuredmedia":[{"embeddable":true,"href":"https:\/\/agora.xtec.cat\/iesmontbui\/wp-json\/wp\/v2\/media\/5051"}],"wp:attachment":[{"href":"https:\/\/agora.xtec.cat\/iesmontbui\/wp-json\/wp\/v2\/media?parent=5050"}],"wp:term":[{"taxonomy":"category","embeddable":true,"href":"https:\/\/agora.xtec.cat\/iesmontbui\/wp-json\/wp\/v2\/categories?post=5050"},{"taxonomy":"post_tag","embeddable":true,"href":"https:\/\/agora.xtec.cat\/iesmontbui\/wp-json\/wp\/v2\/tags?post=5050"}],"curies":[{"name":"wp","href":"https:\/\/api.w.org\/{rel}","templated":true}]}}