{"id":5003,"date":"2020-06-12T19:13:35","date_gmt":"2020-06-12T17:13:35","guid":{"rendered":"https:\/\/agora.xtec.cat\/iesmontbui\/?p=5003"},"modified":"2020-06-15T19:17:53","modified_gmt":"2020-06-15T17:17:53","slug":"el-mur-de-la-gratitud","status":"publish","type":"post","link":"https:\/\/agora.xtec.cat\/iesmontbui\/portada\/el-mur-de-la-gratitud\/","title":{"rendered":"El mur de la Gratitud"},"content":{"rendered":"<blockquote><p>La fundaci\u00f3 Althaia agraeix la participaci\u00f3 de l&#8217;INS Montbui.<\/p><\/blockquote>\n<p>Al principi del confinament provocat per la crisi del COVID 19, la Fundaci\u00f3 Althaia va convidar a tothom a participar del seu programa &#8220;Posem-hi paraules&#8221; amb la crida a fer arribar paraules de suport i escalf per als seus pacients i professionals. Des de la coordinaci\u00f3 del servei comunitari de l&#8217;institut es va convidar als alumnes de 4t d&#8217;ESO a fer una aportaci\u00f3 (un v\u00eddeo, un mural, un vers&#8230;) per unir-nos a la campanya. El nostre alumnat, com tantes altres vegades, va donar una resposta molt positiva i emp\u00e0tica a la situaci\u00f3 i va fer arribar diferents materials a aquesta fundaci\u00f3. Aquesta setmana s&#8217;ha donat per finalitzada aquesta iniciativa i la fundaci\u00f3 Althaia ha volgut respondre aquest suport fent un mural amb el nom de tots els centres participants a la seva p\u00e0gina web. Podeu trobar aquest mural i les aportacions de diferents centres educatius del nostre pa\u00eds clicant a sobre el mur:<a href=\"https:\/\/www.althaia.cat\/althaia\/ca\/corporatiu\/comunicacio\/coronavirus-sars-cov-2\/posem-hi-paraules\"><img loading=\"lazy\" decoding=\"async\" class=\"aligncenter wp-image-5005 size-large\" src=\"https:\/\/agora.xtec.cat\/iesmontbui\/wp-content\/uploads\/usu145\/2020\/06\/mur-1024x528.png\" alt=\"\" width=\"1024\" height=\"528\" srcset=\"https:\/\/agora.xtec.cat\/iesmontbui\/wp-content\/uploads\/usu145\/2020\/06\/mur-1024x528.png 1024w, https:\/\/agora.xtec.cat\/iesmontbui\/wp-content\/uploads\/usu145\/2020\/06\/mur-300x155.png 300w, https:\/\/agora.xtec.cat\/iesmontbui\/wp-content\/uploads\/usu145\/2020\/06\/mur-768x396.png 768w, https:\/\/agora.xtec.cat\/iesmontbui\/wp-content\/uploads\/usu145\/2020\/06\/mur.png 1420w\" sizes=\"auto, (max-width: 1024px) 100vw, 1024px\" \/><\/a><\/p>\n<p>Volem donar un missatge d&#8217;\u00e0nim a tothom i us animem a participar, a nivell particular o familiar, d&#8217;aquest tipus d&#8217;iniciatives.<\/p>\n<p>Gr\u00e0cies!<\/p>\n","protected":false},"excerpt":{"rendered":"<p>La fundaci\u00f3 Althaia agraeix la participaci\u00f3 de l&#8217;INS Montbui.<br \/>\nAl principi del confinament provocat per la crisi del COVID 19, la Fundaci\u00f3 Althaia va convidar a tothom a participar del seu programa &#8220;Posem-hi paraules&#8221; amb la crida a fer arribar paraules de suport i escalf per&hellip;  <a href=\"https:\/\/agora.xtec.cat\/iesmontbui\/portada\/el-mur-de-la-gratitud\/\" title=\"Read El mur de la Gratitud\">Llegeix m\u00e9s\u00bb<\/a><\/p>\n","protected":false},"author":1,"featured_media":5004,"comment_status":"open","ping_status":"closed","sticky":false,"template":"","format":"standard","meta":{"_bbp_topic_count":0,"_bbp_reply_count":0,"_bbp_total_topic_count":0,"_bbp_total_reply_count":0,"_bbp_voice_count":0,"_bbp_anonymous_reply_count":0,"_bbp_topic_count_hidden":0,"_bbp_reply_count_hidden":0,"_bbp_forum_subforum_count":0,"footnotes":""},"categories":[29],"tags":[105],"class_list":["post-5003","post","type-post","status-publish","format-standard","has-post-thumbnail","hentry","category-portada","tag-activitats"],"post_mailing_queue_ids":[],"_links":{"self":[{"href":"https:\/\/agora.xtec.cat\/iesmontbui\/wp-json\/wp\/v2\/posts\/5003","targetHints":{"allow":["GET"]}}],"collection":[{"href":"https:\/\/agora.xtec.cat\/iesmontbui\/wp-json\/wp\/v2\/posts"}],"about":[{"href":"https:\/\/agora.xtec.cat\/iesmontbui\/wp-json\/wp\/v2\/types\/post"}],"author":[{"embeddable":true,"href":"https:\/\/agora.xtec.cat\/iesmontbui\/wp-json\/wp\/v2\/users\/1"}],"replies":[{"embeddable":true,"href":"https:\/\/agora.xtec.cat\/iesmontbui\/wp-json\/wp\/v2\/comments?post=5003"}],"version-history":[{"count":2,"href":"https:\/\/agora.xtec.cat\/iesmontbui\/wp-json\/wp\/v2\/posts\/5003\/revisions"}],"predecessor-version":[{"id":5007,"href":"https:\/\/agora.xtec.cat\/iesmontbui\/wp-json\/wp\/v2\/posts\/5003\/revisions\/5007"}],"wp:featuredmedia":[{"embeddable":true,"href":"https:\/\/agora.xtec.cat\/iesmontbui\/wp-json\/wp\/v2\/media\/5004"}],"wp:attachment":[{"href":"https:\/\/agora.xtec.cat\/iesmontbui\/wp-json\/wp\/v2\/media?parent=5003"}],"wp:term":[{"taxonomy":"category","embeddable":true,"href":"https:\/\/agora.xtec.cat\/iesmontbui\/wp-json\/wp\/v2\/categories?post=5003"},{"taxonomy":"post_tag","embeddable":true,"href":"https:\/\/agora.xtec.cat\/iesmontbui\/wp-json\/wp\/v2\/tags?post=5003"}],"curies":[{"name":"wp","href":"https:\/\/api.w.org\/{rel}","templated":true}]}}