{"id":4881,"date":"2020-05-21T11:06:14","date_gmt":"2020-05-21T09:06:14","guid":{"rendered":"https:\/\/agora.xtec.cat\/iesmontbui\/?p=4881"},"modified":"2020-05-21T11:11:08","modified_gmt":"2020-05-21T09:11:08","slug":"xerrada-virtual-batxillerat-a-lins-montbui-21-05-a-les-1900h","status":"publish","type":"post","link":"https:\/\/agora.xtec.cat\/iesmontbui\/eso\/eso-4\/xerrada-virtual-batxillerat-a-lins-montbui-21-05-a-les-1900h\/","title":{"rendered":"Xerrada virtual &#8220;Batxillerat a l&#8217;INS Montbui&#8221; 21\/05 a les 19:00h"},"content":{"rendered":"<p dir=\"ltr\">En aquests moments que els alumnes de 4 d&#8217;ESO estan a punt d\u2019acabar l\u2019ESO, cal anar reflexionant cap a on volen encaminar els estudis. Les darreres tutories ja han estat dedicades a orientar-los en aquest aspecte.<\/p>\n<p dir=\"ltr\">Una de les primeres decisions a prendre per anar definint l\u2019itinerari educatiu que volen seguir quan acabin 4t d\u2019ESO \u00e9s si volen fer estudis de Batxillerat o altres opcions com per exemple un cicle formatiu de grau mitj\u00e0.<\/p>\n<p dir=\"ltr\">A causa de la situaci\u00f3 d\u2019excepcionalitat en qu\u00e8 ens trobem, i donat que no podem fer-ho de forma presencial a l\u2019Institut, hem hagut de redissenyar el proc\u00e9s per acompanyar els alumnes i les fam\u00edlies en aquest moment.<\/p>\n<p dir=\"ltr\">Aix\u00ed doncs, en el cas que vulgueu cursar el batxillerat en el nostre centre, us convoquem a una reuni\u00f3 per videoconfer\u00e8ncia aquest <strong>dijous, dia 21 de maig, a les 19:00h,<\/strong> on us presentarem l\u2019oferta d\u2019itineraris de batxillerat del nostre centre. Us enviem l\u2019enlla\u00e7 a un canal de Google meet que utilitzaran les coordinadora de 4t d\u2019ESO i de batxillerat\u00a0 i membres de l\u2019equip directiu per fer aquesta videoconfer\u00e8ncia (per accedir a aquest meet \u00e9s necessari fer-ho <strong>a trav\u00e9s d\u2019un correu imontbui)<\/strong>.<\/p>\n<p dir=\"ltr\" style=\"text-align: center;\"><a href=\"http:\/\/meet.google.com\/sza-vwtg-gwx\" target=\"_blank\" rel=\"noopener noreferrer\" data-saferedirecturl=\"https:\/\/www.google.com\/url?q=http:\/\/meet.google.com\/sza-vwtg-gwx&amp;source=gmail&amp;ust=1590137820710000&amp;usg=AFQjCNHrqVzt968B0j4YXXjxdAhkmkYFHA\">meet.google.com\/sza-vwtg-gwx<\/a><\/p>\n<p dir=\"ltr\">En aquesta trobada virtual us mostrarem tamb\u00e9 el formulari de Google que utilitzarem per fer la tria de mat\u00e8ries i explicar-vos com cal omplir-lo i quin \u00e9s el termini per fer-ho. Tamb\u00e9 estarem a la vostra disposici\u00f3 per resoldre aquells dubtes que pugueu tenir!<\/p>\n","protected":false},"excerpt":{"rendered":"<p>En aquests moments que els alumnes de 4 d&#8217;ESO estan a punt d\u2019acabar l\u2019ESO, cal anar reflexionant cap a on volen encaminar els estudis. Les darreres tutories ja han estat dedicades a orientar-los en aquest aspecte.<br \/>\nUna de les primeres decisions a prendre per anar definint&hellip;  <a href=\"https:\/\/agora.xtec.cat\/iesmontbui\/eso\/eso-4\/xerrada-virtual-batxillerat-a-lins-montbui-21-05-a-les-1900h\/\" title=\"Read Xerrada virtual &#8220;Batxillerat a l&#8217;INS Montbui&#8221; 21\/05 a les 19:00h\">Llegeix m\u00e9s\u00bb<\/a><\/p>\n","protected":false},"author":1,"featured_media":4882,"comment_status":"open","ping_status":"closed","sticky":false,"template":"","format":"standard","meta":{"_bbp_topic_count":0,"_bbp_reply_count":0,"_bbp_total_topic_count":0,"_bbp_total_reply_count":0,"_bbp_voice_count":0,"_bbp_anonymous_reply_count":0,"_bbp_topic_count_hidden":0,"_bbp_reply_count_hidden":0,"_bbp_forum_subforum_count":0,"footnotes":""},"categories":[8,115,7,29],"tags":[128],"class_list":["post-4881","post","type-post","status-publish","format-standard","has-post-thumbnail","hentry","category-batxillerat","category-comunicats4","category-eso-4","category-portada","tag-batxillerat"],"post_mailing_queue_ids":[],"_links":{"self":[{"href":"https:\/\/agora.xtec.cat\/iesmontbui\/wp-json\/wp\/v2\/posts\/4881","targetHints":{"allow":["GET"]}}],"collection":[{"href":"https:\/\/agora.xtec.cat\/iesmontbui\/wp-json\/wp\/v2\/posts"}],"about":[{"href":"https:\/\/agora.xtec.cat\/iesmontbui\/wp-json\/wp\/v2\/types\/post"}],"author":[{"embeddable":true,"href":"https:\/\/agora.xtec.cat\/iesmontbui\/wp-json\/wp\/v2\/users\/1"}],"replies":[{"embeddable":true,"href":"https:\/\/agora.xtec.cat\/iesmontbui\/wp-json\/wp\/v2\/comments?post=4881"}],"version-history":[{"count":1,"href":"https:\/\/agora.xtec.cat\/iesmontbui\/wp-json\/wp\/v2\/posts\/4881\/revisions"}],"predecessor-version":[{"id":4883,"href":"https:\/\/agora.xtec.cat\/iesmontbui\/wp-json\/wp\/v2\/posts\/4881\/revisions\/4883"}],"wp:featuredmedia":[{"embeddable":true,"href":"https:\/\/agora.xtec.cat\/iesmontbui\/wp-json\/wp\/v2\/media\/4882"}],"wp:attachment":[{"href":"https:\/\/agora.xtec.cat\/iesmontbui\/wp-json\/wp\/v2\/media?parent=4881"}],"wp:term":[{"taxonomy":"category","embeddable":true,"href":"https:\/\/agora.xtec.cat\/iesmontbui\/wp-json\/wp\/v2\/categories?post=4881"},{"taxonomy":"post_tag","embeddable":true,"href":"https:\/\/agora.xtec.cat\/iesmontbui\/wp-json\/wp\/v2\/tags?post=4881"}],"curies":[{"name":"wp","href":"https:\/\/api.w.org\/{rel}","templated":true}]}}