{"id":4789,"date":"2020-05-06T13:58:43","date_gmt":"2020-05-06T11:58:43","guid":{"rendered":"https:\/\/agora.xtec.cat\/iesmontbui\/?p=4789"},"modified":"2020-05-07T01:14:46","modified_gmt":"2020-05-06T23:14:46","slug":"neix-radio-confinament-primer-programa","status":"publish","type":"post","link":"https:\/\/agora.xtec.cat\/iesmontbui\/general\/neix-radio-confinament-primer-programa\/","title":{"rendered":"Neix R\u00e0dio Confinament! Escolta el primer programa!"},"content":{"rendered":"<p>Des del confinament causat per la COVID-19, l&#8217;alumnat de l&#8217;Institut Montbui crea &#8220;R\u00e0dio Confinament&#8221;, un programa de &#8220;r\u00e0dio visual&#8221; amb entrevistes, actualitat i m\u00fasica. En aquest primer programa, presentat pels alumnes de 4t d&#8217;ESO Shaiel del Pino Espeleta i Joel Sus\u00edn Anguiano, parlem amb la directora del centre Eva Raich i amb l&#8217;alcalde de Santa Margarida de Montbui, Jes\u00fas Miguel &#8216;Schummi&#8217; Ju\u00e1rez.<\/p>\n<p>A m\u00e9s, al primer programa no hi falten els moments musicals proposats per l&#8217;alumnat que est\u00e0 cursant l&#8217;optativa de Comunicaci\u00f3 de 3r d&#8217;ESO. I per acabar, es compta amb la col\u00b7laboraci\u00f3 especial d&#8217;una ve\u00efna del municipi que troba a faltar els seus estius a Andalusia.<\/p>\n<p>La diversi\u00f3 est\u00e0 assegurada! Te&#8217;l perdr\u00e0s? Ja el pots veure aqu\u00ed i tamb\u00e9 al canal de YouTube del centre!<\/p>\n<p><iframe loading=\"lazy\" src=\"https:\/\/www.youtube.com\/embed\/dPK2wC7Ec5s\" width=\"560\" height=\"315\" frameborder=\"0\"><\/iframe><\/p>\n<p>&nbsp;<\/p>\n","protected":false},"excerpt":{"rendered":"<p>Des del confinament causat per la COVID-19, l&#8217;alumnat de l&#8217;Institut Montbui crea &#8220;R\u00e0dio Confinament&#8221;, un programa de &#8220;r\u00e0dio visual&#8221; amb entrevistes, actualitat i m\u00fasica. En aquest primer programa, presentat pels alumnes de 4t d&#8217;ESO Shaiel del Pino Espeleta i Joel Sus\u00edn Anguiano, parlem amb la&hellip;  <a href=\"https:\/\/agora.xtec.cat\/iesmontbui\/general\/neix-radio-confinament-primer-programa\/\" title=\"Read Neix R\u00e0dio Confinament! Escolta el primer programa!\">Llegeix m\u00e9s\u00bb<\/a><\/p>\n","protected":false},"author":1,"featured_media":4790,"comment_status":"open","ping_status":"closed","sticky":false,"template":"","format":"standard","meta":{"_bbp_topic_count":0,"_bbp_reply_count":0,"_bbp_total_topic_count":0,"_bbp_total_reply_count":0,"_bbp_voice_count":0,"_bbp_anonymous_reply_count":0,"_bbp_topic_count_hidden":0,"_bbp_reply_count_hidden":0,"_bbp_forum_subforum_count":0,"footnotes":""},"categories":[1,29,324],"tags":[210,195,245],"class_list":["post-4789","post","type-post","status-publish","format-standard","has-post-thumbnail","hentry","category-general","category-portada","category-radio","tag-comunicacio","tag-eso","tag-radio"],"post_mailing_queue_ids":[],"_links":{"self":[{"href":"https:\/\/agora.xtec.cat\/iesmontbui\/wp-json\/wp\/v2\/posts\/4789","targetHints":{"allow":["GET"]}}],"collection":[{"href":"https:\/\/agora.xtec.cat\/iesmontbui\/wp-json\/wp\/v2\/posts"}],"about":[{"href":"https:\/\/agora.xtec.cat\/iesmontbui\/wp-json\/wp\/v2\/types\/post"}],"author":[{"embeddable":true,"href":"https:\/\/agora.xtec.cat\/iesmontbui\/wp-json\/wp\/v2\/users\/1"}],"replies":[{"embeddable":true,"href":"https:\/\/agora.xtec.cat\/iesmontbui\/wp-json\/wp\/v2\/comments?post=4789"}],"version-history":[{"count":3,"href":"https:\/\/agora.xtec.cat\/iesmontbui\/wp-json\/wp\/v2\/posts\/4789\/revisions"}],"predecessor-version":[{"id":4804,"href":"https:\/\/agora.xtec.cat\/iesmontbui\/wp-json\/wp\/v2\/posts\/4789\/revisions\/4804"}],"wp:featuredmedia":[{"embeddable":true,"href":"https:\/\/agora.xtec.cat\/iesmontbui\/wp-json\/wp\/v2\/media\/4790"}],"wp:attachment":[{"href":"https:\/\/agora.xtec.cat\/iesmontbui\/wp-json\/wp\/v2\/media?parent=4789"}],"wp:term":[{"taxonomy":"category","embeddable":true,"href":"https:\/\/agora.xtec.cat\/iesmontbui\/wp-json\/wp\/v2\/categories?post=4789"},{"taxonomy":"post_tag","embeddable":true,"href":"https:\/\/agora.xtec.cat\/iesmontbui\/wp-json\/wp\/v2\/tags?post=4789"}],"curies":[{"name":"wp","href":"https:\/\/api.w.org\/{rel}","templated":true}]}}