{"id":4599,"date":"2020-03-19T18:19:31","date_gmt":"2020-03-19T17:19:31","guid":{"rendered":"https:\/\/agora.xtec.cat\/iesmontbui\/?p=4599"},"modified":"2020-03-19T18:23:50","modified_gmt":"2020-03-19T17:23:50","slug":"first-lego-league-igualada","status":"publish","type":"post","link":"https:\/\/agora.xtec.cat\/iesmontbui\/general\/first-lego-league-igualada\/","title":{"rendered":"Participaci\u00f3 a la First Lego League d&#8217;Igualada"},"content":{"rendered":"<p>El passat dissabte dia 7 de mar\u00e7, un grup de deu alumnes del projecte Rob\u00f2tica de 3r d&#8217;ESO va participar a la First Lego League d&#8217;Igualada.<\/p>\n<p>Divuit equips de diferents centres i de diferents parts del territori es van aplegar al Campus Igualada-UdL, on es va celebrar la competici\u00f3.<\/p>\n<p>Els alumnes, sota el nom dels Jony&#8217;s i juntament amb el seu entrenador Joan Caball\u00e9, van presentar el seu projecte d&#8217;innovaci\u00f3 davant d&#8217;un jurat. L&#8217;equip va exposar possibles solucions per recuperar i donar \u00fas als edificis abandonats del municipi de Santa Margarida de Montbui. Tot seguit van realitzar tres rondes classificat\u00f2ries en qu\u00e8 van posar a prova el robot que havien estat construint, programant i perfeccionant al llarg dels \u00faltims mesos.<\/p>\n<p>L&#8217;experi\u00e8ncia va ser molt gratificant i els alumnes van gaudir-ho de valent. Ara caldr\u00e0 esperar la propera missi\u00f3 per part de l&#8217;organitzaci\u00f3 per seguir treballant! Ll\u00e0stima, per\u00f2, que fins al setembre del 2020 no ens la descobriran!<\/p>\n\n\t\t<style type=\"text\/css\">\n\t\t\t#gallery-1 {\n\t\t\t\tmargin: auto;\n\t\t\t}\n\t\t\t#gallery-1 .gallery-item {\n\t\t\t\tfloat: left;\n\t\t\t\tmargin-top: 10px;\n\t\t\t\ttext-align: center;\n\t\t\t\twidth: 50%;\n\t\t\t}\n\t\t\t#gallery-1 img {\n\t\t\t\tborder: 2px solid #cfcfcf;\n\t\t\t}\n\t\t\t#gallery-1 .gallery-caption {\n\t\t\t\tmargin-left: 0;\n\t\t\t}\n\t\t\t\/* see gallery_shortcode() in wp-includes\/media.php *\/\n\t\t<\/style>\n\t\t<div id='gallery-1' class='gallery galleryid-4599 gallery-columns-2 gallery-size-medium'><dl class='gallery-item'>\n\t\t\t<dt class='gallery-icon landscape'>\n\t\t\t\t<a href='https:\/\/agora.xtec.cat\/iesmontbui\/general\/first-lego-league-igualada\/attachment\/20200307_093616_web\/'><img loading=\"lazy\" decoding=\"async\" width=\"300\" height=\"225\" src=\"https:\/\/agora.xtec.cat\/iesmontbui\/wp-content\/uploads\/usu145\/2020\/03\/20200307_093616_web-300x225.jpg\" class=\"attachment-medium size-medium\" alt=\"\" srcset=\"https:\/\/agora.xtec.cat\/iesmontbui\/wp-content\/uploads\/usu145\/2020\/03\/20200307_093616_web-300x225.jpg 300w, https:\/\/agora.xtec.cat\/iesmontbui\/wp-content\/uploads\/usu145\/2020\/03\/20200307_093616_web-768x576.jpg 768w, https:\/\/agora.xtec.cat\/iesmontbui\/wp-content\/uploads\/usu145\/2020\/03\/20200307_093616_web-200x150.jpg 200w, https:\/\/agora.xtec.cat\/iesmontbui\/wp-content\/uploads\/usu145\/2020\/03\/20200307_093616_web.jpg 964w\" sizes=\"auto, (max-width: 300px) 100vw, 300px\" \/><\/a>\n\t\t\t<\/dt><\/dl><dl class='gallery-item'>\n\t\t\t<dt class='gallery-icon landscape'>\n\t\t\t\t<a href='https:\/\/agora.xtec.cat\/iesmontbui\/general\/first-lego-league-igualada\/attachment\/rbt\/'><img loading=\"lazy\" decoding=\"async\" width=\"300\" height=\"169\" src=\"https:\/\/agora.xtec.cat\/iesmontbui\/wp-content\/uploads\/usu145\/2020\/03\/JOONYS_WEB-300x169.jpg\" class=\"attachment-medium size-medium\" alt=\"\" srcset=\"https:\/\/agora.xtec.cat\/iesmontbui\/wp-content\/uploads\/usu145\/2020\/03\/JOONYS_WEB-300x169.jpg 300w, https:\/\/agora.xtec.cat\/iesmontbui\/wp-content\/uploads\/usu145\/2020\/03\/JOONYS_WEB-768x433.jpg 768w, https:\/\/agora.xtec.cat\/iesmontbui\/wp-content\/uploads\/usu145\/2020\/03\/JOONYS_WEB-1024x578.jpg 1024w, https:\/\/agora.xtec.cat\/iesmontbui\/wp-content\/uploads\/usu145\/2020\/03\/JOONYS_WEB.jpg 1106w\" sizes=\"auto, (max-width: 300px) 100vw, 300px\" \/><\/a>\n\t\t\t<\/dt><\/dl><br style=\"clear: both\" \/><dl class='gallery-item'>\n\t\t\t<dt class='gallery-icon portrait'>\n\t\t\t\t<a href='https:\/\/agora.xtec.cat\/iesmontbui\/general\/first-lego-league-igualada\/attachment\/20200307_084301-web\/'><img loading=\"lazy\" decoding=\"async\" width=\"225\" height=\"300\" src=\"https:\/\/agora.xtec.cat\/iesmontbui\/wp-content\/uploads\/usu145\/2020\/03\/20200307_084301-web-225x300.jpg\" class=\"attachment-medium size-medium\" alt=\"\" srcset=\"https:\/\/agora.xtec.cat\/iesmontbui\/wp-content\/uploads\/usu145\/2020\/03\/20200307_084301-web-225x300.jpg 225w, https:\/\/agora.xtec.cat\/iesmontbui\/wp-content\/uploads\/usu145\/2020\/03\/20200307_084301-web.jpg 709w\" sizes=\"auto, (max-width: 225px) 100vw, 225px\" \/><\/a>\n\t\t\t<\/dt><\/dl><dl class='gallery-item'>\n\t\t\t<dt class='gallery-icon landscape'>\n\t\t\t\t<a href='https:\/\/agora.xtec.cat\/iesmontbui\/general\/first-lego-league-igualada\/attachment\/20200307_133341_web\/'><img loading=\"lazy\" decoding=\"async\" width=\"300\" height=\"225\" src=\"https:\/\/agora.xtec.cat\/iesmontbui\/wp-content\/uploads\/usu145\/2020\/03\/20200307_133341_web-300x225.jpg\" class=\"attachment-medium size-medium\" alt=\"\" srcset=\"https:\/\/agora.xtec.cat\/iesmontbui\/wp-content\/uploads\/usu145\/2020\/03\/20200307_133341_web-300x225.jpg 300w, https:\/\/agora.xtec.cat\/iesmontbui\/wp-content\/uploads\/usu145\/2020\/03\/20200307_133341_web-768x576.jpg 768w, https:\/\/agora.xtec.cat\/iesmontbui\/wp-content\/uploads\/usu145\/2020\/03\/20200307_133341_web-200x150.jpg 200w, https:\/\/agora.xtec.cat\/iesmontbui\/wp-content\/uploads\/usu145\/2020\/03\/20200307_133341_web.jpg 964w\" sizes=\"auto, (max-width: 300px) 100vw, 300px\" \/><\/a>\n\t\t\t<\/dt><\/dl><br style=\"clear: both\" \/><dl class='gallery-item'>\n\t\t\t<dt class='gallery-icon landscape'>\n\t\t\t\t<a href='https:\/\/agora.xtec.cat\/iesmontbui\/general\/first-lego-league-igualada\/attachment\/flllogo2\/'><img loading=\"lazy\" decoding=\"async\" width=\"300\" height=\"109\" src=\"https:\/\/agora.xtec.cat\/iesmontbui\/wp-content\/uploads\/usu145\/2020\/03\/FLLLogo2-300x109.png\" class=\"attachment-medium size-medium\" alt=\"\" srcset=\"https:\/\/agora.xtec.cat\/iesmontbui\/wp-content\/uploads\/usu145\/2020\/03\/FLLLogo2-300x109.png 300w, https:\/\/agora.xtec.cat\/iesmontbui\/wp-content\/uploads\/usu145\/2020\/03\/FLLLogo2-768x279.png 768w, https:\/\/agora.xtec.cat\/iesmontbui\/wp-content\/uploads\/usu145\/2020\/03\/FLLLogo2-1024x372.png 1024w, https:\/\/agora.xtec.cat\/iesmontbui\/wp-content\/uploads\/usu145\/2020\/03\/FLLLogo2.png 1645w\" sizes=\"auto, (max-width: 300px) 100vw, 300px\" \/><\/a>\n\t\t\t<\/dt><\/dl>\n\t\t\t<br style='clear: both' \/>\n\t\t<\/div>\n\n<h1 class=\"entry-title\"><\/h1>\n","protected":false},"excerpt":{"rendered":"<p>El passat dissabte dia 7 de mar\u00e7, un grup de deu alumnes del projecte Rob\u00f2tica de 3r d&#8217;ESO va participar a la First Lego League d&#8217;Igualada.<br \/>\nDivuit equips de diferents centres i de diferents parts del territori es van aplegar al Campus Igualada-UdL, on es va&hellip;  <a href=\"https:\/\/agora.xtec.cat\/iesmontbui\/general\/first-lego-league-igualada\/\" title=\"Read Participaci\u00f3 a la First Lego League d&#8217;Igualada\">Llegeix m\u00e9s\u00bb<\/a><\/p>\n","protected":false},"author":59,"featured_media":4612,"comment_status":"open","ping_status":"closed","sticky":false,"template":"","format":"standard","meta":{"_bbp_topic_count":0,"_bbp_reply_count":0,"_bbp_total_topic_count":0,"_bbp_total_reply_count":0,"_bbp_voice_count":0,"_bbp_anonymous_reply_count":0,"_bbp_topic_count_hidden":0,"_bbp_reply_count_hidden":0,"_bbp_forum_subforum_count":0,"footnotes":""},"categories":[122,1,29],"tags":[],"class_list":["post-4599","post","type-post","status-publish","format-standard","has-post-thumbnail","hentry","category-deptecno","category-general","category-portada"],"post_mailing_queue_ids":[],"_links":{"self":[{"href":"https:\/\/agora.xtec.cat\/iesmontbui\/wp-json\/wp\/v2\/posts\/4599","targetHints":{"allow":["GET"]}}],"collection":[{"href":"https:\/\/agora.xtec.cat\/iesmontbui\/wp-json\/wp\/v2\/posts"}],"about":[{"href":"https:\/\/agora.xtec.cat\/iesmontbui\/wp-json\/wp\/v2\/types\/post"}],"author":[{"embeddable":true,"href":"https:\/\/agora.xtec.cat\/iesmontbui\/wp-json\/wp\/v2\/users\/59"}],"replies":[{"embeddable":true,"href":"https:\/\/agora.xtec.cat\/iesmontbui\/wp-json\/wp\/v2\/comments?post=4599"}],"version-history":[{"count":3,"href":"https:\/\/agora.xtec.cat\/iesmontbui\/wp-json\/wp\/v2\/posts\/4599\/revisions"}],"predecessor-version":[{"id":4622,"href":"https:\/\/agora.xtec.cat\/iesmontbui\/wp-json\/wp\/v2\/posts\/4599\/revisions\/4622"}],"wp:featuredmedia":[{"embeddable":true,"href":"https:\/\/agora.xtec.cat\/iesmontbui\/wp-json\/wp\/v2\/media\/4612"}],"wp:attachment":[{"href":"https:\/\/agora.xtec.cat\/iesmontbui\/wp-json\/wp\/v2\/media?parent=4599"}],"wp:term":[{"taxonomy":"category","embeddable":true,"href":"https:\/\/agora.xtec.cat\/iesmontbui\/wp-json\/wp\/v2\/categories?post=4599"},{"taxonomy":"post_tag","embeddable":true,"href":"https:\/\/agora.xtec.cat\/iesmontbui\/wp-json\/wp\/v2\/tags?post=4599"}],"curies":[{"name":"wp","href":"https:\/\/api.w.org\/{rel}","templated":true}]}}