{"id":4496,"date":"2020-03-11T20:27:56","date_gmt":"2020-03-11T19:27:56","guid":{"rendered":"https:\/\/agora.xtec.cat\/iesmontbui\/?p=4496"},"modified":"2020-03-09T20:39:05","modified_gmt":"2020-03-09T19:39:05","slug":"ens-visita-lescriptor-sabadellenc-roc-casagran","status":"publish","type":"post","link":"https:\/\/agora.xtec.cat\/iesmontbui\/general\/ens-visita-lescriptor-sabadellenc-roc-casagran\/","title":{"rendered":"Ens visita l&#8217;escriptor sabadellenc Roc Casagran"},"content":{"rendered":"<p>El passat dimarts 3 de mar\u00e7 vam rebre la visita de l&#8217;escriptor i poeta sabadellenc Roc Casagran. Alguns alumnes van en\u00e7atar la sessi\u00f3 fent una acurada presentaci\u00f3 sobre l&#8217;autor, el qual\u00a0combina la feina d&#8217;escriptor i professor de llengua i literatura catalanes a secund\u00e0ria.<\/p>\n<p>L&#8217;alumnat de 4t d&#8217;ESO ha llegit durant el segon trimestre la seva obra <em>L&#8217;amor fora de mapa<\/em> a l&#8217;assignatura de catal\u00e0, una de les obres m\u00e9s destacades de l&#8217;autor.<\/p>\n<p>Al llarg de la xerrada, que va durar una hora, li vam poder realitzar diverses preguntes que ens van permetre descobrir moltes coses que ens hav\u00edem anat q\u00fcestionant al llarg de la novel\u00b7la, que, curiosament, combina la narrativa i la poesia.<\/p>\n<p>Roc Casagran, amb <em>L&#8217;amor fora de mapa<\/em>, ens va donar un punt de vista diferent a les convencions establertes per la societat sobre l&#8217;amor. Aix\u00ed, hem pogut con\u00e8ixer una forma d&#8217;estimar potser poc coneguda: el poliamor. Creieu que \u00e9s possible?<\/p>\n<p>Estem molt contents i contentes de la visita d&#8217;en Roc, ja que tenir la possibilitat de parlar amb l&#8217;autor d&#8217;una novel\u00b7la que hem llegit a classe ens permet aprofundir i enriquir molt m\u00e9s la nostra lectura.<\/p>\n<p style=\"text-align: right;\">Departament de Lleng\u00fces<\/p>\n\n\t\t<style type=\"text\/css\">\n\t\t\t#gallery-1 {\n\t\t\t\tmargin: auto;\n\t\t\t}\n\t\t\t#gallery-1 .gallery-item {\n\t\t\t\tfloat: left;\n\t\t\t\tmargin-top: 10px;\n\t\t\t\ttext-align: center;\n\t\t\t\twidth: 50%;\n\t\t\t}\n\t\t\t#gallery-1 img {\n\t\t\t\tborder: 2px solid #cfcfcf;\n\t\t\t}\n\t\t\t#gallery-1 .gallery-caption {\n\t\t\t\tmargin-left: 0;\n\t\t\t}\n\t\t\t\/* see gallery_shortcode() in wp-includes\/media.php *\/\n\t\t<\/style>\n\t\t<div id='gallery-1' class='gallery galleryid-4496 gallery-columns-2 gallery-size-medium'><dl class='gallery-item'>\n\t\t\t<dt class='gallery-icon portrait'>\n\t\t\t\t<a href='https:\/\/agora.xtec.cat\/iesmontbui\/general\/ens-visita-lescriptor-sabadellenc-roc-casagran\/attachment\/img_3046\/'><img loading=\"lazy\" decoding=\"async\" width=\"225\" height=\"300\" src=\"https:\/\/agora.xtec.cat\/iesmontbui\/wp-content\/uploads\/usu145\/2020\/03\/IMG_3046-225x300.jpg\" class=\"attachment-medium size-medium\" alt=\"\" srcset=\"https:\/\/agora.xtec.cat\/iesmontbui\/wp-content\/uploads\/usu145\/2020\/03\/IMG_3046-225x300.jpg 225w, https:\/\/agora.xtec.cat\/iesmontbui\/wp-content\/uploads\/usu145\/2020\/03\/IMG_3046-768x1024.jpg 768w\" sizes=\"auto, (max-width: 225px) 100vw, 225px\" \/><\/a>\n\t\t\t<\/dt><\/dl><dl class='gallery-item'>\n\t\t\t<dt class='gallery-icon portrait'>\n\t\t\t\t<a href='https:\/\/agora.xtec.cat\/iesmontbui\/general\/ens-visita-lescriptor-sabadellenc-roc-casagran\/attachment\/img_3053\/'><img loading=\"lazy\" decoding=\"async\" width=\"225\" height=\"300\" src=\"https:\/\/agora.xtec.cat\/iesmontbui\/wp-content\/uploads\/usu145\/2020\/03\/IMG_3053-225x300.jpg\" class=\"attachment-medium size-medium\" alt=\"\" srcset=\"https:\/\/agora.xtec.cat\/iesmontbui\/wp-content\/uploads\/usu145\/2020\/03\/IMG_3053-225x300.jpg 225w, https:\/\/agora.xtec.cat\/iesmontbui\/wp-content\/uploads\/usu145\/2020\/03\/IMG_3053-768x1024.jpg 768w\" sizes=\"auto, (max-width: 225px) 100vw, 225px\" \/><\/a>\n\t\t\t<\/dt><\/dl><br style=\"clear: both\" \/><dl class='gallery-item'>\n\t\t\t<dt class='gallery-icon landscape'>\n\t\t\t\t<a href='https:\/\/agora.xtec.cat\/iesmontbui\/general\/ens-visita-lescriptor-sabadellenc-roc-casagran\/attachment\/img_3050\/'><img loading=\"lazy\" decoding=\"async\" width=\"300\" height=\"225\" src=\"https:\/\/agora.xtec.cat\/iesmontbui\/wp-content\/uploads\/usu145\/2020\/03\/IMG_3050-300x225.jpg\" class=\"attachment-medium size-medium\" alt=\"\" srcset=\"https:\/\/agora.xtec.cat\/iesmontbui\/wp-content\/uploads\/usu145\/2020\/03\/IMG_3050-300x225.jpg 300w, https:\/\/agora.xtec.cat\/iesmontbui\/wp-content\/uploads\/usu145\/2020\/03\/IMG_3050-768x576.jpg 768w, https:\/\/agora.xtec.cat\/iesmontbui\/wp-content\/uploads\/usu145\/2020\/03\/IMG_3050-1024x768.jpg 1024w, https:\/\/agora.xtec.cat\/iesmontbui\/wp-content\/uploads\/usu145\/2020\/03\/IMG_3050-200x150.jpg 200w\" sizes=\"auto, (max-width: 300px) 100vw, 300px\" \/><\/a>\n\t\t\t<\/dt><\/dl><dl class='gallery-item'>\n\t\t\t<dt class='gallery-icon landscape'>\n\t\t\t\t<a href='https:\/\/agora.xtec.cat\/iesmontbui\/general\/ens-visita-lescriptor-sabadellenc-roc-casagran\/attachment\/img_3043\/'><img loading=\"lazy\" decoding=\"async\" width=\"300\" height=\"225\" src=\"https:\/\/agora.xtec.cat\/iesmontbui\/wp-content\/uploads\/usu145\/2020\/03\/IMG_3043-300x225.jpg\" class=\"attachment-medium size-medium\" alt=\"\" srcset=\"https:\/\/agora.xtec.cat\/iesmontbui\/wp-content\/uploads\/usu145\/2020\/03\/IMG_3043-300x225.jpg 300w, https:\/\/agora.xtec.cat\/iesmontbui\/wp-content\/uploads\/usu145\/2020\/03\/IMG_3043-768x576.jpg 768w, https:\/\/agora.xtec.cat\/iesmontbui\/wp-content\/uploads\/usu145\/2020\/03\/IMG_3043-1024x768.jpg 1024w, https:\/\/agora.xtec.cat\/iesmontbui\/wp-content\/uploads\/usu145\/2020\/03\/IMG_3043-200x150.jpg 200w\" sizes=\"auto, (max-width: 300px) 100vw, 300px\" \/><\/a>\n\t\t\t<\/dt><\/dl><br style=\"clear: both\" \/>\n\t\t<\/div>\n\n","protected":false},"excerpt":{"rendered":"<p>El passat dimarts 3 de mar\u00e7 vam rebre la visita de l&#8217;escriptor i poeta sabadellenc Roc Casagran. Alguns alumnes van en\u00e7atar la sessi\u00f3 fent una acurada presentaci\u00f3 sobre l&#8217;autor, el qual\u00a0combina la feina d&#8217;escriptor i professor de llengua i literatura catalanes a secund\u00e0ria.<br \/>\nL&#8217;alumnat de 4t&hellip;  <a href=\"https:\/\/agora.xtec.cat\/iesmontbui\/general\/ens-visita-lescriptor-sabadellenc-roc-casagran\/\" title=\"Read Ens visita l&#8217;escriptor sabadellenc Roc Casagran\">Llegeix m\u00e9s\u00bb<\/a><\/p>\n","protected":false},"author":66,"featured_media":4502,"comment_status":"open","ping_status":"closed","sticky":false,"template":"","format":"standard","meta":{"_bbp_topic_count":0,"_bbp_reply_count":0,"_bbp_total_topic_count":0,"_bbp_total_reply_count":0,"_bbp_voice_count":0,"_bbp_anonymous_reply_count":0,"_bbp_topic_count_hidden":0,"_bbp_reply_count_hidden":0,"_bbp_forum_subforum_count":0,"footnotes":""},"categories":[1,29],"tags":[281,297,219,178,295,176,177,296],"class_list":["post-4496","post","type-post","status-publish","format-standard","has-post-thumbnail","hentry","category-general","category-portada","tag-4t-eso","tag-escriptor","tag-lectura","tag-literatura","tag-narrativa","tag-pla-lector","tag-poesia","tag-roc-casagran"],"post_mailing_queue_ids":[],"_links":{"self":[{"href":"https:\/\/agora.xtec.cat\/iesmontbui\/wp-json\/wp\/v2\/posts\/4496","targetHints":{"allow":["GET"]}}],"collection":[{"href":"https:\/\/agora.xtec.cat\/iesmontbui\/wp-json\/wp\/v2\/posts"}],"about":[{"href":"https:\/\/agora.xtec.cat\/iesmontbui\/wp-json\/wp\/v2\/types\/post"}],"author":[{"embeddable":true,"href":"https:\/\/agora.xtec.cat\/iesmontbui\/wp-json\/wp\/v2\/users\/66"}],"replies":[{"embeddable":true,"href":"https:\/\/agora.xtec.cat\/iesmontbui\/wp-json\/wp\/v2\/comments?post=4496"}],"version-history":[{"count":2,"href":"https:\/\/agora.xtec.cat\/iesmontbui\/wp-json\/wp\/v2\/posts\/4496\/revisions"}],"predecessor-version":[{"id":4503,"href":"https:\/\/agora.xtec.cat\/iesmontbui\/wp-json\/wp\/v2\/posts\/4496\/revisions\/4503"}],"wp:featuredmedia":[{"embeddable":true,"href":"https:\/\/agora.xtec.cat\/iesmontbui\/wp-json\/wp\/v2\/media\/4502"}],"wp:attachment":[{"href":"https:\/\/agora.xtec.cat\/iesmontbui\/wp-json\/wp\/v2\/media?parent=4496"}],"wp:term":[{"taxonomy":"category","embeddable":true,"href":"https:\/\/agora.xtec.cat\/iesmontbui\/wp-json\/wp\/v2\/categories?post=4496"},{"taxonomy":"post_tag","embeddable":true,"href":"https:\/\/agora.xtec.cat\/iesmontbui\/wp-json\/wp\/v2\/tags?post=4496"}],"curies":[{"name":"wp","href":"https:\/\/api.w.org\/{rel}","templated":true}]}}