{"id":4489,"date":"2020-03-10T20:00:34","date_gmt":"2020-03-10T19:00:34","guid":{"rendered":"https:\/\/agora.xtec.cat\/iesmontbui\/?p=4489"},"modified":"2020-03-09T20:24:21","modified_gmt":"2020-03-09T19:24:21","slug":"presentacio-del-projecte-gep-al-departament-deducacio","status":"publish","type":"post","link":"https:\/\/agora.xtec.cat\/iesmontbui\/general\/presentacio-del-projecte-gep-al-departament-deducacio\/","title":{"rendered":"Presentaci\u00f3 del projecte GEP al Departament d&#8217;Educaci\u00f3"},"content":{"rendered":"<p>El passat dijous 5 de mar\u00e7 va tenir lloc als Serveis Territorials de la Catalunya Central, una sessi\u00f3 informativa sobre els programes d&#8217;innovaci\u00f3 de lleng\u00fces que organitza el Departament d&#8217;Educaci\u00f3.<\/p>\n<p>Una delegaci\u00f3 de l&#8217;equip impulsor del Programa GEP del nostre centre va col\u00b7laborar a la sessi\u00f3 i va poder compartir la seva experi\u00e8ncia amb altres docents.<\/p>\n<p>A la trobada s&#8217;hi van posar en com\u00fa els objectius del programa, els canvis organitzatius i metodol\u00f2gics que s&#8217;han dut a terme per permetre la implementaci\u00f3 del GEP al centre i les activitats realitzades en les mat\u00e8ries de Ci\u00e8ncies Experimentals, Educaci\u00f3 F\u00edsica, Matem\u00e0tiques, Tecnologia i Inform\u00e0tica. Finalment, es va valorar molt positivament la formaci\u00f3 rebuda pels docents i l&#8217;impacte del GEP al nostre institut, el qual ha estat molt ben rebut pel nostre alumnat participant el primer any del programa.<\/p>\n","protected":false},"excerpt":{"rendered":"<p>El passat dijous 5 de mar\u00e7 va tenir lloc als Serveis Territorials de la Catalunya Central, una sessi\u00f3 informativa sobre els programes d&#8217;innovaci\u00f3 de lleng\u00fces que organitza el Departament d&#8217;Educaci\u00f3.<br \/>\nUna delegaci\u00f3 de l&#8217;equip impulsor del Programa GEP del nostre centre va col\u00b7laborar a la sessi\u00f3&hellip;  <a href=\"https:\/\/agora.xtec.cat\/iesmontbui\/general\/presentacio-del-projecte-gep-al-departament-deducacio\/\" title=\"Read Presentaci\u00f3 del projecte GEP al Departament d&#8217;Educaci\u00f3\">Llegeix m\u00e9s\u00bb<\/a><\/p>\n","protected":false},"author":53,"featured_media":4494,"comment_status":"open","ping_status":"closed","sticky":false,"template":"","format":"standard","meta":{"_bbp_topic_count":0,"_bbp_reply_count":0,"_bbp_total_topic_count":0,"_bbp_total_reply_count":0,"_bbp_voice_count":0,"_bbp_anonymous_reply_count":0,"_bbp_topic_count_hidden":0,"_bbp_reply_count_hidden":0,"_bbp_forum_subforum_count":0,"footnotes":""},"categories":[1,29],"tags":[293,294,133],"class_list":["post-4489","post","type-post","status-publish","format-standard","has-post-thumbnail","hentry","category-general","category-portada","tag-departament-deducacio","tag-gep","tag-projectes"],"post_mailing_queue_ids":[],"_links":{"self":[{"href":"https:\/\/agora.xtec.cat\/iesmontbui\/wp-json\/wp\/v2\/posts\/4489","targetHints":{"allow":["GET"]}}],"collection":[{"href":"https:\/\/agora.xtec.cat\/iesmontbui\/wp-json\/wp\/v2\/posts"}],"about":[{"href":"https:\/\/agora.xtec.cat\/iesmontbui\/wp-json\/wp\/v2\/types\/post"}],"author":[{"embeddable":true,"href":"https:\/\/agora.xtec.cat\/iesmontbui\/wp-json\/wp\/v2\/users\/53"}],"replies":[{"embeddable":true,"href":"https:\/\/agora.xtec.cat\/iesmontbui\/wp-json\/wp\/v2\/comments?post=4489"}],"version-history":[{"count":3,"href":"https:\/\/agora.xtec.cat\/iesmontbui\/wp-json\/wp\/v2\/posts\/4489\/revisions"}],"predecessor-version":[{"id":4493,"href":"https:\/\/agora.xtec.cat\/iesmontbui\/wp-json\/wp\/v2\/posts\/4489\/revisions\/4493"}],"wp:featuredmedia":[{"embeddable":true,"href":"https:\/\/agora.xtec.cat\/iesmontbui\/wp-json\/wp\/v2\/media\/4494"}],"wp:attachment":[{"href":"https:\/\/agora.xtec.cat\/iesmontbui\/wp-json\/wp\/v2\/media?parent=4489"}],"wp:term":[{"taxonomy":"category","embeddable":true,"href":"https:\/\/agora.xtec.cat\/iesmontbui\/wp-json\/wp\/v2\/categories?post=4489"},{"taxonomy":"post_tag","embeddable":true,"href":"https:\/\/agora.xtec.cat\/iesmontbui\/wp-json\/wp\/v2\/tags?post=4489"}],"curies":[{"name":"wp","href":"https:\/\/api.w.org\/{rel}","templated":true}]}}