{"id":4370,"date":"2020-02-27T12:30:15","date_gmt":"2020-02-27T11:30:15","guid":{"rendered":"https:\/\/agora.xtec.cat\/iesmontbui\/?p=4370"},"modified":"2020-02-26T08:31:21","modified_gmt":"2020-02-26T07:31:21","slug":"premi-a-lolimpiada-de-filosofia-de-catalunya","status":"publish","type":"post","link":"https:\/\/agora.xtec.cat\/iesmontbui\/general\/premi-a-lolimpiada-de-filosofia-de-catalunya\/","title":{"rendered":"Dos premis a l&#8217;Olimp\u00edada de Filosofia de Catalunya"},"content":{"rendered":"<p>El passat dia 13 de febrer, alguns alumnes de 1r i 2n de batxillerat, van participar a la VII Olimp\u00edada de Filosofia, una proposta per a alumnes de secund\u00e0ria dels centres educatius de Catalunya promoguda per la Societat Catalana de Filosofia, amb el suport de la Facultat de Filosofia de la UB i del Centre de Cultura Contempor\u00e0nia de Barcelona, i organitzada per professorat de filosofia de secund\u00e0ria.<\/p>\n<p>El tema de l\u2019Olimp\u00edada de Filosofia 2020 era \u00abEl poder del mite\u00bb.\u00a0Aix\u00ed, del nostre centre, van participar les alumnes de 1r i 2n de batxillerat, J\u00e9ssica del Pino, Mar Gonz\u00e1lez, \u00c8lia Fern\u00e1ndez i Nerea Fern\u00e1ndez, juntament amb l\u2019alumnat que cursa l\u2019optativa de filosofia a 4t ESO, Shaiel Del Pino, Naiara Pastor, Joel Susin, Isabel Guirado, Angel Puga, Yagouba Diallo, Jessica Carreras i Nerea Sanjuan. Podien participar en les seg\u00fcents modalitats: fotografia filos\u00f2fica o v\u00eddeo filos\u00f2fic, dilema moral i dissertaci\u00f3.<\/p>\n<p>En l\u2019\u00e0mbit digital, els alumnes havien d\u2019elaborar una fotografia o un v\u00eddeo on aparegu\u00e9s una pregunta que et fes reflexionar a partir del que veus. Per altra banda, els concursants de la prova escrita havien de desenvolupar un text argumentatiu a partir de la pregunta o una hist\u00f2ria donada in situ.<\/p>\n<p>Les alumnes de batxillerat tenien la dificultat de realitzar la dissertaci\u00f3 amb nom\u00e9s una pregunta i els seus propis coneixements treballats a classe. En canvi, les alumnes que havien de resoldre un dilema moral tenien l\u2019ajuda d\u2019una hist\u00f2ria on es plantejava un problema i s\u2019havien de decantar per una opci\u00f3.<\/p>\n<p>Al final, la nostra participaci\u00f3 a l&#8217;Olimp\u00edada filos\u00f2fica va resultar tenir premi. I \u00e9s que les fotografies presentades van quedar en 3r i 4t lloc! Felicitats als alumnes participants!<\/p>\n\n\t\t<style type=\"text\/css\">\n\t\t\t#gallery-1 {\n\t\t\t\tmargin: auto;\n\t\t\t}\n\t\t\t#gallery-1 .gallery-item {\n\t\t\t\tfloat: left;\n\t\t\t\tmargin-top: 10px;\n\t\t\t\ttext-align: center;\n\t\t\t\twidth: 33%;\n\t\t\t}\n\t\t\t#gallery-1 img {\n\t\t\t\tborder: 2px solid #cfcfcf;\n\t\t\t}\n\t\t\t#gallery-1 .gallery-caption {\n\t\t\t\tmargin-left: 0;\n\t\t\t}\n\t\t\t\/* see gallery_shortcode() in wp-includes\/media.php *\/\n\t\t<\/style>\n\t\t<div id='gallery-1' class='gallery galleryid-4370 gallery-columns-3 gallery-size-medium'><dl class='gallery-item'>\n\t\t\t<dt class='gallery-icon landscape'>\n\t\t\t\t<a href='https:\/\/agora.xtec.cat\/iesmontbui\/general\/premi-a-lolimpiada-de-filosofia-de-catalunya\/attachment\/img_20200213_135242\/'><img loading=\"lazy\" decoding=\"async\" width=\"300\" height=\"225\" src=\"https:\/\/agora.xtec.cat\/iesmontbui\/wp-content\/uploads\/usu145\/2020\/02\/IMG_20200213_135242-300x225.jpg\" class=\"attachment-medium size-medium\" alt=\"\" srcset=\"https:\/\/agora.xtec.cat\/iesmontbui\/wp-content\/uploads\/usu145\/2020\/02\/IMG_20200213_135242-300x225.jpg 300w, https:\/\/agora.xtec.cat\/iesmontbui\/wp-content\/uploads\/usu145\/2020\/02\/IMG_20200213_135242-768x576.jpg 768w, https:\/\/agora.xtec.cat\/iesmontbui\/wp-content\/uploads\/usu145\/2020\/02\/IMG_20200213_135242-1024x768.jpg 1024w, https:\/\/agora.xtec.cat\/iesmontbui\/wp-content\/uploads\/usu145\/2020\/02\/IMG_20200213_135242-200x150.jpg 200w\" sizes=\"auto, (max-width: 300px) 100vw, 300px\" \/><\/a>\n\t\t\t<\/dt><\/dl><dl class='gallery-item'>\n\t\t\t<dt class='gallery-icon landscape'>\n\t\t\t\t<a href='https:\/\/agora.xtec.cat\/iesmontbui\/general\/premi-a-lolimpiada-de-filosofia-de-catalunya\/attachment\/img_20200213_172259\/'><img loading=\"lazy\" decoding=\"async\" width=\"300\" height=\"225\" src=\"https:\/\/agora.xtec.cat\/iesmontbui\/wp-content\/uploads\/usu145\/2020\/02\/IMG_20200213_172259-300x225.jpg\" class=\"attachment-medium size-medium\" alt=\"\" srcset=\"https:\/\/agora.xtec.cat\/iesmontbui\/wp-content\/uploads\/usu145\/2020\/02\/IMG_20200213_172259-300x225.jpg 300w, https:\/\/agora.xtec.cat\/iesmontbui\/wp-content\/uploads\/usu145\/2020\/02\/IMG_20200213_172259-768x576.jpg 768w, https:\/\/agora.xtec.cat\/iesmontbui\/wp-content\/uploads\/usu145\/2020\/02\/IMG_20200213_172259-1024x768.jpg 1024w, https:\/\/agora.xtec.cat\/iesmontbui\/wp-content\/uploads\/usu145\/2020\/02\/IMG_20200213_172259-200x150.jpg 200w\" sizes=\"auto, (max-width: 300px) 100vw, 300px\" \/><\/a>\n\t\t\t<\/dt><\/dl><dl class='gallery-item'>\n\t\t\t<dt class='gallery-icon landscape'>\n\t\t\t\t<a href='https:\/\/agora.xtec.cat\/iesmontbui\/general\/premi-a-lolimpiada-de-filosofia-de-catalunya\/attachment\/img_20200210_140809\/'><img loading=\"lazy\" decoding=\"async\" width=\"300\" height=\"150\" src=\"https:\/\/agora.xtec.cat\/iesmontbui\/wp-content\/uploads\/usu145\/2020\/02\/IMG_20200210_140809-300x150.jpg\" class=\"attachment-medium size-medium\" alt=\"\" srcset=\"https:\/\/agora.xtec.cat\/iesmontbui\/wp-content\/uploads\/usu145\/2020\/02\/IMG_20200210_140809-300x150.jpg 300w, https:\/\/agora.xtec.cat\/iesmontbui\/wp-content\/uploads\/usu145\/2020\/02\/IMG_20200210_140809-768x384.jpg 768w, https:\/\/agora.xtec.cat\/iesmontbui\/wp-content\/uploads\/usu145\/2020\/02\/IMG_20200210_140809-1024x512.jpg 1024w\" sizes=\"auto, (max-width: 300px) 100vw, 300px\" \/><\/a>\n\t\t\t<\/dt><\/dl><br style=\"clear: both\" \/><dl class='gallery-item'>\n\t\t\t<dt class='gallery-icon landscape'>\n\t\t\t\t<a href='https:\/\/agora.xtec.cat\/iesmontbui\/general\/premi-a-lolimpiada-de-filosofia-de-catalunya\/attachment\/screenshot_2020-02-13-23-43-09-929_com-google-android-apps-docs\/'><img loading=\"lazy\" decoding=\"async\" width=\"300\" height=\"150\" src=\"https:\/\/agora.xtec.cat\/iesmontbui\/wp-content\/uploads\/usu145\/2020\/02\/Screenshot_2020-02-13-23-43-09-929_com.google.android.apps_.docs_-300x150.jpg\" class=\"attachment-medium size-medium\" alt=\"\" srcset=\"https:\/\/agora.xtec.cat\/iesmontbui\/wp-content\/uploads\/usu145\/2020\/02\/Screenshot_2020-02-13-23-43-09-929_com.google.android.apps_.docs_-300x150.jpg 300w, https:\/\/agora.xtec.cat\/iesmontbui\/wp-content\/uploads\/usu145\/2020\/02\/Screenshot_2020-02-13-23-43-09-929_com.google.android.apps_.docs_-768x384.jpg 768w, https:\/\/agora.xtec.cat\/iesmontbui\/wp-content\/uploads\/usu145\/2020\/02\/Screenshot_2020-02-13-23-43-09-929_com.google.android.apps_.docs_-1024x512.jpg 1024w, https:\/\/agora.xtec.cat\/iesmontbui\/wp-content\/uploads\/usu145\/2020\/02\/Screenshot_2020-02-13-23-43-09-929_com.google.android.apps_.docs_.jpg 1440w\" sizes=\"auto, (max-width: 300px) 100vw, 300px\" \/><\/a>\n\t\t\t<\/dt><\/dl><dl class='gallery-item'>\n\t\t\t<dt class='gallery-icon landscape'>\n\t\t\t\t<a href='https:\/\/agora.xtec.cat\/iesmontbui\/general\/premi-a-lolimpiada-de-filosofia-de-catalunya\/attachment\/screenshot_2020-02-13-23-45-53-322_com-google-android-apps-docs\/'><img loading=\"lazy\" decoding=\"async\" width=\"300\" height=\"150\" src=\"https:\/\/agora.xtec.cat\/iesmontbui\/wp-content\/uploads\/usu145\/2020\/02\/Screenshot_2020-02-13-23-45-53-322_com.google.android.apps_.docs_-300x150.jpg\" class=\"attachment-medium size-medium\" alt=\"\" srcset=\"https:\/\/agora.xtec.cat\/iesmontbui\/wp-content\/uploads\/usu145\/2020\/02\/Screenshot_2020-02-13-23-45-53-322_com.google.android.apps_.docs_-300x150.jpg 300w, https:\/\/agora.xtec.cat\/iesmontbui\/wp-content\/uploads\/usu145\/2020\/02\/Screenshot_2020-02-13-23-45-53-322_com.google.android.apps_.docs_-768x384.jpg 768w, https:\/\/agora.xtec.cat\/iesmontbui\/wp-content\/uploads\/usu145\/2020\/02\/Screenshot_2020-02-13-23-45-53-322_com.google.android.apps_.docs_-1024x512.jpg 1024w, https:\/\/agora.xtec.cat\/iesmontbui\/wp-content\/uploads\/usu145\/2020\/02\/Screenshot_2020-02-13-23-45-53-322_com.google.android.apps_.docs_.jpg 1440w\" sizes=\"auto, (max-width: 300px) 100vw, 300px\" \/><\/a>\n\t\t\t<\/dt><\/dl><dl class='gallery-item'>\n\t\t\t<dt class='gallery-icon landscape'>\n\t\t\t\t<a href='https:\/\/agora.xtec.cat\/iesmontbui\/general\/premi-a-lolimpiada-de-filosofia-de-catalunya\/attachment\/screenshot_2020-02-13-23-44-15-873_com-google-android-apps-docs\/'><img loading=\"lazy\" decoding=\"async\" width=\"300\" height=\"150\" src=\"https:\/\/agora.xtec.cat\/iesmontbui\/wp-content\/uploads\/usu145\/2020\/02\/Screenshot_2020-02-13-23-44-15-873_com.google.android.apps_.docs_-300x150.jpg\" class=\"attachment-medium size-medium\" alt=\"\" srcset=\"https:\/\/agora.xtec.cat\/iesmontbui\/wp-content\/uploads\/usu145\/2020\/02\/Screenshot_2020-02-13-23-44-15-873_com.google.android.apps_.docs_-300x150.jpg 300w, https:\/\/agora.xtec.cat\/iesmontbui\/wp-content\/uploads\/usu145\/2020\/02\/Screenshot_2020-02-13-23-44-15-873_com.google.android.apps_.docs_-768x384.jpg 768w, https:\/\/agora.xtec.cat\/iesmontbui\/wp-content\/uploads\/usu145\/2020\/02\/Screenshot_2020-02-13-23-44-15-873_com.google.android.apps_.docs_-1024x512.jpg 1024w, https:\/\/agora.xtec.cat\/iesmontbui\/wp-content\/uploads\/usu145\/2020\/02\/Screenshot_2020-02-13-23-44-15-873_com.google.android.apps_.docs_.jpg 1440w\" sizes=\"auto, (max-width: 300px) 100vw, 300px\" \/><\/a>\n\t\t\t<\/dt><\/dl><br style=\"clear: both\" \/><dl class='gallery-item'>\n\t\t\t<dt class='gallery-icon landscape'>\n\t\t\t\t<a href='https:\/\/agora.xtec.cat\/iesmontbui\/general\/premi-a-lolimpiada-de-filosofia-de-catalunya\/attachment\/img-20200212-wa0007\/'><img loading=\"lazy\" decoding=\"async\" width=\"300\" height=\"300\" src=\"https:\/\/agora.xtec.cat\/iesmontbui\/wp-content\/uploads\/usu145\/2020\/02\/IMG-20200212-WA0007-300x300.jpg\" class=\"attachment-medium size-medium\" alt=\"\" srcset=\"https:\/\/agora.xtec.cat\/iesmontbui\/wp-content\/uploads\/usu145\/2020\/02\/IMG-20200212-WA0007-300x300.jpg 300w, https:\/\/agora.xtec.cat\/iesmontbui\/wp-content\/uploads\/usu145\/2020\/02\/IMG-20200212-WA0007-150x150.jpg 150w, https:\/\/agora.xtec.cat\/iesmontbui\/wp-content\/uploads\/usu145\/2020\/02\/IMG-20200212-WA0007-768x768.jpg 768w, https:\/\/agora.xtec.cat\/iesmontbui\/wp-content\/uploads\/usu145\/2020\/02\/IMG-20200212-WA0007-1024x1024.jpg 1024w, https:\/\/agora.xtec.cat\/iesmontbui\/wp-content\/uploads\/usu145\/2020\/02\/IMG-20200212-WA0007.jpg 1600w\" sizes=\"auto, (max-width: 300px) 100vw, 300px\" \/><\/a>\n\t\t\t<\/dt><\/dl>\n\t\t\t<br style='clear: both' \/>\n\t\t<\/div>\n\n","protected":false},"excerpt":{"rendered":"<p>El passat dia 13 de febrer, alguns alumnes de 1r i 2n de batxillerat, van participar a la VII Olimp\u00edada de Filosofia, una proposta per a alumnes de secund\u00e0ria dels centres educatius de Catalunya promoguda per la Societat Catalana de Filosofia, amb el suport de&hellip;  <a href=\"https:\/\/agora.xtec.cat\/iesmontbui\/general\/premi-a-lolimpiada-de-filosofia-de-catalunya\/\" title=\"Read Dos premis a l&#8217;Olimp\u00edada de Filosofia de Catalunya\">Llegeix m\u00e9s\u00bb<\/a><\/p>\n","protected":false},"author":66,"featured_media":4371,"comment_status":"open","ping_status":"closed","sticky":false,"template":"","format":"standard","meta":{"_bbp_topic_count":0,"_bbp_reply_count":0,"_bbp_total_topic_count":0,"_bbp_total_reply_count":0,"_bbp_voice_count":0,"_bbp_anonymous_reply_count":0,"_bbp_topic_count_hidden":0,"_bbp_reply_count_hidden":0,"_bbp_forum_subforum_count":0,"footnotes":""},"categories":[1,29],"tags":[166,282,281,128,280,279],"class_list":["post-4370","post","type-post","status-publish","format-standard","has-post-thumbnail","hentry","category-general","category-portada","tag-1r-batxillerat","tag-2n-batxillerat","tag-4t-eso","tag-batxillerat","tag-filosofia","tag-olimpiada"],"post_mailing_queue_ids":[],"_links":{"self":[{"href":"https:\/\/agora.xtec.cat\/iesmontbui\/wp-json\/wp\/v2\/posts\/4370","targetHints":{"allow":["GET"]}}],"collection":[{"href":"https:\/\/agora.xtec.cat\/iesmontbui\/wp-json\/wp\/v2\/posts"}],"about":[{"href":"https:\/\/agora.xtec.cat\/iesmontbui\/wp-json\/wp\/v2\/types\/post"}],"author":[{"embeddable":true,"href":"https:\/\/agora.xtec.cat\/iesmontbui\/wp-json\/wp\/v2\/users\/66"}],"replies":[{"embeddable":true,"href":"https:\/\/agora.xtec.cat\/iesmontbui\/wp-json\/wp\/v2\/comments?post=4370"}],"version-history":[{"count":3,"href":"https:\/\/agora.xtec.cat\/iesmontbui\/wp-json\/wp\/v2\/posts\/4370\/revisions"}],"predecessor-version":[{"id":4384,"href":"https:\/\/agora.xtec.cat\/iesmontbui\/wp-json\/wp\/v2\/posts\/4370\/revisions\/4384"}],"wp:featuredmedia":[{"embeddable":true,"href":"https:\/\/agora.xtec.cat\/iesmontbui\/wp-json\/wp\/v2\/media\/4371"}],"wp:attachment":[{"href":"https:\/\/agora.xtec.cat\/iesmontbui\/wp-json\/wp\/v2\/media?parent=4370"}],"wp:term":[{"taxonomy":"category","embeddable":true,"href":"https:\/\/agora.xtec.cat\/iesmontbui\/wp-json\/wp\/v2\/categories?post=4370"},{"taxonomy":"post_tag","embeddable":true,"href":"https:\/\/agora.xtec.cat\/iesmontbui\/wp-json\/wp\/v2\/tags?post=4370"}],"curies":[{"name":"wp","href":"https:\/\/api.w.org\/{rel}","templated":true}]}}