{"id":4354,"date":"2020-02-26T18:14:32","date_gmt":"2020-02-26T17:14:32","guid":{"rendered":"https:\/\/agora.xtec.cat\/iesmontbui\/?p=4354"},"modified":"2020-03-06T08:14:43","modified_gmt":"2020-03-06T07:14:43","slug":"el-poeta-que-portem-a-dins","status":"publish","type":"post","link":"https:\/\/agora.xtec.cat\/iesmontbui\/general\/el-poeta-que-portem-a-dins\/","title":{"rendered":"El poeta que portem a dins"},"content":{"rendered":"<p>Les darreres setmanes el alumnes de 2n d\u2019ESO han gaudit de dues visites del poeta i rapsoda giron\u00ed Ramon Bartrina (escriptor, editor, organitzador d&#8217;esdeveniments culturals i actual incentivador po\u00e8tic).<\/p>\n<p>A la primera sessi\u00f3 utilitzaren\u00a0les lletres del seu propi nom i cognoms per crear paraules a partir des les quals formarien el primer poema, en aquest cas, de caire\u00a0surrealista. A l&#8217;\u00faltima sessi\u00f3, els alumnes van elaborar un poema a partir d&#8217;un videoclip i de les sensacions que els havia transm\u00e8s.<\/p>\n<p>El taller, que va ser molt productiu, els va permetre compartir les seves produccions, practicar la raps\u00f2dia, fer efectes sonors amb la veu per fer m\u00e9s interessant i atractiva la lectura dels textos, etc. A m\u00e9s, molts van descobrir la seva agilitat per crear versos i van treure a la llum al seu poeta interior. I \u00e9s que crear poesia \u00e9s una bona manera per expressar els sentiments i les emocions.<\/p>\n\n\t\t<style type=\"text\/css\">\n\t\t\t#gallery-1 {\n\t\t\t\tmargin: auto;\n\t\t\t}\n\t\t\t#gallery-1 .gallery-item {\n\t\t\t\tfloat: left;\n\t\t\t\tmargin-top: 10px;\n\t\t\t\ttext-align: center;\n\t\t\t\twidth: 33%;\n\t\t\t}\n\t\t\t#gallery-1 img {\n\t\t\t\tborder: 2px solid #cfcfcf;\n\t\t\t}\n\t\t\t#gallery-1 .gallery-caption {\n\t\t\t\tmargin-left: 0;\n\t\t\t}\n\t\t\t\/* see gallery_shortcode() in wp-includes\/media.php *\/\n\t\t<\/style>\n\t\t<div id='gallery-1' class='gallery galleryid-4354 gallery-columns-3 gallery-size-medium'><dl class='gallery-item'>\n\t\t\t<dt class='gallery-icon portrait'>\n\t\t\t\t<a href='https:\/\/agora.xtec.cat\/iesmontbui\/general\/el-poeta-que-portem-a-dins\/attachment\/img_2825_web\/'><img loading=\"lazy\" decoding=\"async\" width=\"225\" height=\"300\" src=\"https:\/\/agora.xtec.cat\/iesmontbui\/wp-content\/uploads\/usu145\/2020\/02\/IMG_2825_web-225x300.jpg\" class=\"attachment-medium size-medium\" alt=\"\" srcset=\"https:\/\/agora.xtec.cat\/iesmontbui\/wp-content\/uploads\/usu145\/2020\/02\/IMG_2825_web-225x300.jpg 225w, https:\/\/agora.xtec.cat\/iesmontbui\/wp-content\/uploads\/usu145\/2020\/02\/IMG_2825_web.jpg 709w\" sizes=\"auto, (max-width: 225px) 100vw, 225px\" \/><\/a>\n\t\t\t<\/dt><\/dl><dl class='gallery-item'>\n\t\t\t<dt class='gallery-icon portrait'>\n\t\t\t\t<a href='https:\/\/agora.xtec.cat\/iesmontbui\/general\/el-poeta-que-portem-a-dins\/attachment\/img_2803\/'><img loading=\"lazy\" decoding=\"async\" width=\"225\" height=\"300\" src=\"https:\/\/agora.xtec.cat\/iesmontbui\/wp-content\/uploads\/usu145\/2020\/02\/IMG_2803-225x300.jpg\" class=\"attachment-medium size-medium\" alt=\"\" srcset=\"https:\/\/agora.xtec.cat\/iesmontbui\/wp-content\/uploads\/usu145\/2020\/02\/IMG_2803-225x300.jpg 225w, https:\/\/agora.xtec.cat\/iesmontbui\/wp-content\/uploads\/usu145\/2020\/02\/IMG_2803-768x1024.jpg 768w\" sizes=\"auto, (max-width: 225px) 100vw, 225px\" \/><\/a>\n\t\t\t<\/dt><\/dl><dl class='gallery-item'>\n\t\t\t<dt class='gallery-icon portrait'>\n\t\t\t\t<a href='https:\/\/agora.xtec.cat\/iesmontbui\/general\/el-poeta-que-portem-a-dins\/attachment\/img_2818\/'><img loading=\"lazy\" decoding=\"async\" width=\"225\" height=\"300\" src=\"https:\/\/agora.xtec.cat\/iesmontbui\/wp-content\/uploads\/usu145\/2020\/02\/IMG_2818-225x300.jpg\" class=\"attachment-medium size-medium\" alt=\"\" srcset=\"https:\/\/agora.xtec.cat\/iesmontbui\/wp-content\/uploads\/usu145\/2020\/02\/IMG_2818-225x300.jpg 225w, https:\/\/agora.xtec.cat\/iesmontbui\/wp-content\/uploads\/usu145\/2020\/02\/IMG_2818-768x1024.jpg 768w\" sizes=\"auto, (max-width: 225px) 100vw, 225px\" \/><\/a>\n\t\t\t<\/dt><\/dl><br style=\"clear: both\" \/><dl class='gallery-item'>\n\t\t\t<dt class='gallery-icon portrait'>\n\t\t\t\t<a href='https:\/\/agora.xtec.cat\/iesmontbui\/general\/el-poeta-que-portem-a-dins\/attachment\/img_2808\/'><img loading=\"lazy\" decoding=\"async\" width=\"225\" height=\"300\" src=\"https:\/\/agora.xtec.cat\/iesmontbui\/wp-content\/uploads\/usu145\/2020\/02\/IMG_2808-225x300.jpg\" class=\"attachment-medium size-medium\" alt=\"\" srcset=\"https:\/\/agora.xtec.cat\/iesmontbui\/wp-content\/uploads\/usu145\/2020\/02\/IMG_2808-225x300.jpg 225w, https:\/\/agora.xtec.cat\/iesmontbui\/wp-content\/uploads\/usu145\/2020\/02\/IMG_2808-768x1024.jpg 768w\" sizes=\"auto, (max-width: 225px) 100vw, 225px\" \/><\/a>\n\t\t\t<\/dt><\/dl><dl class='gallery-item'>\n\t\t\t<dt class='gallery-icon portrait'>\n\t\t\t\t<a href='https:\/\/agora.xtec.cat\/iesmontbui\/general\/el-poeta-que-portem-a-dins\/attachment\/img_2813\/'><img loading=\"lazy\" decoding=\"async\" width=\"225\" height=\"300\" src=\"https:\/\/agora.xtec.cat\/iesmontbui\/wp-content\/uploads\/usu145\/2020\/02\/IMG_2813-225x300.jpg\" class=\"attachment-medium size-medium\" alt=\"\" srcset=\"https:\/\/agora.xtec.cat\/iesmontbui\/wp-content\/uploads\/usu145\/2020\/02\/IMG_2813-225x300.jpg 225w, https:\/\/agora.xtec.cat\/iesmontbui\/wp-content\/uploads\/usu145\/2020\/02\/IMG_2813-768x1024.jpg 768w\" sizes=\"auto, (max-width: 225px) 100vw, 225px\" \/><\/a>\n\t\t\t<\/dt><\/dl><dl class='gallery-item'>\n\t\t\t<dt class='gallery-icon portrait'>\n\t\t\t\t<a href='https:\/\/agora.xtec.cat\/iesmontbui\/general\/el-poeta-que-portem-a-dins\/attachment\/img_2824\/'><img loading=\"lazy\" decoding=\"async\" width=\"225\" height=\"300\" src=\"https:\/\/agora.xtec.cat\/iesmontbui\/wp-content\/uploads\/usu145\/2020\/02\/IMG_2824-225x300.jpg\" class=\"attachment-medium size-medium\" alt=\"\" srcset=\"https:\/\/agora.xtec.cat\/iesmontbui\/wp-content\/uploads\/usu145\/2020\/02\/IMG_2824-225x300.jpg 225w, https:\/\/agora.xtec.cat\/iesmontbui\/wp-content\/uploads\/usu145\/2020\/02\/IMG_2824-768x1024.jpg 768w\" sizes=\"auto, (max-width: 225px) 100vw, 225px\" \/><\/a>\n\t\t\t<\/dt><\/dl><br style=\"clear: both\" \/><dl class='gallery-item'>\n\t\t\t<dt class='gallery-icon landscape'>\n\t\t\t\t<a href='https:\/\/agora.xtec.cat\/iesmontbui\/general\/el-poeta-que-portem-a-dins\/attachment\/img_2827_web\/'><img loading=\"lazy\" decoding=\"async\" width=\"300\" height=\"225\" src=\"https:\/\/agora.xtec.cat\/iesmontbui\/wp-content\/uploads\/usu145\/2020\/02\/IMG_2827_web-300x225.jpg\" class=\"attachment-medium size-medium\" alt=\"\" srcset=\"https:\/\/agora.xtec.cat\/iesmontbui\/wp-content\/uploads\/usu145\/2020\/02\/IMG_2827_web-300x225.jpg 300w, https:\/\/agora.xtec.cat\/iesmontbui\/wp-content\/uploads\/usu145\/2020\/02\/IMG_2827_web-768x576.jpg 768w, https:\/\/agora.xtec.cat\/iesmontbui\/wp-content\/uploads\/usu145\/2020\/02\/IMG_2827_web-200x150.jpg 200w, https:\/\/agora.xtec.cat\/iesmontbui\/wp-content\/uploads\/usu145\/2020\/02\/IMG_2827_web.jpg 964w\" sizes=\"auto, (max-width: 300px) 100vw, 300px\" \/><\/a>\n\t\t\t<\/dt><\/dl><dl class='gallery-item'>\n\t\t\t<dt class='gallery-icon landscape'>\n\t\t\t\t<a href='https:\/\/agora.xtec.cat\/iesmontbui\/general\/el-poeta-que-portem-a-dins\/attachment\/img_2832\/'><img loading=\"lazy\" decoding=\"async\" width=\"300\" height=\"225\" src=\"https:\/\/agora.xtec.cat\/iesmontbui\/wp-content\/uploads\/usu145\/2020\/02\/IMG_2832-300x225.jpg\" class=\"attachment-medium size-medium\" alt=\"\" srcset=\"https:\/\/agora.xtec.cat\/iesmontbui\/wp-content\/uploads\/usu145\/2020\/02\/IMG_2832-300x225.jpg 300w, https:\/\/agora.xtec.cat\/iesmontbui\/wp-content\/uploads\/usu145\/2020\/02\/IMG_2832-768x576.jpg 768w, https:\/\/agora.xtec.cat\/iesmontbui\/wp-content\/uploads\/usu145\/2020\/02\/IMG_2832-1024x768.jpg 1024w, https:\/\/agora.xtec.cat\/iesmontbui\/wp-content\/uploads\/usu145\/2020\/02\/IMG_2832-200x150.jpg 200w\" sizes=\"auto, (max-width: 300px) 100vw, 300px\" \/><\/a>\n\t\t\t<\/dt><\/dl><dl class='gallery-item'>\n\t\t\t<dt class='gallery-icon landscape'>\n\t\t\t\t<a href='https:\/\/agora.xtec.cat\/iesmontbui\/general\/el-poeta-que-portem-a-dins\/attachment\/img_2829\/'><img loading=\"lazy\" decoding=\"async\" width=\"300\" height=\"225\" src=\"https:\/\/agora.xtec.cat\/iesmontbui\/wp-content\/uploads\/usu145\/2020\/02\/IMG_2829-300x225.jpg\" class=\"attachment-medium size-medium\" alt=\"\" srcset=\"https:\/\/agora.xtec.cat\/iesmontbui\/wp-content\/uploads\/usu145\/2020\/02\/IMG_2829-300x225.jpg 300w, https:\/\/agora.xtec.cat\/iesmontbui\/wp-content\/uploads\/usu145\/2020\/02\/IMG_2829-768x576.jpg 768w, https:\/\/agora.xtec.cat\/iesmontbui\/wp-content\/uploads\/usu145\/2020\/02\/IMG_2829-1024x768.jpg 1024w, https:\/\/agora.xtec.cat\/iesmontbui\/wp-content\/uploads\/usu145\/2020\/02\/IMG_2829-200x150.jpg 200w\" sizes=\"auto, (max-width: 300px) 100vw, 300px\" \/><\/a>\n\t\t\t<\/dt><\/dl><br style=\"clear: both\" \/><dl class='gallery-item'>\n\t\t\t<dt class='gallery-icon landscape'>\n\t\t\t\t<a href='https:\/\/agora.xtec.cat\/iesmontbui\/general\/el-poeta-que-portem-a-dins\/attachment\/img_2801\/'><img loading=\"lazy\" decoding=\"async\" width=\"300\" height=\"225\" src=\"https:\/\/agora.xtec.cat\/iesmontbui\/wp-content\/uploads\/usu145\/2020\/02\/IMG_2801-300x225.jpg\" class=\"attachment-medium size-medium\" alt=\"\" srcset=\"https:\/\/agora.xtec.cat\/iesmontbui\/wp-content\/uploads\/usu145\/2020\/02\/IMG_2801-300x225.jpg 300w, https:\/\/agora.xtec.cat\/iesmontbui\/wp-content\/uploads\/usu145\/2020\/02\/IMG_2801-768x576.jpg 768w, https:\/\/agora.xtec.cat\/iesmontbui\/wp-content\/uploads\/usu145\/2020\/02\/IMG_2801-1024x768.jpg 1024w, https:\/\/agora.xtec.cat\/iesmontbui\/wp-content\/uploads\/usu145\/2020\/02\/IMG_2801-200x150.jpg 200w\" sizes=\"auto, (max-width: 300px) 100vw, 300px\" \/><\/a>\n\t\t\t<\/dt><\/dl><dl class='gallery-item'>\n\t\t\t<dt class='gallery-icon landscape'>\n\t\t\t\t<a href='https:\/\/agora.xtec.cat\/iesmontbui\/general\/el-poeta-que-portem-a-dins\/attachment\/img_2828\/'><img loading=\"lazy\" decoding=\"async\" width=\"300\" height=\"225\" src=\"https:\/\/agora.xtec.cat\/iesmontbui\/wp-content\/uploads\/usu145\/2020\/02\/IMG_2828-300x225.jpg\" class=\"attachment-medium size-medium\" alt=\"\" srcset=\"https:\/\/agora.xtec.cat\/iesmontbui\/wp-content\/uploads\/usu145\/2020\/02\/IMG_2828-300x225.jpg 300w, https:\/\/agora.xtec.cat\/iesmontbui\/wp-content\/uploads\/usu145\/2020\/02\/IMG_2828-768x576.jpg 768w, https:\/\/agora.xtec.cat\/iesmontbui\/wp-content\/uploads\/usu145\/2020\/02\/IMG_2828-1024x768.jpg 1024w, https:\/\/agora.xtec.cat\/iesmontbui\/wp-content\/uploads\/usu145\/2020\/02\/IMG_2828-200x150.jpg 200w\" sizes=\"auto, (max-width: 300px) 100vw, 300px\" \/><\/a>\n\t\t\t<\/dt><\/dl><dl class='gallery-item'>\n\t\t\t<dt class='gallery-icon portrait'>\n\t\t\t\t<a href='https:\/\/agora.xtec.cat\/iesmontbui\/general\/el-poeta-que-portem-a-dins\/attachment\/img_2807\/'><img loading=\"lazy\" decoding=\"async\" width=\"225\" height=\"300\" src=\"https:\/\/agora.xtec.cat\/iesmontbui\/wp-content\/uploads\/usu145\/2020\/02\/IMG_2807-225x300.jpg\" class=\"attachment-medium size-medium\" alt=\"\" srcset=\"https:\/\/agora.xtec.cat\/iesmontbui\/wp-content\/uploads\/usu145\/2020\/02\/IMG_2807-225x300.jpg 225w, https:\/\/agora.xtec.cat\/iesmontbui\/wp-content\/uploads\/usu145\/2020\/02\/IMG_2807-768x1024.jpg 768w\" sizes=\"auto, (max-width: 225px) 100vw, 225px\" \/><\/a>\n\t\t\t<\/dt><\/dl><br style=\"clear: both\" \/>\n\t\t<\/div>\n\n<p>Vet aqu\u00ed alguns exemples de poemes creats pels alumnes de 2n:<\/p>\n<p><strong>LO QUE SOMOS<\/strong><\/p>\n<p>Somos ni\u00f1os,<\/p>\n<p>somos como olas del mar,<\/p>\n<p>diferentes pero iguales,<\/p>\n<p>pues no queremos nada m\u00e1s.<\/p>\n<p>&nbsp;<\/p>\n<p>Amamos como queremos,<\/p>\n<p>amamos sin pensar&#8230;<\/p>\n<p>Pues da igual la forma,<\/p>\n<p>querer es amar.<\/p>\n<p>&nbsp;<\/p>\n<p>Y nos tiraremos al vac\u00edo<\/p>\n<p>sabiendo quepodemos volar,<\/p>\n<p>porque somos los ni\u00f1os perdidos<\/p>\n<p>de Nunca jam\u00e1s.<\/p>\n<p>&nbsp;<\/p>\n<p>Y me han dicho que luchar<\/p>\n<p>sin motivo es<\/p>\n<p>en vano luchar.<\/p>\n<p>&nbsp;<\/p>\n<p>Pues en este mundo<\/p>\n<p>ser inocente es un delito,<\/p>\n<p>y nos penan con guerras,<\/p>\n<p>armas y gritos.<\/p>\n<p>&nbsp;<\/p>\n<p>D\u00fania Farhan, 2n d\u2019ESO C<\/p>\n<p>&nbsp;<\/p>\n<p><strong>GLOS\u00d3LI\u00a0(hacia la luz)<\/strong><\/p>\n<p>&nbsp;<\/p>\n<p>Estoy solo,<\/p>\n<p>necesito el calor<\/p>\n<p>de una mano.<\/p>\n<p>&nbsp;<\/p>\n<p>Por fin te encuentro a ti,<\/p>\n<p>m\u00e1s sola que un \u00e1rbol.<\/p>\n<p>Los dos juntos formaremos<\/p>\n<p>un bosque.<\/p>\n<p>&nbsp;<\/p>\n<p>Nuestra imaginaci\u00f3n<\/p>\n<p>nos permitir\u00e1 ser libres<\/p>\n<p>y el tambor de la tristeza<\/p>\n<p>tendr\u00e1s que dejar.<\/p>\n<p>&nbsp;<\/p>\n<p>Si no logras volar,<\/p>\n<p>algunos miedos<\/p>\n<p>tendr\u00e1s que superar.<\/p>\n<p>&nbsp;<\/p>\n<p>Hugo Granados, 2n d\u2019ESO A<\/p>\n<p>&nbsp;<\/p>\n<p>Podeu clicar <a href=\"https:\/\/www.ramonbartrina.com\/poesia-i-rapsodia-a-linstitut-montbui\/\">aqu\u00ed<\/a> per llegir l&#8217;entrada que Ramon Bartrina va fer al seu bloc sobre la visita al Centre.<\/p>\n<p>&nbsp;<\/p>\n","protected":false},"excerpt":{"rendered":"<p>Les darreres setmanes el alumnes de 2n d\u2019ESO han gaudit de dues visites del poeta i rapsoda giron\u00ed Ramon Bartrina (escriptor, editor, organitzador d&#8217;esdeveniments culturals i actual incentivador po\u00e8tic).<br \/>\nA la primera sessi\u00f3 utilitzaren\u00a0les lletres del seu propi nom i cognoms per crear paraules a partir&hellip;  <a href=\"https:\/\/agora.xtec.cat\/iesmontbui\/general\/el-poeta-que-portem-a-dins\/\" title=\"Read El poeta que portem a dins\">Llegeix m\u00e9s\u00bb<\/a><\/p>\n","protected":false},"author":66,"featured_media":4399,"comment_status":"open","ping_status":"closed","sticky":false,"template":"","format":"standard","meta":{"_bbp_topic_count":0,"_bbp_reply_count":0,"_bbp_total_topic_count":0,"_bbp_total_reply_count":0,"_bbp_voice_count":0,"_bbp_anonymous_reply_count":0,"_bbp_topic_count_hidden":0,"_bbp_reply_count_hidden":0,"_bbp_forum_subforum_count":0,"footnotes":""},"categories":[1,29],"tags":[236,277,278,177],"class_list":["post-4354","post","type-post","status-publish","format-standard","has-post-thumbnail","hentry","category-general","category-portada","tag-2n-eso","tag-castella","tag-creacio","tag-poesia"],"post_mailing_queue_ids":[],"_links":{"self":[{"href":"https:\/\/agora.xtec.cat\/iesmontbui\/wp-json\/wp\/v2\/posts\/4354","targetHints":{"allow":["GET"]}}],"collection":[{"href":"https:\/\/agora.xtec.cat\/iesmontbui\/wp-json\/wp\/v2\/posts"}],"about":[{"href":"https:\/\/agora.xtec.cat\/iesmontbui\/wp-json\/wp\/v2\/types\/post"}],"author":[{"embeddable":true,"href":"https:\/\/agora.xtec.cat\/iesmontbui\/wp-json\/wp\/v2\/users\/66"}],"replies":[{"embeddable":true,"href":"https:\/\/agora.xtec.cat\/iesmontbui\/wp-json\/wp\/v2\/comments?post=4354"}],"version-history":[{"count":3,"href":"https:\/\/agora.xtec.cat\/iesmontbui\/wp-json\/wp\/v2\/posts\/4354\/revisions"}],"predecessor-version":[{"id":4473,"href":"https:\/\/agora.xtec.cat\/iesmontbui\/wp-json\/wp\/v2\/posts\/4354\/revisions\/4473"}],"wp:featuredmedia":[{"embeddable":true,"href":"https:\/\/agora.xtec.cat\/iesmontbui\/wp-json\/wp\/v2\/media\/4399"}],"wp:attachment":[{"href":"https:\/\/agora.xtec.cat\/iesmontbui\/wp-json\/wp\/v2\/media?parent=4354"}],"wp:term":[{"taxonomy":"category","embeddable":true,"href":"https:\/\/agora.xtec.cat\/iesmontbui\/wp-json\/wp\/v2\/categories?post=4354"},{"taxonomy":"post_tag","embeddable":true,"href":"https:\/\/agora.xtec.cat\/iesmontbui\/wp-json\/wp\/v2\/tags?post=4354"}],"curies":[{"name":"wp","href":"https:\/\/api.w.org\/{rel}","templated":true}]}}