{"id":4310,"date":"2020-02-18T23:00:28","date_gmt":"2020-02-18T22:00:28","guid":{"rendered":"https:\/\/agora.xtec.cat\/iesmontbui\/?p=4310"},"modified":"2020-02-22T17:46:11","modified_gmt":"2020-02-22T16:46:11","slug":"tothom-a-punt-per-al-carnestoltes-2020","status":"publish","type":"post","link":"https:\/\/agora.xtec.cat\/iesmontbui\/general\/tothom-a-punt-per-al-carnestoltes-2020\/","title":{"rendered":"Tothom a punt per al Carnestoltes 2020?"},"content":{"rendered":"<p>L&#8217;Institut Montbui es prepara per celebrar una de les festes m\u00e9s esperades del curs: Carnestoltes. Una festa alegre i disbauxada que ben segur omplir\u00e0 de color el nostre centre.<\/p>\n<p>Divendres dia 21 viurem una jornada m\u00e9s que especial. I \u00e9s que aquest any celebrarem un concurs de disfresses. Tothom podr\u00e0 venir amb una disfressa a sobre i podr\u00e0 participar a la desfilada que es far\u00e0 a l&#8217;hora de pati. Els participants optaran a una de les dues categories: millor disfressa individual o millor disfressa grup-classe. Un jurat valorar\u00e0 les disfresses durant el primer pati.<\/p>\n<p>A m\u00e9s, els alumnes de 4t d&#8217;ESO i de 2n de batxillerat organitzaran un esmorzar que els servir\u00e0 per recollir calerons per a la seva festa de graduaci\u00f3.<\/p>\n<p>Animeu-vos a participar!<\/p>\n<p><a href=\"https:\/\/agora.xtec.cat\/iesmontbui\/wp-content\/uploads\/usu145\/2020\/02\/WhatsApp-Image-2020-02-18-at-19.46.10.jpeg\"><img loading=\"lazy\" decoding=\"async\" class=\"alignnone size-large wp-image-4311\" src=\"https:\/\/agora.xtec.cat\/iesmontbui\/wp-content\/uploads\/usu145\/2020\/02\/WhatsApp-Image-2020-02-18-at-19.46.10-723x1024.jpeg\" alt=\"\" width=\"723\" height=\"1024\" srcset=\"https:\/\/agora.xtec.cat\/iesmontbui\/wp-content\/uploads\/usu145\/2020\/02\/WhatsApp-Image-2020-02-18-at-19.46.10-723x1024.jpeg 723w, https:\/\/agora.xtec.cat\/iesmontbui\/wp-content\/uploads\/usu145\/2020\/02\/WhatsApp-Image-2020-02-18-at-19.46.10-212x300.jpeg 212w, https:\/\/agora.xtec.cat\/iesmontbui\/wp-content\/uploads\/usu145\/2020\/02\/WhatsApp-Image-2020-02-18-at-19.46.10-768x1088.jpeg 768w, https:\/\/agora.xtec.cat\/iesmontbui\/wp-content\/uploads\/usu145\/2020\/02\/WhatsApp-Image-2020-02-18-at-19.46.10.jpeg 1080w\" sizes=\"auto, (max-width: 723px) 100vw, 723px\" \/><\/a><\/p>\n","protected":false},"excerpt":{"rendered":"<p>L&#8217;Institut Montbui es prepara per celebrar una de les festes m\u00e9s esperades del curs: Carnestoltes. Una festa alegre i disbauxada que ben segur omplir\u00e0 de color el nostre centre.<br \/>\nDivendres dia 21 viurem una jornada m\u00e9s que especial. I \u00e9s que aquest any celebrarem un concurs&hellip;  <a href=\"https:\/\/agora.xtec.cat\/iesmontbui\/general\/tothom-a-punt-per-al-carnestoltes-2020\/\" title=\"Read Tothom a punt per al Carnestoltes 2020?\">Llegeix m\u00e9s\u00bb<\/a><\/p>\n","protected":false},"author":66,"featured_media":4311,"comment_status":"open","ping_status":"closed","sticky":false,"template":"","format":"standard","meta":{"_bbp_topic_count":0,"_bbp_reply_count":0,"_bbp_total_topic_count":0,"_bbp_total_reply_count":0,"_bbp_voice_count":0,"_bbp_anonymous_reply_count":0,"_bbp_topic_count_hidden":0,"_bbp_reply_count_hidden":0,"_bbp_forum_subforum_count":0,"footnotes":""},"categories":[1,29],"tags":[128,268,195,246],"class_list":["post-4310","post","type-post","status-publish","format-standard","has-post-thumbnail","hentry","category-general","category-portada","tag-batxillerat","tag-carnestoltes","tag-eso","tag-festes-populars"],"post_mailing_queue_ids":[],"_links":{"self":[{"href":"https:\/\/agora.xtec.cat\/iesmontbui\/wp-json\/wp\/v2\/posts\/4310","targetHints":{"allow":["GET"]}}],"collection":[{"href":"https:\/\/agora.xtec.cat\/iesmontbui\/wp-json\/wp\/v2\/posts"}],"about":[{"href":"https:\/\/agora.xtec.cat\/iesmontbui\/wp-json\/wp\/v2\/types\/post"}],"author":[{"embeddable":true,"href":"https:\/\/agora.xtec.cat\/iesmontbui\/wp-json\/wp\/v2\/users\/66"}],"replies":[{"embeddable":true,"href":"https:\/\/agora.xtec.cat\/iesmontbui\/wp-json\/wp\/v2\/comments?post=4310"}],"version-history":[{"count":2,"href":"https:\/\/agora.xtec.cat\/iesmontbui\/wp-json\/wp\/v2\/posts\/4310\/revisions"}],"predecessor-version":[{"id":4313,"href":"https:\/\/agora.xtec.cat\/iesmontbui\/wp-json\/wp\/v2\/posts\/4310\/revisions\/4313"}],"wp:featuredmedia":[{"embeddable":true,"href":"https:\/\/agora.xtec.cat\/iesmontbui\/wp-json\/wp\/v2\/media\/4311"}],"wp:attachment":[{"href":"https:\/\/agora.xtec.cat\/iesmontbui\/wp-json\/wp\/v2\/media?parent=4310"}],"wp:term":[{"taxonomy":"category","embeddable":true,"href":"https:\/\/agora.xtec.cat\/iesmontbui\/wp-json\/wp\/v2\/categories?post=4310"},{"taxonomy":"post_tag","embeddable":true,"href":"https:\/\/agora.xtec.cat\/iesmontbui\/wp-json\/wp\/v2\/tags?post=4310"}],"curies":[{"name":"wp","href":"https:\/\/api.w.org\/{rel}","templated":true}]}}