{"id":4206,"date":"2020-02-06T13:47:14","date_gmt":"2020-02-06T12:47:14","guid":{"rendered":"https:\/\/agora.xtec.cat\/iesmontbui\/?p=4206"},"modified":"2020-02-07T08:44:50","modified_gmt":"2020-02-07T07:44:50","slug":"llibres-i-igualtat-a-la-biblioteca-del-centre","status":"publish","type":"post","link":"https:\/\/agora.xtec.cat\/iesmontbui\/general\/llibres-i-igualtat-a-la-biblioteca-del-centre\/","title":{"rendered":"Llibres i igualtat a la biblioteca del centre"},"content":{"rendered":"<p>L&#8217;IES Montbui ja t\u00e9\u00a0a disposici\u00f3 de l&#8217;alumnat i del professorat la compra de llibres subvencionada\u00a0pel Ministerio de la Presidencia, Relaciones con las Cortes e Igualdad.<\/p>\n<p>La tem\u00e0tica d\u2019aquesta cinquantena de llibres gira entorn de temes com la igualtat de g\u00e8nere, la prevenci\u00f3 de viol\u00e8ncia masclista, el respecte envers les persones, la gesti\u00f3 de les emocions, les relacions afectives i sexuals, etc.<\/p>\n<p>A m\u00e9s, podem trobar-hi diferents g\u00e8neres literaris, la qual cosa fa m\u00e9s variada i enriquidora la comanda. Aix\u00ed, a la prestatgeria que acull aquests exemplars, hi trobareu novel\u00b7la, assaig o text il\u00b7lustrat, entre d\u2019altres.<\/p>\n<p>Alguns dels t\u00edtols m\u00e9s destacats s\u00f3n: <em>La venjan\u00e7a dels panteres negres<\/em>, de Gemma Lienas; <em>Sempre han parlat per nosaltres\u00a0<\/em>de Najat El Hachmi; <em>Dibuixant el g\u00e8nere\u00a0<\/em>de Gerard Coll-Planas i Maria Vidal Agull\u00f3, o <em>Feminisme de butxaca\u00a0<\/em>de Bel Olid, entre molts d\u2019altres.<\/p>\n<p>Els llibres ja estan catalogats, a punt per al pr\u00e9stec, i tots s\u00f3n identificables per la seva etiqueta del Ministerio.<\/p>\n<p>Us animem a demanar-los en pr\u00e9stec!<\/p>\n\n\t\t<style type=\"text\/css\">\n\t\t\t#gallery-1 {\n\t\t\t\tmargin: auto;\n\t\t\t}\n\t\t\t#gallery-1 .gallery-item {\n\t\t\t\tfloat: left;\n\t\t\t\tmargin-top: 10px;\n\t\t\t\ttext-align: center;\n\t\t\t\twidth: 50%;\n\t\t\t}\n\t\t\t#gallery-1 img {\n\t\t\t\tborder: 2px solid #cfcfcf;\n\t\t\t}\n\t\t\t#gallery-1 .gallery-caption {\n\t\t\t\tmargin-left: 0;\n\t\t\t}\n\t\t\t\/* see gallery_shortcode() in wp-includes\/media.php *\/\n\t\t<\/style>\n\t\t<div id='gallery-1' class='gallery galleryid-4206 gallery-columns-2 gallery-size-medium'><dl class='gallery-item'>\n\t\t\t<dt class='gallery-icon landscape'>\n\t\t\t\t<a href='https:\/\/agora.xtec.cat\/iesmontbui\/general\/llibres-i-igualtat-a-la-biblioteca-del-centre\/attachment\/img_2682\/'><img loading=\"lazy\" decoding=\"async\" width=\"300\" height=\"225\" src=\"https:\/\/agora.xtec.cat\/iesmontbui\/wp-content\/uploads\/usu145\/2020\/02\/IMG_2682-300x225.jpg\" class=\"attachment-medium size-medium\" alt=\"\" srcset=\"https:\/\/agora.xtec.cat\/iesmontbui\/wp-content\/uploads\/usu145\/2020\/02\/IMG_2682-300x225.jpg 300w, https:\/\/agora.xtec.cat\/iesmontbui\/wp-content\/uploads\/usu145\/2020\/02\/IMG_2682-768x576.jpg 768w, https:\/\/agora.xtec.cat\/iesmontbui\/wp-content\/uploads\/usu145\/2020\/02\/IMG_2682-1024x768.jpg 1024w, https:\/\/agora.xtec.cat\/iesmontbui\/wp-content\/uploads\/usu145\/2020\/02\/IMG_2682-200x150.jpg 200w\" sizes=\"auto, (max-width: 300px) 100vw, 300px\" \/><\/a>\n\t\t\t<\/dt><\/dl><dl class='gallery-item'>\n\t\t\t<dt class='gallery-icon landscape'>\n\t\t\t\t<a href='https:\/\/agora.xtec.cat\/iesmontbui\/general\/llibres-i-igualtat-a-la-biblioteca-del-centre\/attachment\/img_2680\/'><img loading=\"lazy\" decoding=\"async\" width=\"300\" height=\"225\" src=\"https:\/\/agora.xtec.cat\/iesmontbui\/wp-content\/uploads\/usu145\/2020\/02\/IMG_2680-300x225.jpg\" class=\"attachment-medium size-medium\" alt=\"\" srcset=\"https:\/\/agora.xtec.cat\/iesmontbui\/wp-content\/uploads\/usu145\/2020\/02\/IMG_2680-300x225.jpg 300w, https:\/\/agora.xtec.cat\/iesmontbui\/wp-content\/uploads\/usu145\/2020\/02\/IMG_2680-768x576.jpg 768w, https:\/\/agora.xtec.cat\/iesmontbui\/wp-content\/uploads\/usu145\/2020\/02\/IMG_2680-1024x768.jpg 1024w, https:\/\/agora.xtec.cat\/iesmontbui\/wp-content\/uploads\/usu145\/2020\/02\/IMG_2680-200x150.jpg 200w\" sizes=\"auto, (max-width: 300px) 100vw, 300px\" \/><\/a>\n\t\t\t<\/dt><\/dl><br style=\"clear: both\" \/>\n\t\t<\/div>\n\n<p style=\"text-align: right;\">Laura Costa<\/p>\n<p style=\"text-align: right;\">Coordinaci\u00f3 Biblioteca i Pla Lectora<\/p>\n","protected":false},"excerpt":{"rendered":"<p>L&#8217;IES Montbui ja t\u00e9\u00a0a disposici\u00f3 de l&#8217;alumnat i del professorat la compra de llibres subvencionada\u00a0pel Ministerio de la Presidencia, Relaciones con las Cortes e Igualdad.<br \/>\nLa tem\u00e0tica d\u2019aquesta cinquantena de llibres gira entorn de temes com la igualtat de g\u00e8nere, la prevenci\u00f3 de viol\u00e8ncia masclista, el&hellip;  <a href=\"https:\/\/agora.xtec.cat\/iesmontbui\/general\/llibres-i-igualtat-a-la-biblioteca-del-centre\/\" title=\"Read Llibres i igualtat a la biblioteca del centre\">Llegeix m\u00e9s\u00bb<\/a><\/p>\n","protected":false},"author":66,"featured_media":4207,"comment_status":"open","ping_status":"closed","sticky":false,"template":"","format":"standard","meta":{"_bbp_topic_count":0,"_bbp_reply_count":0,"_bbp_total_topic_count":0,"_bbp_total_reply_count":0,"_bbp_voice_count":0,"_bbp_anonymous_reply_count":0,"_bbp_topic_count_hidden":0,"_bbp_reply_count_hidden":0,"_bbp_forum_subforum_count":0,"footnotes":""},"categories":[1,29],"tags":[128,172,195,252,143],"class_list":["post-4206","post","type-post","status-publish","format-standard","has-post-thumbnail","hentry","category-general","category-portada","tag-batxillerat","tag-biblioteca","tag-eso","tag-igualtat","tag-llibres"],"post_mailing_queue_ids":[],"_links":{"self":[{"href":"https:\/\/agora.xtec.cat\/iesmontbui\/wp-json\/wp\/v2\/posts\/4206","targetHints":{"allow":["GET"]}}],"collection":[{"href":"https:\/\/agora.xtec.cat\/iesmontbui\/wp-json\/wp\/v2\/posts"}],"about":[{"href":"https:\/\/agora.xtec.cat\/iesmontbui\/wp-json\/wp\/v2\/types\/post"}],"author":[{"embeddable":true,"href":"https:\/\/agora.xtec.cat\/iesmontbui\/wp-json\/wp\/v2\/users\/66"}],"replies":[{"embeddable":true,"href":"https:\/\/agora.xtec.cat\/iesmontbui\/wp-json\/wp\/v2\/comments?post=4206"}],"version-history":[{"count":2,"href":"https:\/\/agora.xtec.cat\/iesmontbui\/wp-json\/wp\/v2\/posts\/4206\/revisions"}],"predecessor-version":[{"id":4213,"href":"https:\/\/agora.xtec.cat\/iesmontbui\/wp-json\/wp\/v2\/posts\/4206\/revisions\/4213"}],"wp:featuredmedia":[{"embeddable":true,"href":"https:\/\/agora.xtec.cat\/iesmontbui\/wp-json\/wp\/v2\/media\/4207"}],"wp:attachment":[{"href":"https:\/\/agora.xtec.cat\/iesmontbui\/wp-json\/wp\/v2\/media?parent=4206"}],"wp:term":[{"taxonomy":"category","embeddable":true,"href":"https:\/\/agora.xtec.cat\/iesmontbui\/wp-json\/wp\/v2\/categories?post=4206"},{"taxonomy":"post_tag","embeddable":true,"href":"https:\/\/agora.xtec.cat\/iesmontbui\/wp-json\/wp\/v2\/tags?post=4206"}],"curies":[{"name":"wp","href":"https:\/\/api.w.org\/{rel}","templated":true}]}}