{"id":3994,"date":"2019-12-20T01:10:46","date_gmt":"2019-12-20T00:10:46","guid":{"rendered":"https:\/\/agora.xtec.cat\/iesmontbui\/?p=3994"},"modified":"2019-12-20T13:17:29","modified_gmt":"2019-12-20T12:17:29","slug":"la-nostra-coral-canta-per-als-mes-petits","status":"publish","type":"post","link":"https:\/\/agora.xtec.cat\/iesmontbui\/general\/la-nostra-coral-canta-per-als-mes-petits\/","title":{"rendered":"La nostra coral canta per als m\u00e9s petits"},"content":{"rendered":"<p>El passat dimecres 18 de desembre els cantaires de la coral vam tenir el plaer de realitzar, un any m\u00e9s, la jornada de concerts per a les escoles de prim\u00e0ria i per a les llars d\u2019infants del nucli urb\u00e0, on els vam oferir el nostre repertori de Nadal.<\/p>\n<p>El dia va comen\u00e7ar amb una mica de t\u00e8cnica vocal i exercicis per escalfar la veu a la classe de m\u00fasica del centre, tot seguit vam agafar els instruments i vam iniciar la marxa per a realitzar tots els concerts.<\/p>\n<p>El primer es va dur a terme al Garc\u00eda Lorca, on vam oferir un concert a tots els alumnes del centre, els quals van participar en\u00e8rgicament del concert i van portar el ritme, van cantar i van gaudir molt de les melodies.<\/p>\n<p>Tot seguit vam agafar tots els instruments i ens vam traslladar al Mont-\u00c0gora, on ens esperaven els alumnes de les llars d\u2019infants del poble, llestos per gaudir del concert i per fer cagar el Ti\u00f3. Aquest concert va ser molt emotiu i va comptar amb un ambient m\u00e9s que acollidor, ja que es va haver de cantar amb veu m\u00e9s tendra i fluixa.<\/p>\n<p>Per acabar, despr\u00e9s d\u2019una parada per esmorzar i una mica de gresca, vam fer el darrer concert a l\u2019Antoni Gaud\u00ed, davant m\u00e9s de 400 alumnes que ens van posar la pell de gallina quan es van unir a nosaltres per cantar les can\u00e7ons m\u00e9s conegudes del nostre repertori, com \u201cEl Burrito Sabanero\u201d o \u201cFeliz Navidad\u201d.<\/p>\n<p>Tot aix\u00f2 va resultar en una jornada amb una barreja de sensacions molt variada: la tendresa del concert per a llars d\u2019infants, els nervis perqu\u00e8 sort\u00eds b\u00e9, l\u2019emoci\u00f3 de cantar a les nostres antigues escoles, per\u00f2, sobretot, el sentiment d\u2019alegria que \u00e9s el que ens aporta la m\u00fasica i el fet de fer gaudir el p\u00fablic, mentre els f\u00e8iem part\u00edcips de les nostres melodies.<\/p>\n\n\t\t<style type=\"text\/css\">\n\t\t\t#gallery-1 {\n\t\t\t\tmargin: auto;\n\t\t\t}\n\t\t\t#gallery-1 .gallery-item {\n\t\t\t\tfloat: left;\n\t\t\t\tmargin-top: 10px;\n\t\t\t\ttext-align: center;\n\t\t\t\twidth: 33%;\n\t\t\t}\n\t\t\t#gallery-1 img {\n\t\t\t\tborder: 2px solid #cfcfcf;\n\t\t\t}\n\t\t\t#gallery-1 .gallery-caption {\n\t\t\t\tmargin-left: 0;\n\t\t\t}\n\t\t\t\/* see gallery_shortcode() in wp-includes\/media.php *\/\n\t\t<\/style>\n\t\t<div id='gallery-1' class='gallery galleryid-3994 gallery-columns-3 gallery-size-medium'><dl class='gallery-item'>\n\t\t\t<dt class='gallery-icon portrait'>\n\t\t\t\t<a href='https:\/\/agora.xtec.cat\/iesmontbui\/general\/la-nostra-coral-canta-per-als-mes-petits\/attachment\/img_20191218_123158_web\/'><img loading=\"lazy\" decoding=\"async\" width=\"225\" height=\"300\" src=\"https:\/\/agora.xtec.cat\/iesmontbui\/wp-content\/uploads\/usu145\/2019\/12\/IMG_20191218_123158_web-225x300.jpg\" class=\"attachment-medium size-medium\" alt=\"\" srcset=\"https:\/\/agora.xtec.cat\/iesmontbui\/wp-content\/uploads\/usu145\/2019\/12\/IMG_20191218_123158_web-225x300.jpg 225w, https:\/\/agora.xtec.cat\/iesmontbui\/wp-content\/uploads\/usu145\/2019\/12\/IMG_20191218_123158_web.jpg 709w\" sizes=\"auto, (max-width: 225px) 100vw, 225px\" \/><\/a>\n\t\t\t<\/dt><\/dl><dl class='gallery-item'>\n\t\t\t<dt class='gallery-icon portrait'>\n\t\t\t\t<a href='https:\/\/agora.xtec.cat\/iesmontbui\/general\/la-nostra-coral-canta-per-als-mes-petits\/attachment\/coral-1\/'><img loading=\"lazy\" decoding=\"async\" width=\"224\" height=\"300\" src=\"https:\/\/agora.xtec.cat\/iesmontbui\/wp-content\/uploads\/usu145\/2019\/12\/coral-1-224x300.png\" class=\"attachment-medium size-medium\" alt=\"\" srcset=\"https:\/\/agora.xtec.cat\/iesmontbui\/wp-content\/uploads\/usu145\/2019\/12\/coral-1-224x300.png 224w, https:\/\/agora.xtec.cat\/iesmontbui\/wp-content\/uploads\/usu145\/2019\/12\/coral-1.png 285w\" sizes=\"auto, (max-width: 224px) 100vw, 224px\" \/><\/a>\n\t\t\t<\/dt><\/dl><dl class='gallery-item'>\n\t\t\t<dt class='gallery-icon landscape'>\n\t\t\t\t<a href='https:\/\/agora.xtec.cat\/iesmontbui\/general\/la-nostra-coral-canta-per-als-mes-petits\/attachment\/coral-2\/'><img loading=\"lazy\" decoding=\"async\" width=\"300\" height=\"225\" src=\"https:\/\/agora.xtec.cat\/iesmontbui\/wp-content\/uploads\/usu145\/2019\/12\/coral-2-300x225.png\" class=\"attachment-medium size-medium\" alt=\"\" srcset=\"https:\/\/agora.xtec.cat\/iesmontbui\/wp-content\/uploads\/usu145\/2019\/12\/coral-2-300x225.png 300w, https:\/\/agora.xtec.cat\/iesmontbui\/wp-content\/uploads\/usu145\/2019\/12\/coral-2-200x150.png 200w, https:\/\/agora.xtec.cat\/iesmontbui\/wp-content\/uploads\/usu145\/2019\/12\/coral-2.png 401w\" sizes=\"auto, (max-width: 300px) 100vw, 300px\" \/><\/a>\n\t\t\t<\/dt><\/dl><br style=\"clear: both\" \/>\n\t\t<\/div>\n\n<p style=\"text-align: right;\">Coral de l&#8217;Institut Montbui<\/p>\n<p>&nbsp;<\/p>\n","protected":false},"excerpt":{"rendered":"<p>El passat dimecres 18 de desembre els cantaires de la coral vam tenir el plaer de realitzar, un any m\u00e9s, la jornada de concerts per a les escoles de prim\u00e0ria i per a les llars d\u2019infants del nucli urb\u00e0, on els vam oferir el nostre&hellip;  <a href=\"https:\/\/agora.xtec.cat\/iesmontbui\/general\/la-nostra-coral-canta-per-als-mes-petits\/\" title=\"Read La nostra coral canta per als m\u00e9s petits\">Llegeix m\u00e9s\u00bb<\/a><\/p>\n","protected":false},"author":66,"featured_media":4022,"comment_status":"open","ping_status":"closed","sticky":false,"template":"","format":"standard","meta":{"_bbp_topic_count":0,"_bbp_reply_count":0,"_bbp_total_topic_count":0,"_bbp_total_reply_count":0,"_bbp_voice_count":0,"_bbp_anonymous_reply_count":0,"_bbp_topic_count_hidden":0,"_bbp_reply_count_hidden":0,"_bbp_forum_subforum_count":0,"footnotes":""},"categories":[161,1,29],"tags":[148,232,195,230,208,229,39],"class_list":["post-3994","post","type-post","status-publish","format-standard","has-post-thumbnail","hentry","category-coral","category-general","category-portada","tag-coral","tag-escoles","tag-eso","tag-festes","tag-musica","tag-nadal","tag-sortides"],"post_mailing_queue_ids":[],"_links":{"self":[{"href":"https:\/\/agora.xtec.cat\/iesmontbui\/wp-json\/wp\/v2\/posts\/3994","targetHints":{"allow":["GET"]}}],"collection":[{"href":"https:\/\/agora.xtec.cat\/iesmontbui\/wp-json\/wp\/v2\/posts"}],"about":[{"href":"https:\/\/agora.xtec.cat\/iesmontbui\/wp-json\/wp\/v2\/types\/post"}],"author":[{"embeddable":true,"href":"https:\/\/agora.xtec.cat\/iesmontbui\/wp-json\/wp\/v2\/users\/66"}],"replies":[{"embeddable":true,"href":"https:\/\/agora.xtec.cat\/iesmontbui\/wp-json\/wp\/v2\/comments?post=3994"}],"version-history":[{"count":2,"href":"https:\/\/agora.xtec.cat\/iesmontbui\/wp-json\/wp\/v2\/posts\/3994\/revisions"}],"predecessor-version":[{"id":4020,"href":"https:\/\/agora.xtec.cat\/iesmontbui\/wp-json\/wp\/v2\/posts\/3994\/revisions\/4020"}],"wp:featuredmedia":[{"embeddable":true,"href":"https:\/\/agora.xtec.cat\/iesmontbui\/wp-json\/wp\/v2\/media\/4022"}],"wp:attachment":[{"href":"https:\/\/agora.xtec.cat\/iesmontbui\/wp-json\/wp\/v2\/media?parent=3994"}],"wp:term":[{"taxonomy":"category","embeddable":true,"href":"https:\/\/agora.xtec.cat\/iesmontbui\/wp-json\/wp\/v2\/categories?post=3994"},{"taxonomy":"post_tag","embeddable":true,"href":"https:\/\/agora.xtec.cat\/iesmontbui\/wp-json\/wp\/v2\/tags?post=3994"}],"curies":[{"name":"wp","href":"https:\/\/api.w.org\/{rel}","templated":true}]}}