{"id":3987,"date":"2019-12-20T00:52:13","date_gmt":"2019-12-19T23:52:13","guid":{"rendered":"https:\/\/agora.xtec.cat\/iesmontbui\/?p=3987"},"modified":"2020-03-05T20:09:28","modified_gmt":"2020-03-05T19:09:28","slug":"visita-al-jardi-botanic-de-barcelona","status":"publish","type":"post","link":"https:\/\/agora.xtec.cat\/iesmontbui\/portada\/visita-al-jardi-botanic-de-barcelona\/","title":{"rendered":"Visita al Jard\u00ed Bot\u00e0nic de Barcelona"},"content":{"rendered":"<p>El dilluns dia 16 de desembre vam visitar el Jard\u00ed Bot\u00e0nic de Barcelona.<\/p>\n<p>L\u2019alumnat de Comunicaci\u00f3 de projectes de 3r d\u2019ESO i el de l\u2019Aula d\u2019Acollida vam anar a Barcelona a visitar el Jard\u00ed Bot\u00e0nic. All\u00e0, la Patr\u00edcia ens va explicar unes quantes caracter\u00edstiques \u2013algunes no molt conegudes\u2013 sobre les plantes, com pot ser resist\u00e8ncia al foc, els tipus de plantes d\u2019aromes diferents, etc.<\/p>\n<p>Aquest jard\u00ed est\u00e0 situat a la muntanya de Montju\u00efc i compta amb diferents zones que fan refer\u00e8ncia a llocs diversos del m\u00f3n, com per exemple: California, Xile, Sud-\u00e0frica o Australia, la qual cosa significa que al jard\u00ed podem trobar plantes pr\u00f2pies d\u2019aquelles zones.<\/p>\n<p>El Jard\u00ed Bot\u00e0nic de Barcleona \u00e9s un bon lloc per a les persones que els entusiasmen les plantes, per saber-ne m\u00e9s i per experimentar coses noves i observar, segurament, plantes que ni s\u2019imaginen que existeixen i que no havien vist mai.<\/p>\n<p><strong>Vet aqu\u00ed una mica d\u2019informaci\u00f3 sobre les estrat\u00e8gies d\u2019algunes de les plantes que trobem al jard\u00ed:<\/strong><\/p>\n<ul>\n<li><strong>Xile<\/strong>: Les estrat\u00e8gies de les plantes de Xile s\u00f3n la profunditat de les arrels i la fabricaci\u00f3 de components arom\u00e0tics.<\/li>\n<li><strong>Fynbos, sud-afric\u00e0<\/strong>: Les estrat\u00e8gies de les plantes de Fynbos, sud-afric\u00e0, s\u00f3n la resist\u00e8ncia al foc i les plantes esclerofil\u00b7les.<\/li>\n<li><strong>Mallee, australi\u00e0<\/strong>: Les estrat\u00e8gies de les plantes de Mallee, Austr\u00e0lia, s\u00f3n la resist\u00e8ncia al foc i les plantes esclerofil\u00b7les.<\/li>\n<li><strong>Chaparral, Californi\u00e0<\/strong>: Les estrat\u00e8gies de les plantes de Chaparral, Californi\u00e0, s\u00f3n reservar aigua, sobretot, per\u00f2 cal dir que tamb\u00e9 tenen un tronc molt robust per resistir-se al foc.<\/li>\n<\/ul>\n\n\t\t<style type=\"text\/css\">\n\t\t\t#gallery-1 {\n\t\t\t\tmargin: auto;\n\t\t\t}\n\t\t\t#gallery-1 .gallery-item {\n\t\t\t\tfloat: left;\n\t\t\t\tmargin-top: 10px;\n\t\t\t\ttext-align: center;\n\t\t\t\twidth: 33%;\n\t\t\t}\n\t\t\t#gallery-1 img {\n\t\t\t\tborder: 2px solid #cfcfcf;\n\t\t\t}\n\t\t\t#gallery-1 .gallery-caption {\n\t\t\t\tmargin-left: 0;\n\t\t\t}\n\t\t\t\/* see gallery_shortcode() in wp-includes\/media.php *\/\n\t\t<\/style>\n\t\t<div id='gallery-1' class='gallery galleryid-3987 gallery-columns-3 gallery-size-medium'><dl class='gallery-item'>\n\t\t\t<dt class='gallery-icon landscape'>\n\t\t\t\t<a href='https:\/\/agora.xtec.cat\/iesmontbui\/portada\/visita-al-jardi-botanic-de-barcelona\/attachment\/jardi_botanic_barcelona_c1\/'><img loading=\"lazy\" decoding=\"async\" width=\"300\" height=\"169\" src=\"https:\/\/agora.xtec.cat\/iesmontbui\/wp-content\/uploads\/usu145\/2019\/12\/jardi_botanic_barcelona_c1-300x169.jpg\" class=\"attachment-medium size-medium\" alt=\"\" srcset=\"https:\/\/agora.xtec.cat\/iesmontbui\/wp-content\/uploads\/usu145\/2019\/12\/jardi_botanic_barcelona_c1-300x169.jpg 300w, https:\/\/agora.xtec.cat\/iesmontbui\/wp-content\/uploads\/usu145\/2019\/12\/jardi_botanic_barcelona_c1.jpg 665w\" sizes=\"auto, (max-width: 300px) 100vw, 300px\" \/><\/a>\n\t\t\t<\/dt><\/dl><dl class='gallery-item'>\n\t\t\t<dt class='gallery-icon landscape'>\n\t\t\t\t<a href='https:\/\/agora.xtec.cat\/iesmontbui\/portada\/visita-al-jardi-botanic-de-barcelona\/attachment\/img_20191216_104416_web\/'><img loading=\"lazy\" decoding=\"async\" width=\"300\" height=\"225\" src=\"https:\/\/agora.xtec.cat\/iesmontbui\/wp-content\/uploads\/usu145\/2019\/12\/IMG_20191216_104416_web-300x225.jpg\" class=\"attachment-medium size-medium\" alt=\"\" srcset=\"https:\/\/agora.xtec.cat\/iesmontbui\/wp-content\/uploads\/usu145\/2019\/12\/IMG_20191216_104416_web-300x225.jpg 300w, https:\/\/agora.xtec.cat\/iesmontbui\/wp-content\/uploads\/usu145\/2019\/12\/IMG_20191216_104416_web-768x576.jpg 768w, https:\/\/agora.xtec.cat\/iesmontbui\/wp-content\/uploads\/usu145\/2019\/12\/IMG_20191216_104416_web-200x150.jpg 200w, https:\/\/agora.xtec.cat\/iesmontbui\/wp-content\/uploads\/usu145\/2019\/12\/IMG_20191216_104416_web.jpg 964w\" sizes=\"auto, (max-width: 300px) 100vw, 300px\" \/><\/a>\n\t\t\t<\/dt><\/dl><dl class='gallery-item'>\n\t\t\t<dt class='gallery-icon landscape'>\n\t\t\t\t<a href='https:\/\/agora.xtec.cat\/iesmontbui\/portada\/visita-al-jardi-botanic-de-barcelona\/attachment\/jardi-botanic-de-barcelona01\/'><img loading=\"lazy\" decoding=\"async\" width=\"300\" height=\"199\" src=\"https:\/\/agora.xtec.cat\/iesmontbui\/wp-content\/uploads\/usu145\/2019\/12\/Jardi-Botanic-de-Barcelona01-300x199.jpg\" class=\"attachment-medium size-medium\" alt=\"\" srcset=\"https:\/\/agora.xtec.cat\/iesmontbui\/wp-content\/uploads\/usu145\/2019\/12\/Jardi-Botanic-de-Barcelona01-300x199.jpg 300w, https:\/\/agora.xtec.cat\/iesmontbui\/wp-content\/uploads\/usu145\/2019\/12\/Jardi-Botanic-de-Barcelona01-768x510.jpg 768w, https:\/\/agora.xtec.cat\/iesmontbui\/wp-content\/uploads\/usu145\/2019\/12\/Jardi-Botanic-de-Barcelona01.jpg 800w\" sizes=\"auto, (max-width: 300px) 100vw, 300px\" \/><\/a>\n\t\t\t<\/dt><\/dl><br style=\"clear: both\" \/>\n\t\t<\/div>\n\n<p style=\"text-align: right;\">Jan Cartagena i Roger Subirana<\/p>\n","protected":false},"excerpt":{"rendered":"<p>El dilluns dia 16 de desembre vam visitar el Jard\u00ed Bot\u00e0nic de Barcelona.<br \/>\nL\u2019alumnat de Comunicaci\u00f3 de projectes de 3r d\u2019ESO i el de l\u2019Aula d\u2019Acollida vam anar a Barcelona a visitar el Jard\u00ed Bot\u00e0nic. All\u00e0, la Patr\u00edcia ens va explicar unes quantes caracter\u00edstiques \u2013algunes no&hellip;  <a href=\"https:\/\/agora.xtec.cat\/iesmontbui\/portada\/visita-al-jardi-botanic-de-barcelona\/\" title=\"Read Visita al Jard\u00ed Bot\u00e0nic de Barcelona\">Llegeix m\u00e9s\u00bb<\/a><\/p>\n","protected":false},"author":66,"featured_media":3989,"comment_status":"open","ping_status":"closed","sticky":false,"template":"","format":"standard","meta":{"_bbp_topic_count":0,"_bbp_reply_count":0,"_bbp_total_topic_count":0,"_bbp_total_reply_count":0,"_bbp_voice_count":0,"_bbp_anonymous_reply_count":0,"_bbp_topic_count_hidden":0,"_bbp_reply_count_hidden":0,"_bbp_forum_subforum_count":0,"footnotes":""},"categories":[29],"tags":[210,195,231,39],"class_list":["post-3987","post","type-post","status-publish","format-standard","has-post-thumbnail","hentry","category-portada","tag-comunicacio","tag-eso","tag-jardi-botanic-de-barcelona","tag-sortides"],"post_mailing_queue_ids":[],"_links":{"self":[{"href":"https:\/\/agora.xtec.cat\/iesmontbui\/wp-json\/wp\/v2\/posts\/3987","targetHints":{"allow":["GET"]}}],"collection":[{"href":"https:\/\/agora.xtec.cat\/iesmontbui\/wp-json\/wp\/v2\/posts"}],"about":[{"href":"https:\/\/agora.xtec.cat\/iesmontbui\/wp-json\/wp\/v2\/types\/post"}],"author":[{"embeddable":true,"href":"https:\/\/agora.xtec.cat\/iesmontbui\/wp-json\/wp\/v2\/users\/66"}],"replies":[{"embeddable":true,"href":"https:\/\/agora.xtec.cat\/iesmontbui\/wp-json\/wp\/v2\/comments?post=3987"}],"version-history":[{"count":3,"href":"https:\/\/agora.xtec.cat\/iesmontbui\/wp-json\/wp\/v2\/posts\/3987\/revisions"}],"predecessor-version":[{"id":4472,"href":"https:\/\/agora.xtec.cat\/iesmontbui\/wp-json\/wp\/v2\/posts\/3987\/revisions\/4472"}],"wp:featuredmedia":[{"embeddable":true,"href":"https:\/\/agora.xtec.cat\/iesmontbui\/wp-json\/wp\/v2\/media\/3989"}],"wp:attachment":[{"href":"https:\/\/agora.xtec.cat\/iesmontbui\/wp-json\/wp\/v2\/media?parent=3987"}],"wp:term":[{"taxonomy":"category","embeddable":true,"href":"https:\/\/agora.xtec.cat\/iesmontbui\/wp-json\/wp\/v2\/categories?post=3987"},{"taxonomy":"post_tag","embeddable":true,"href":"https:\/\/agora.xtec.cat\/iesmontbui\/wp-json\/wp\/v2\/tags?post=3987"}],"curies":[{"name":"wp","href":"https:\/\/api.w.org\/{rel}","templated":true}]}}