{"id":3918,"date":"2019-12-02T00:05:29","date_gmt":"2019-12-01T23:05:29","guid":{"rendered":"https:\/\/agora.xtec.cat\/iesmontbui\/?p=3918"},"modified":"2019-12-02T00:13:08","modified_gmt":"2019-12-01T23:13:08","slug":"linstitut-montbui-contra-la-violencia-masclista","status":"publish","type":"post","link":"https:\/\/agora.xtec.cat\/iesmontbui\/general\/linstitut-montbui-contra-la-violencia-masclista\/","title":{"rendered":"L&#8217;Institut Montbui contra la viol\u00e8ncia masclista"},"content":{"rendered":"<p>El dia 25 de novembre, Dia Internacional per a l&#8217;Eliminaci\u00f3 de la Viol\u00e8ncia envers les Dones, es van dur a terme diferents activitats relacionades amb la tem\u00e0tica protagonista. Al primer pati, unes quantes alumnes van fer la lectura d&#8217;un manifest feminista a moltes veus i un pati ple de gom a gom va poder escoltar les seves paraules m\u00e9s que encertades i sovint corprenedores.<\/p>\n<p>Una altra de les activitats que volem destacar, \u00e9s la que es va realitzar a algunes classes de 1r i 3r d&#8217;ESO que consistia a escriure a un full lila\u00a0frases conscienciadores que convidaven a la reflexi\u00f3. Seguidament, despr\u00e9s de recollir gaireb\u00e9 una quarentena de frases, l&#8217;alumnat les va repartir per tot el centre.<\/p>\n<p>A altres aules es van poder visionar curtsmetratges i comentar-los conjuntament, sempre amb l&#8217;objectiu de reflexionar i posar sobre la taula una tem\u00e0tica tan seriosa com \u00e9s la que fa refer\u00e8ncia a la viol\u00e8ncia envers les dones.<\/p>\n<p>El dia 25 de novembre va ser declarat Dia Internacional per a l&#8217;Eliminaci\u00f3 de la Viol\u00e8ncia envers les dones el juliol de 1981,\u00a0en el context del primer &#8220;Encuentro Feminista de Latinoam\u00e9rica y del Caribe&#8221; celebrat a Bogot\u00e0 (Col\u00f2mbia). En aquesta trobada les dones van denunciar la viol\u00e8ncia de g\u00e8nere en l&#8217;\u00e0mbit dom\u00e8stic, la violaci\u00f3 i l&#8217;assetjament sexual en l&#8217;\u00e0mbit dels governs, incloent-hi la tortura i els abusos que patien moltes presoneres pol\u00edtiques.<\/p>\n\n\t\t<style type=\"text\/css\">\n\t\t\t#gallery-1 {\n\t\t\t\tmargin: auto;\n\t\t\t}\n\t\t\t#gallery-1 .gallery-item {\n\t\t\t\tfloat: left;\n\t\t\t\tmargin-top: 10px;\n\t\t\t\ttext-align: center;\n\t\t\t\twidth: 33%;\n\t\t\t}\n\t\t\t#gallery-1 img {\n\t\t\t\tborder: 2px solid #cfcfcf;\n\t\t\t}\n\t\t\t#gallery-1 .gallery-caption {\n\t\t\t\tmargin-left: 0;\n\t\t\t}\n\t\t\t\/* see gallery_shortcode() in wp-includes\/media.php *\/\n\t\t<\/style>\n\t\t<div id='gallery-1' class='gallery galleryid-3918 gallery-columns-3 gallery-size-medium'><dl class='gallery-item'>\n\t\t\t<dt class='gallery-icon portrait'>\n\t\t\t\t<a href='https:\/\/agora.xtec.cat\/iesmontbui\/general\/linstitut-montbui-contra-la-violencia-masclista\/attachment\/img_1748\/'><img loading=\"lazy\" decoding=\"async\" width=\"225\" height=\"300\" src=\"https:\/\/agora.xtec.cat\/iesmontbui\/wp-content\/uploads\/usu145\/2019\/12\/IMG_1748-225x300.jpg\" class=\"attachment-medium size-medium\" alt=\"\" srcset=\"https:\/\/agora.xtec.cat\/iesmontbui\/wp-content\/uploads\/usu145\/2019\/12\/IMG_1748-225x300.jpg 225w, https:\/\/agora.xtec.cat\/iesmontbui\/wp-content\/uploads\/usu145\/2019\/12\/IMG_1748.jpg 709w\" sizes=\"auto, (max-width: 225px) 100vw, 225px\" \/><\/a>\n\t\t\t<\/dt><\/dl><dl class='gallery-item'>\n\t\t\t<dt class='gallery-icon landscape'>\n\t\t\t\t<a href='https:\/\/agora.xtec.cat\/iesmontbui\/general\/linstitut-montbui-contra-la-violencia-masclista\/attachment\/img_1752\/'><img loading=\"lazy\" decoding=\"async\" width=\"300\" height=\"225\" src=\"https:\/\/agora.xtec.cat\/iesmontbui\/wp-content\/uploads\/usu145\/2019\/12\/IMG_1752-300x225.jpg\" class=\"attachment-medium size-medium\" alt=\"\" srcset=\"https:\/\/agora.xtec.cat\/iesmontbui\/wp-content\/uploads\/usu145\/2019\/12\/IMG_1752-300x225.jpg 300w, https:\/\/agora.xtec.cat\/iesmontbui\/wp-content\/uploads\/usu145\/2019\/12\/IMG_1752-768x576.jpg 768w, https:\/\/agora.xtec.cat\/iesmontbui\/wp-content\/uploads\/usu145\/2019\/12\/IMG_1752-200x150.jpg 200w, https:\/\/agora.xtec.cat\/iesmontbui\/wp-content\/uploads\/usu145\/2019\/12\/IMG_1752.jpg 964w\" sizes=\"auto, (max-width: 300px) 100vw, 300px\" \/><\/a>\n\t\t\t<\/dt><\/dl><dl class='gallery-item'>\n\t\t\t<dt class='gallery-icon landscape'>\n\t\t\t\t<a href='https:\/\/agora.xtec.cat\/iesmontbui\/general\/linstitut-montbui-contra-la-violencia-masclista\/attachment\/img_1758\/'><img loading=\"lazy\" decoding=\"async\" width=\"300\" height=\"225\" src=\"https:\/\/agora.xtec.cat\/iesmontbui\/wp-content\/uploads\/usu145\/2019\/12\/IMG_1758-300x225.jpg\" class=\"attachment-medium size-medium\" alt=\"\" srcset=\"https:\/\/agora.xtec.cat\/iesmontbui\/wp-content\/uploads\/usu145\/2019\/12\/IMG_1758-300x225.jpg 300w, https:\/\/agora.xtec.cat\/iesmontbui\/wp-content\/uploads\/usu145\/2019\/12\/IMG_1758-768x576.jpg 768w, https:\/\/agora.xtec.cat\/iesmontbui\/wp-content\/uploads\/usu145\/2019\/12\/IMG_1758-1024x768.jpg 1024w, https:\/\/agora.xtec.cat\/iesmontbui\/wp-content\/uploads\/usu145\/2019\/12\/IMG_1758-200x150.jpg 200w\" sizes=\"auto, (max-width: 300px) 100vw, 300px\" \/><\/a>\n\t\t\t<\/dt><\/dl><br style=\"clear: both\" \/><dl class='gallery-item'>\n\t\t\t<dt class='gallery-icon landscape'>\n\t\t\t\t<a href='https:\/\/agora.xtec.cat\/iesmontbui\/general\/linstitut-montbui-contra-la-violencia-masclista\/attachment\/img_1759\/'><img loading=\"lazy\" decoding=\"async\" width=\"300\" height=\"225\" src=\"https:\/\/agora.xtec.cat\/iesmontbui\/wp-content\/uploads\/usu145\/2019\/12\/IMG_1759-300x225.jpg\" class=\"attachment-medium size-medium\" alt=\"\" srcset=\"https:\/\/agora.xtec.cat\/iesmontbui\/wp-content\/uploads\/usu145\/2019\/12\/IMG_1759-300x225.jpg 300w, https:\/\/agora.xtec.cat\/iesmontbui\/wp-content\/uploads\/usu145\/2019\/12\/IMG_1759-768x576.jpg 768w, https:\/\/agora.xtec.cat\/iesmontbui\/wp-content\/uploads\/usu145\/2019\/12\/IMG_1759-1024x768.jpg 1024w, https:\/\/agora.xtec.cat\/iesmontbui\/wp-content\/uploads\/usu145\/2019\/12\/IMG_1759-200x150.jpg 200w\" sizes=\"auto, (max-width: 300px) 100vw, 300px\" \/><\/a>\n\t\t\t<\/dt><\/dl><dl class='gallery-item'>\n\t\t\t<dt class='gallery-icon portrait'>\n\t\t\t\t<a href='https:\/\/agora.xtec.cat\/iesmontbui\/general\/linstitut-montbui-contra-la-violencia-masclista\/attachment\/img_1761\/'><img loading=\"lazy\" decoding=\"async\" width=\"225\" height=\"300\" src=\"https:\/\/agora.xtec.cat\/iesmontbui\/wp-content\/uploads\/usu145\/2019\/12\/IMG_1761-e1575241391782-225x300.jpg\" class=\"attachment-medium size-medium\" alt=\"\" srcset=\"https:\/\/agora.xtec.cat\/iesmontbui\/wp-content\/uploads\/usu145\/2019\/12\/IMG_1761-e1575241391782-225x300.jpg 225w, https:\/\/agora.xtec.cat\/iesmontbui\/wp-content\/uploads\/usu145\/2019\/12\/IMG_1761-e1575241391782-768x1024.jpg 768w\" sizes=\"auto, (max-width: 225px) 100vw, 225px\" \/><\/a>\n\t\t\t<\/dt><\/dl><dl class='gallery-item'>\n\t\t\t<dt class='gallery-icon landscape'>\n\t\t\t\t<a href='https:\/\/agora.xtec.cat\/iesmontbui\/general\/linstitut-montbui-contra-la-violencia-masclista\/attachment\/img_1762\/'><img loading=\"lazy\" decoding=\"async\" width=\"300\" height=\"225\" src=\"https:\/\/agora.xtec.cat\/iesmontbui\/wp-content\/uploads\/usu145\/2019\/12\/IMG_1762-300x225.jpg\" class=\"attachment-medium size-medium\" alt=\"\" srcset=\"https:\/\/agora.xtec.cat\/iesmontbui\/wp-content\/uploads\/usu145\/2019\/12\/IMG_1762-300x225.jpg 300w, https:\/\/agora.xtec.cat\/iesmontbui\/wp-content\/uploads\/usu145\/2019\/12\/IMG_1762-768x576.jpg 768w, https:\/\/agora.xtec.cat\/iesmontbui\/wp-content\/uploads\/usu145\/2019\/12\/IMG_1762-1024x768.jpg 1024w, https:\/\/agora.xtec.cat\/iesmontbui\/wp-content\/uploads\/usu145\/2019\/12\/IMG_1762-200x150.jpg 200w\" sizes=\"auto, (max-width: 300px) 100vw, 300px\" \/><\/a>\n\t\t\t<\/dt><\/dl><br style=\"clear: both\" \/><dl class='gallery-item'>\n\t\t\t<dt class='gallery-icon landscape'>\n\t\t\t\t<a href='https:\/\/agora.xtec.cat\/iesmontbui\/general\/linstitut-montbui-contra-la-violencia-masclista\/attachment\/img_1764\/'><img loading=\"lazy\" decoding=\"async\" width=\"300\" height=\"225\" src=\"https:\/\/agora.xtec.cat\/iesmontbui\/wp-content\/uploads\/usu145\/2019\/12\/IMG_1764-300x225.jpg\" class=\"attachment-medium size-medium\" alt=\"\" srcset=\"https:\/\/agora.xtec.cat\/iesmontbui\/wp-content\/uploads\/usu145\/2019\/12\/IMG_1764-300x225.jpg 300w, https:\/\/agora.xtec.cat\/iesmontbui\/wp-content\/uploads\/usu145\/2019\/12\/IMG_1764-768x576.jpg 768w, https:\/\/agora.xtec.cat\/iesmontbui\/wp-content\/uploads\/usu145\/2019\/12\/IMG_1764-1024x768.jpg 1024w, https:\/\/agora.xtec.cat\/iesmontbui\/wp-content\/uploads\/usu145\/2019\/12\/IMG_1764-200x150.jpg 200w\" sizes=\"auto, (max-width: 300px) 100vw, 300px\" \/><\/a>\n\t\t\t<\/dt><\/dl><dl class='gallery-item'>\n\t\t\t<dt class='gallery-icon landscape'>\n\t\t\t\t<a href='https:\/\/agora.xtec.cat\/iesmontbui\/general\/linstitut-montbui-contra-la-violencia-masclista\/attachment\/img_1765\/'><img loading=\"lazy\" decoding=\"async\" width=\"300\" height=\"209\" src=\"https:\/\/agora.xtec.cat\/iesmontbui\/wp-content\/uploads\/usu145\/2019\/12\/IMG_1765-300x209.jpg\" class=\"attachment-medium size-medium\" alt=\"\" srcset=\"https:\/\/agora.xtec.cat\/iesmontbui\/wp-content\/uploads\/usu145\/2019\/12\/IMG_1765-300x209.jpg 300w, https:\/\/agora.xtec.cat\/iesmontbui\/wp-content\/uploads\/usu145\/2019\/12\/IMG_1765-768x534.jpg 768w, https:\/\/agora.xtec.cat\/iesmontbui\/wp-content\/uploads\/usu145\/2019\/12\/IMG_1765.jpg 992w\" sizes=\"auto, (max-width: 300px) 100vw, 300px\" \/><\/a>\n\t\t\t<\/dt><\/dl>\n\t\t\t<br style='clear: both' \/>\n\t\t<\/div>\n\n","protected":false},"excerpt":{"rendered":"<p>El dia 25 de novembre, Dia Internacional per a l&#8217;Eliminaci\u00f3 de la Viol\u00e8ncia envers les Dones, es van dur a terme diferents activitats relacionades amb la tem\u00e0tica protagonista. Al primer pati, unes quantes alumnes van fer la lectura d&#8217;un manifest feminista a moltes veus i&hellip;  <a href=\"https:\/\/agora.xtec.cat\/iesmontbui\/general\/linstitut-montbui-contra-la-violencia-masclista\/\" title=\"Read L&#8217;Institut Montbui contra la viol\u00e8ncia masclista\">Llegeix m\u00e9s\u00bb<\/a><\/p>\n","protected":false},"author":66,"featured_media":3928,"comment_status":"open","ping_status":"closed","sticky":false,"template":"","format":"standard","meta":{"_bbp_topic_count":0,"_bbp_reply_count":0,"_bbp_total_topic_count":0,"_bbp_total_reply_count":0,"_bbp_voice_count":0,"_bbp_anonymous_reply_count":0,"_bbp_topic_count_hidden":0,"_bbp_reply_count_hidden":0,"_bbp_forum_subforum_count":0,"footnotes":""},"categories":[1,29],"tags":[195,212,213],"class_list":["post-3918","post","type-post","status-publish","format-standard","has-post-thumbnail","hentry","category-general","category-portada","tag-eso","tag-feminisme","tag-lluita"],"post_mailing_queue_ids":[],"_links":{"self":[{"href":"https:\/\/agora.xtec.cat\/iesmontbui\/wp-json\/wp\/v2\/posts\/3918","targetHints":{"allow":["GET"]}}],"collection":[{"href":"https:\/\/agora.xtec.cat\/iesmontbui\/wp-json\/wp\/v2\/posts"}],"about":[{"href":"https:\/\/agora.xtec.cat\/iesmontbui\/wp-json\/wp\/v2\/types\/post"}],"author":[{"embeddable":true,"href":"https:\/\/agora.xtec.cat\/iesmontbui\/wp-json\/wp\/v2\/users\/66"}],"replies":[{"embeddable":true,"href":"https:\/\/agora.xtec.cat\/iesmontbui\/wp-json\/wp\/v2\/comments?post=3918"}],"version-history":[{"count":3,"href":"https:\/\/agora.xtec.cat\/iesmontbui\/wp-json\/wp\/v2\/posts\/3918\/revisions"}],"predecessor-version":[{"id":3931,"href":"https:\/\/agora.xtec.cat\/iesmontbui\/wp-json\/wp\/v2\/posts\/3918\/revisions\/3931"}],"wp:featuredmedia":[{"embeddable":true,"href":"https:\/\/agora.xtec.cat\/iesmontbui\/wp-json\/wp\/v2\/media\/3928"}],"wp:attachment":[{"href":"https:\/\/agora.xtec.cat\/iesmontbui\/wp-json\/wp\/v2\/media?parent=3918"}],"wp:term":[{"taxonomy":"category","embeddable":true,"href":"https:\/\/agora.xtec.cat\/iesmontbui\/wp-json\/wp\/v2\/categories?post=3918"},{"taxonomy":"post_tag","embeddable":true,"href":"https:\/\/agora.xtec.cat\/iesmontbui\/wp-json\/wp\/v2\/tags?post=3918"}],"curies":[{"name":"wp","href":"https:\/\/api.w.org\/{rel}","templated":true}]}}