{"id":3900,"date":"2019-11-28T23:10:47","date_gmt":"2019-11-28T22:10:47","guid":{"rendered":"https:\/\/agora.xtec.cat\/iesmontbui\/?p=3900"},"modified":"2019-12-04T12:47:16","modified_gmt":"2019-12-04T11:47:16","slug":"molta-musica-per-santa-cecilia-a-linstitut-montbui","status":"publish","type":"post","link":"https:\/\/agora.xtec.cat\/iesmontbui\/general\/molta-musica-per-santa-cecilia-a-linstitut-montbui\/","title":{"rendered":"Molta m\u00fasica per Santa Cec\u00edlia a l\u2019Institut Montbui"},"content":{"rendered":"<p>El dia 21 i 22 de novembre, per celebrar el dia de Santa Cec\u00edlia \u2013patrona dels m\u00fasics i de la m\u00fasica\u2013, vam fer dues activitats molt musicals i entretingudes. El dijous 21 de novembre vam anar amb els alumnes de 4t d\u2019ESO de les optatives d\u2019ukelele i de batucada a tocar per als nens i nenes de l\u2019Escola Garc\u00eda Lorca de Santa Margarida de Montbui.<\/p>\n<p>Ens va agradar molt\u00edssim poder compartir amb els alumnes d\u2019aquesta escola el que hem estat preparant des de comen\u00e7ament de curs i esperem que els agrad\u00e9s viure aquesta experi\u00e8ncia, tant com a nosaltres!<\/p>\n<p>La segona activitat es va dur a terme el divendres dia 22 de novembre al centre. Durant el primer pati, vam fer un petit concert amb la coral de l\u2019Institut a l\u2019aula d\u2019audiovisuals. En acabar l\u2019actuaci\u00f3 vam prendre un petit refrigeri amb postres de m\u00fasic i moscatell!<\/p>\n\n\t\t<style type=\"text\/css\">\n\t\t\t#gallery-1 {\n\t\t\t\tmargin: auto;\n\t\t\t}\n\t\t\t#gallery-1 .gallery-item {\n\t\t\t\tfloat: left;\n\t\t\t\tmargin-top: 10px;\n\t\t\t\ttext-align: center;\n\t\t\t\twidth: 33%;\n\t\t\t}\n\t\t\t#gallery-1 img {\n\t\t\t\tborder: 2px solid #cfcfcf;\n\t\t\t}\n\t\t\t#gallery-1 .gallery-caption {\n\t\t\t\tmargin-left: 0;\n\t\t\t}\n\t\t\t\/* see gallery_shortcode() in wp-includes\/media.php *\/\n\t\t<\/style>\n\t\t<div id='gallery-1' class='gallery galleryid-3900 gallery-columns-3 gallery-size-medium'><dl class='gallery-item'>\n\t\t\t<dt class='gallery-icon landscape'>\n\t\t\t\t<a href='https:\/\/agora.xtec.cat\/iesmontbui\/general\/molta-musica-per-santa-cecilia-a-linstitut-montbui\/attachment\/img_20191121_105158\/'><img loading=\"lazy\" decoding=\"async\" width=\"300\" height=\"179\" src=\"https:\/\/agora.xtec.cat\/iesmontbui\/wp-content\/uploads\/usu145\/2019\/11\/IMG_20191121_105158-300x179.jpg\" class=\"attachment-medium size-medium\" alt=\"\" srcset=\"https:\/\/agora.xtec.cat\/iesmontbui\/wp-content\/uploads\/usu145\/2019\/11\/IMG_20191121_105158-300x179.jpg 300w, https:\/\/agora.xtec.cat\/iesmontbui\/wp-content\/uploads\/usu145\/2019\/11\/IMG_20191121_105158-768x459.jpg 768w, https:\/\/agora.xtec.cat\/iesmontbui\/wp-content\/uploads\/usu145\/2019\/11\/IMG_20191121_105158-1024x612.jpg 1024w\" sizes=\"auto, (max-width: 300px) 100vw, 300px\" \/><\/a>\n\t\t\t<\/dt><\/dl><dl class='gallery-item'>\n\t\t\t<dt class='gallery-icon landscape'>\n\t\t\t\t<a href='https:\/\/agora.xtec.cat\/iesmontbui\/general\/molta-musica-per-santa-cecilia-a-linstitut-montbui\/attachment\/img_20191122_101228_petita\/'><img loading=\"lazy\" decoding=\"async\" width=\"300\" height=\"272\" src=\"https:\/\/agora.xtec.cat\/iesmontbui\/wp-content\/uploads\/usu145\/2019\/11\/IMG_20191122_101228_petita-300x272.jpg\" class=\"attachment-medium size-medium\" alt=\"\" srcset=\"https:\/\/agora.xtec.cat\/iesmontbui\/wp-content\/uploads\/usu145\/2019\/11\/IMG_20191122_101228_petita-300x272.jpg 300w, https:\/\/agora.xtec.cat\/iesmontbui\/wp-content\/uploads\/usu145\/2019\/11\/IMG_20191122_101228_petita-768x698.jpg 768w, https:\/\/agora.xtec.cat\/iesmontbui\/wp-content\/uploads\/usu145\/2019\/11\/IMG_20191122_101228_petita.jpg 850w\" sizes=\"auto, (max-width: 300px) 100vw, 300px\" \/><\/a>\n\t\t\t<\/dt><\/dl><dl class='gallery-item'>\n\t\t\t<dt class='gallery-icon portrait'>\n\t\t\t\t<a href='https:\/\/agora.xtec.cat\/iesmontbui\/general\/molta-musica-per-santa-cecilia-a-linstitut-montbui\/attachment\/img_20191122_101257_petita\/'><img loading=\"lazy\" decoding=\"async\" width=\"225\" height=\"300\" src=\"https:\/\/agora.xtec.cat\/iesmontbui\/wp-content\/uploads\/usu145\/2019\/11\/IMG_20191122_101257_petita-225x300.jpg\" class=\"attachment-medium size-medium\" alt=\"\" srcset=\"https:\/\/agora.xtec.cat\/iesmontbui\/wp-content\/uploads\/usu145\/2019\/11\/IMG_20191122_101257_petita-225x300.jpg 225w, https:\/\/agora.xtec.cat\/iesmontbui\/wp-content\/uploads\/usu145\/2019\/11\/IMG_20191122_101257_petita.jpg 709w\" sizes=\"auto, (max-width: 225px) 100vw, 225px\" \/><\/a>\n\t\t\t<\/dt><\/dl><br style=\"clear: both\" \/><dl class='gallery-item'>\n\t\t\t<dt class='gallery-icon portrait'>\n\t\t\t\t<a href='https:\/\/agora.xtec.cat\/iesmontbui\/general\/molta-musica-per-santa-cecilia-a-linstitut-montbui\/attachment\/img_20191122_101319_petita\/'><img loading=\"lazy\" decoding=\"async\" width=\"254\" height=\"300\" src=\"https:\/\/agora.xtec.cat\/iesmontbui\/wp-content\/uploads\/usu145\/2019\/11\/IMG_20191122_101319_petita-254x300.jpg\" class=\"attachment-medium size-medium\" alt=\"\" srcset=\"https:\/\/agora.xtec.cat\/iesmontbui\/wp-content\/uploads\/usu145\/2019\/11\/IMG_20191122_101319_petita-254x300.jpg 254w, https:\/\/agora.xtec.cat\/iesmontbui\/wp-content\/uploads\/usu145\/2019\/11\/IMG_20191122_101319_petita.jpg 765w\" sizes=\"auto, (max-width: 254px) 100vw, 254px\" \/><\/a>\n\t\t\t<\/dt><\/dl><dl class='gallery-item'>\n\t\t\t<dt class='gallery-icon landscape'>\n\t\t\t\t<a href='https:\/\/agora.xtec.cat\/iesmontbui\/general\/molta-musica-per-santa-cecilia-a-linstitut-montbui\/attachment\/img_20191122_101039_petita\/'><img loading=\"lazy\" decoding=\"async\" width=\"300\" height=\"140\" src=\"https:\/\/agora.xtec.cat\/iesmontbui\/wp-content\/uploads\/usu145\/2019\/11\/IMG_20191122_101039_petita-300x140.jpg\" class=\"attachment-medium size-medium\" alt=\"\" srcset=\"https:\/\/agora.xtec.cat\/iesmontbui\/wp-content\/uploads\/usu145\/2019\/11\/IMG_20191122_101039_petita-300x140.jpg 300w, https:\/\/agora.xtec.cat\/iesmontbui\/wp-content\/uploads\/usu145\/2019\/11\/IMG_20191122_101039_petita-768x358.jpg 768w, https:\/\/agora.xtec.cat\/iesmontbui\/wp-content\/uploads\/usu145\/2019\/11\/IMG_20191122_101039_petita-1024x478.jpg 1024w, https:\/\/agora.xtec.cat\/iesmontbui\/wp-content\/uploads\/usu145\/2019\/11\/IMG_20191122_101039_petita.jpg 1219w\" sizes=\"auto, (max-width: 300px) 100vw, 300px\" \/><\/a>\n\t\t\t<\/dt><\/dl>\n\t\t\t<br style='clear: both' \/>\n\t\t<\/div>\n\n<p>&nbsp;<\/p>\n<p style=\"text-align: right;\"><strong>Carlota Mir\u00f3 <\/strong><\/p>\n<p style=\"text-align: right;\"><strong>Professora de m\u00fasica<\/strong><\/p>\n","protected":false},"excerpt":{"rendered":"<p>El dia 21 i 22 de novembre, per celebrar el dia de Santa Cec\u00edlia \u2013patrona dels m\u00fasics i de la m\u00fasica\u2013, vam fer dues activitats molt musicals i entretingudes. El dijous 21 de novembre vam anar amb els alumnes de 4t d\u2019ESO de les optatives&hellip;  <a href=\"https:\/\/agora.xtec.cat\/iesmontbui\/general\/molta-musica-per-santa-cecilia-a-linstitut-montbui\/\" title=\"Read Molta m\u00fasica per Santa Cec\u00edlia a l\u2019Institut Montbui\">Llegeix m\u00e9s\u00bb<\/a><\/p>\n","protected":false},"author":66,"featured_media":3905,"comment_status":"open","ping_status":"closed","sticky":false,"template":"","format":"standard","meta":{"_bbp_topic_count":0,"_bbp_reply_count":0,"_bbp_total_topic_count":0,"_bbp_total_reply_count":0,"_bbp_voice_count":0,"_bbp_anonymous_reply_count":0,"_bbp_topic_count_hidden":0,"_bbp_reply_count_hidden":0,"_bbp_forum_subforum_count":0,"footnotes":""},"categories":[161,1,29],"tags":[148,208,209],"class_list":["post-3900","post","type-post","status-publish","format-standard","has-post-thumbnail","hentry","category-coral","category-general","category-portada","tag-coral","tag-musica","tag-santa-cecilia"],"post_mailing_queue_ids":[],"_links":{"self":[{"href":"https:\/\/agora.xtec.cat\/iesmontbui\/wp-json\/wp\/v2\/posts\/3900","targetHints":{"allow":["GET"]}}],"collection":[{"href":"https:\/\/agora.xtec.cat\/iesmontbui\/wp-json\/wp\/v2\/posts"}],"about":[{"href":"https:\/\/agora.xtec.cat\/iesmontbui\/wp-json\/wp\/v2\/types\/post"}],"author":[{"embeddable":true,"href":"https:\/\/agora.xtec.cat\/iesmontbui\/wp-json\/wp\/v2\/users\/66"}],"replies":[{"embeddable":true,"href":"https:\/\/agora.xtec.cat\/iesmontbui\/wp-json\/wp\/v2\/comments?post=3900"}],"version-history":[{"count":1,"href":"https:\/\/agora.xtec.cat\/iesmontbui\/wp-json\/wp\/v2\/posts\/3900\/revisions"}],"predecessor-version":[{"id":3906,"href":"https:\/\/agora.xtec.cat\/iesmontbui\/wp-json\/wp\/v2\/posts\/3900\/revisions\/3906"}],"wp:featuredmedia":[{"embeddable":true,"href":"https:\/\/agora.xtec.cat\/iesmontbui\/wp-json\/wp\/v2\/media\/3905"}],"wp:attachment":[{"href":"https:\/\/agora.xtec.cat\/iesmontbui\/wp-json\/wp\/v2\/media?parent=3900"}],"wp:term":[{"taxonomy":"category","embeddable":true,"href":"https:\/\/agora.xtec.cat\/iesmontbui\/wp-json\/wp\/v2\/categories?post=3900"},{"taxonomy":"post_tag","embeddable":true,"href":"https:\/\/agora.xtec.cat\/iesmontbui\/wp-json\/wp\/v2\/tags?post=3900"}],"curies":[{"name":"wp","href":"https:\/\/api.w.org\/{rel}","templated":true}]}}