{"id":3817,"date":"2019-11-23T14:01:42","date_gmt":"2019-11-23T13:01:42","guid":{"rendered":"https:\/\/agora.xtec.cat\/iesmontbui\/?p=3817"},"modified":"2019-11-25T08:52:06","modified_gmt":"2019-11-25T07:52:06","slug":"sortida-per-penjar-caixes-niu-als-boscos-propers-a-linstitut-montbui","status":"publish","type":"post","link":"https:\/\/agora.xtec.cat\/iesmontbui\/general\/sortida-per-penjar-caixes-niu-als-boscos-propers-a-linstitut-montbui\/","title":{"rendered":"Sortida per penjar caixes-niu als boscos propers a l&#8217;Institut Montbui"},"content":{"rendered":"<p><strong>Antecedents<\/strong><\/p>\n<p>Aquest curs, un dels reptes que ens vam posar els l&#8217;assignatura de Projectes de 2n, va ser construir caixes-niu i caixes per a ratpenats. Vam demanar el suport log\u00edstic del t\u00e8cnic ambiental de l\u2019Ajuntament de Montbui, el qual ens va facilitar el material necesari: palets de fusta reutilitzats.<\/p>\n<p>Seguidament, ens vam disposar a construir unes caixes-niu amb el material que havia aportat l&#8217;Ajuntament. En desmuntar els palets vam descartar fer caixes per a ratpenats, ja que els taulons no tenien l\u2019amplada suficient.<\/p>\n<p>L\u2019alumnat ha disposat d\u2019unes dotze sessions per tallar i fer el muntatge de les caixes-niu. Cinc grups han pogut fer la tasca completa i a dos grups els ha faltat un xic de temps per finalitzar la feina.<\/p>\n<p><strong>Sortida per penjar les caixes-niu<\/strong><\/p>\n<p>El dimarts dia 12 de novembre, vam iniciar la sortida. Cada dos alumnes portaven un sac amb la caixa-niu i la seva corresponent nansa de filferro amb el ganxo gran per poder fer la penjada pertinent a les branques dels arbres.<\/p>\n<p>Seguidament els dos monitors de Geden, associaci\u00f3 ecologista de la comarca de l\u2019Anoia, ens van anar dirigint cap a als boscos m\u00e9s propers a l\u2019Institut.<\/p>\n<p>La M\u00f2nica era l\u2019encarregada de fer omplir una fitxa de la caixa-niu de cada grup on s\u2019omplien les dades seg\u00fcents: n\u00famero de la caixa-niu, data de col\u00b7locaci\u00f3, orifici de l\u2019entrada, tipus d\u2019arbre on es col\u00b7loca, orientaci\u00f3 de l\u2019orifici d\u2019entrada, al\u00e7ada respecte el terra, situaci\u00f3, caracter\u00edstiques de l\u2019h\u00e0bitat, coordenades UTM, altitud i observacions.<\/p>\n<p>En Crist\u00f3bal era l\u2019encarregat de penjar-les i ens explicava com mesurar l\u2019al\u00e7ada mitjan\u00e7ant una barra per col\u00b7locar correctament la caixa-niu, el di\u00e0metre de l\u2019entrada de la caixa-niu, l&#8217;orientaci\u00f3 del forat d\u2019entrada segons la br\u00faixola, les caracter\u00edstiques de l\u2019h\u00e0bitat on es troba cada caixa-niu, coordenades i altitud a trav\u00e9s d\u2019una aplicaci\u00f3 del m\u00f2bil.<\/p>\n<p>Tot passejant pel bosc, vam poder col\u00b7locar les set caixes-niu en diferents masses boscoses.<\/p>\n<p>A partir d\u2019ara els protagonistes seran els ocells que trobin \u00fatil i adient fer servir les nostres caixes-niu. Per fer-ne un seguiment, est\u00e0 previst que el dia 28 d\u2019abril fem una altra sortida per comprovar el % d\u2019ocupaci\u00f3 de les caixes-niu penjades, saber quants han estat els seus ocupants i fer les observacions que en Crist\u00f3bal i la M\u00f2nica considerin necess\u00e0ries.<\/p>\n<p>I quan torn\u00e0vem, despr\u00e9s de la materialitzaci\u00f3 de la feina feta pels alumnes de Projectes de 2n d&#8217;ESO, alguns van cuidar-se de recollir les deixalles d\u2019unes caixes de fusta escampades al bell mig del camp per poder-les dipositar en els contenidors de deixalla selectiva.<\/p>\n<p>Una immillorable manera d\u2019acabar una jornada per recordar!<\/p>\n\n\t\t<style type=\"text\/css\">\n\t\t\t#gallery-1 {\n\t\t\t\tmargin: auto;\n\t\t\t}\n\t\t\t#gallery-1 .gallery-item {\n\t\t\t\tfloat: left;\n\t\t\t\tmargin-top: 10px;\n\t\t\t\ttext-align: center;\n\t\t\t\twidth: 33%;\n\t\t\t}\n\t\t\t#gallery-1 img {\n\t\t\t\tborder: 2px solid #cfcfcf;\n\t\t\t}\n\t\t\t#gallery-1 .gallery-caption {\n\t\t\t\tmargin-left: 0;\n\t\t\t}\n\t\t\t\/* see gallery_shortcode() in wp-includes\/media.php *\/\n\t\t<\/style>\n\t\t<div id='gallery-1' class='gallery galleryid-3817 gallery-columns-3 gallery-size-medium'><dl class='gallery-item'>\n\t\t\t<dt class='gallery-icon landscape'>\n\t\t\t\t<a href='https:\/\/agora.xtec.cat\/iesmontbui\/general\/sortida-per-penjar-caixes-niu-als-boscos-propers-a-linstitut-montbui\/attachment\/btrhdr\/'><img loading=\"lazy\" decoding=\"async\" width=\"300\" height=\"169\" src=\"https:\/\/agora.xtec.cat\/iesmontbui\/wp-content\/uploads\/usu145\/2019\/11\/IMG_20191112_113648-300x169.jpg\" class=\"attachment-medium size-medium\" alt=\"\" aria-describedby=\"gallery-1-3818\" srcset=\"https:\/\/agora.xtec.cat\/iesmontbui\/wp-content\/uploads\/usu145\/2019\/11\/IMG_20191112_113648-300x169.jpg 300w, https:\/\/agora.xtec.cat\/iesmontbui\/wp-content\/uploads\/usu145\/2019\/11\/IMG_20191112_113648-768x433.jpg 768w, https:\/\/agora.xtec.cat\/iesmontbui\/wp-content\/uploads\/usu145\/2019\/11\/IMG_20191112_113648-1024x578.jpg 1024w, https:\/\/agora.xtec.cat\/iesmontbui\/wp-content\/uploads\/usu145\/2019\/11\/IMG_20191112_113648.jpg 1106w\" sizes=\"auto, (max-width: 300px) 100vw, 300px\" \/><\/a>\n\t\t\t<\/dt>\n\t\t\t\t<dd class='wp-caption-text gallery-caption' id='gallery-1-3818'>\n\t\t\t\tEl grup d&#8217;alumnes preparat per anar a penjar les caixes-niu. \n\t\t\t\t<\/dd><\/dl><dl class='gallery-item'>\n\t\t\t<dt class='gallery-icon landscape'>\n\t\t\t\t<a href='https:\/\/agora.xtec.cat\/iesmontbui\/general\/sortida-per-penjar-caixes-niu-als-boscos-propers-a-linstitut-montbui\/attachment\/btr-3\/'><img loading=\"lazy\" decoding=\"async\" width=\"300\" height=\"169\" src=\"https:\/\/agora.xtec.cat\/iesmontbui\/wp-content\/uploads\/usu145\/2019\/11\/IMG_20191112_121459-300x169.jpg\" class=\"attachment-medium size-medium\" alt=\"\" aria-describedby=\"gallery-1-3824\" srcset=\"https:\/\/agora.xtec.cat\/iesmontbui\/wp-content\/uploads\/usu145\/2019\/11\/IMG_20191112_121459-300x169.jpg 300w, https:\/\/agora.xtec.cat\/iesmontbui\/wp-content\/uploads\/usu145\/2019\/11\/IMG_20191112_121459-768x433.jpg 768w, https:\/\/agora.xtec.cat\/iesmontbui\/wp-content\/uploads\/usu145\/2019\/11\/IMG_20191112_121459-1024x578.jpg 1024w, https:\/\/agora.xtec.cat\/iesmontbui\/wp-content\/uploads\/usu145\/2019\/11\/IMG_20191112_121459.jpg 1106w\" sizes=\"auto, (max-width: 300px) 100vw, 300px\" \/><\/a>\n\t\t\t<\/dt>\n\t\t\t\t<dd class='wp-caption-text gallery-caption' id='gallery-1-3824'>\n\t\t\t\tBuscant el millor lloc per penjar les caixes-niu.\n\t\t\t\t<\/dd><\/dl><dl class='gallery-item'>\n\t\t\t<dt class='gallery-icon landscape'>\n\t\t\t\t<a href='https:\/\/agora.xtec.cat\/iesmontbui\/general\/sortida-per-penjar-caixes-niu-als-boscos-propers-a-linstitut-montbui\/attachment\/btrhdr-6\/'><img loading=\"lazy\" decoding=\"async\" width=\"300\" height=\"169\" src=\"https:\/\/agora.xtec.cat\/iesmontbui\/wp-content\/uploads\/usu145\/2019\/11\/IMG_20191112_125600-2-300x169.jpg\" class=\"attachment-medium size-medium\" alt=\"\" aria-describedby=\"gallery-1-3826\" srcset=\"https:\/\/agora.xtec.cat\/iesmontbui\/wp-content\/uploads\/usu145\/2019\/11\/IMG_20191112_125600-2-300x169.jpg 300w, https:\/\/agora.xtec.cat\/iesmontbui\/wp-content\/uploads\/usu145\/2019\/11\/IMG_20191112_125600-2-768x433.jpg 768w, https:\/\/agora.xtec.cat\/iesmontbui\/wp-content\/uploads\/usu145\/2019\/11\/IMG_20191112_125600-2-1024x578.jpg 1024w, https:\/\/agora.xtec.cat\/iesmontbui\/wp-content\/uploads\/usu145\/2019\/11\/IMG_20191112_125600-2.jpg 1106w\" sizes=\"auto, (max-width: 300px) 100vw, 300px\" \/><\/a>\n\t\t\t<\/dt>\n\t\t\t\t<dd class='wp-caption-text gallery-caption' id='gallery-1-3826'>\n\t\t\t\tOmplint la fitxa de seguiment i control de les caixes-niu amb l&#8217;ajuda de la M\u00f2nica, monitora de Geden. \n\t\t\t\t<\/dd><\/dl><br style=\"clear: both\" \/><dl class='gallery-item'>\n\t\t\t<dt class='gallery-icon landscape'>\n\t\t\t\t<a href='https:\/\/agora.xtec.cat\/iesmontbui\/general\/sortida-per-penjar-caixes-niu-als-boscos-propers-a-linstitut-montbui\/attachment\/btrhdr-2\/'><img loading=\"lazy\" decoding=\"async\" width=\"300\" height=\"169\" src=\"https:\/\/agora.xtec.cat\/iesmontbui\/wp-content\/uploads\/usu145\/2019\/11\/IMG_20191112_114747-300x169.jpg\" class=\"attachment-medium size-medium\" alt=\"\" aria-describedby=\"gallery-1-3819\" srcset=\"https:\/\/agora.xtec.cat\/iesmontbui\/wp-content\/uploads\/usu145\/2019\/11\/IMG_20191112_114747-300x169.jpg 300w, https:\/\/agora.xtec.cat\/iesmontbui\/wp-content\/uploads\/usu145\/2019\/11\/IMG_20191112_114747-768x433.jpg 768w, https:\/\/agora.xtec.cat\/iesmontbui\/wp-content\/uploads\/usu145\/2019\/11\/IMG_20191112_114747-1024x578.jpg 1024w, https:\/\/agora.xtec.cat\/iesmontbui\/wp-content\/uploads\/usu145\/2019\/11\/IMG_20191112_114747.jpg 1106w\" sizes=\"auto, (max-width: 300px) 100vw, 300px\" \/><\/a>\n\t\t\t<\/dt>\n\t\t\t\t<dd class='wp-caption-text gallery-caption' id='gallery-1-3819'>\n\t\t\t\tOrganitzant la feina abans de penjar les caixes-niu.\n\t\t\t\t<\/dd><\/dl><dl class='gallery-item'>\n\t\t\t<dt class='gallery-icon landscape'>\n\t\t\t\t<a href='https:\/\/agora.xtec.cat\/iesmontbui\/general\/sortida-per-penjar-caixes-niu-als-boscos-propers-a-linstitut-montbui\/attachment\/btr\/'><img loading=\"lazy\" decoding=\"async\" width=\"300\" height=\"169\" src=\"https:\/\/agora.xtec.cat\/iesmontbui\/wp-content\/uploads\/usu145\/2019\/11\/IMG_20191112_120006-2-300x169.jpg\" class=\"attachment-medium size-medium\" alt=\"\" aria-describedby=\"gallery-1-3821\" srcset=\"https:\/\/agora.xtec.cat\/iesmontbui\/wp-content\/uploads\/usu145\/2019\/11\/IMG_20191112_120006-2-300x169.jpg 300w, https:\/\/agora.xtec.cat\/iesmontbui\/wp-content\/uploads\/usu145\/2019\/11\/IMG_20191112_120006-2-768x433.jpg 768w, https:\/\/agora.xtec.cat\/iesmontbui\/wp-content\/uploads\/usu145\/2019\/11\/IMG_20191112_120006-2-1024x578.jpg 1024w, https:\/\/agora.xtec.cat\/iesmontbui\/wp-content\/uploads\/usu145\/2019\/11\/IMG_20191112_120006-2.jpg 1106w\" sizes=\"auto, (max-width: 300px) 100vw, 300px\" \/><\/a>\n\t\t\t<\/dt>\n\t\t\t\t<dd class='wp-caption-text gallery-caption' id='gallery-1-3821'>\n\t\t\t\tJa tenim el lloc m\u00e9s adequat per penjar una de les set caixes-niu. \n\t\t\t\t<\/dd><\/dl><dl class='gallery-item'>\n\t\t\t<dt class='gallery-icon landscape'>\n\t\t\t\t<a href='https:\/\/agora.xtec.cat\/iesmontbui\/general\/sortida-per-penjar-caixes-niu-als-boscos-propers-a-linstitut-montbui\/attachment\/btrhdr-4\/'><img loading=\"lazy\" decoding=\"async\" width=\"300\" height=\"169\" src=\"https:\/\/agora.xtec.cat\/iesmontbui\/wp-content\/uploads\/usu145\/2019\/11\/IMG_20191112_120902-300x169.jpg\" class=\"attachment-medium size-medium\" alt=\"\" aria-describedby=\"gallery-1-3823\" srcset=\"https:\/\/agora.xtec.cat\/iesmontbui\/wp-content\/uploads\/usu145\/2019\/11\/IMG_20191112_120902-300x169.jpg 300w, https:\/\/agora.xtec.cat\/iesmontbui\/wp-content\/uploads\/usu145\/2019\/11\/IMG_20191112_120902-768x433.jpg 768w, https:\/\/agora.xtec.cat\/iesmontbui\/wp-content\/uploads\/usu145\/2019\/11\/IMG_20191112_120902-1024x578.jpg 1024w, https:\/\/agora.xtec.cat\/iesmontbui\/wp-content\/uploads\/usu145\/2019\/11\/IMG_20191112_120902.jpg 1106w\" sizes=\"auto, (max-width: 300px) 100vw, 300px\" \/><\/a>\n\t\t\t<\/dt>\n\t\t\t\t<dd class='wp-caption-text gallery-caption' id='gallery-1-3823'>\n\t\t\t\tAjustant l&#8217;orientaci\u00f3 de l&#8217;orifici. \n\t\t\t\t<\/dd><\/dl><br style=\"clear: both\" \/><dl class='gallery-item'>\n\t\t\t<dt class='gallery-icon portrait'>\n\t\t\t\t<a href='https:\/\/agora.xtec.cat\/iesmontbui\/general\/sortida-per-penjar-caixes-niu-als-boscos-propers-a-linstitut-montbui\/attachment\/btr-2\/'><img loading=\"lazy\" decoding=\"async\" width=\"169\" height=\"300\" src=\"https:\/\/agora.xtec.cat\/iesmontbui\/wp-content\/uploads\/usu145\/2019\/11\/IMG_20191112_120728-169x300.jpg\" class=\"attachment-medium size-medium\" alt=\"\" aria-describedby=\"gallery-1-3822\" srcset=\"https:\/\/agora.xtec.cat\/iesmontbui\/wp-content\/uploads\/usu145\/2019\/11\/IMG_20191112_120728-169x300.jpg 169w, https:\/\/agora.xtec.cat\/iesmontbui\/wp-content\/uploads\/usu145\/2019\/11\/IMG_20191112_120728-578x1024.jpg 578w, https:\/\/agora.xtec.cat\/iesmontbui\/wp-content\/uploads\/usu145\/2019\/11\/IMG_20191112_120728.jpg 624w\" sizes=\"auto, (max-width: 169px) 100vw, 169px\" \/><\/a>\n\t\t\t<\/dt>\n\t\t\t\t<dd class='wp-caption-text gallery-caption' id='gallery-1-3822'>\n\t\t\t\tPrenent mesures amb l&#8217;ajuda de la barra per penjar la caixa-niu amb precisi\u00f3. \n\t\t\t\t<\/dd><\/dl><dl class='gallery-item'>\n\t\t\t<dt class='gallery-icon portrait'>\n\t\t\t\t<a href='https:\/\/agora.xtec.cat\/iesmontbui\/general\/sortida-per-penjar-caixes-niu-als-boscos-propers-a-linstitut-montbui\/attachment\/btrhdr-3\/'><img loading=\"lazy\" decoding=\"async\" width=\"169\" height=\"300\" src=\"https:\/\/agora.xtec.cat\/iesmontbui\/wp-content\/uploads\/usu145\/2019\/11\/IMG_20191112_114954-169x300.jpg\" class=\"attachment-medium size-medium\" alt=\"\" aria-describedby=\"gallery-1-3820\" srcset=\"https:\/\/agora.xtec.cat\/iesmontbui\/wp-content\/uploads\/usu145\/2019\/11\/IMG_20191112_114954-169x300.jpg 169w, https:\/\/agora.xtec.cat\/iesmontbui\/wp-content\/uploads\/usu145\/2019\/11\/IMG_20191112_114954-578x1024.jpg 578w, https:\/\/agora.xtec.cat\/iesmontbui\/wp-content\/uploads\/usu145\/2019\/11\/IMG_20191112_114954.jpg 624w\" sizes=\"auto, (max-width: 169px) 100vw, 169px\" \/><\/a>\n\t\t\t<\/dt>\n\t\t\t\t<dd class='wp-caption-text gallery-caption' id='gallery-1-3820'>\n\t\t\t\tCaixa-niu en proc\u00e9s de ser penjada.\n\t\t\t\t<\/dd><\/dl><dl class='gallery-item'>\n\t\t\t<dt class='gallery-icon portrait'>\n\t\t\t\t<a href='https:\/\/agora.xtec.cat\/iesmontbui\/general\/sortida-per-penjar-caixes-niu-als-boscos-propers-a-linstitut-montbui\/attachment\/btrhdr-5\/'><img loading=\"lazy\" decoding=\"async\" width=\"169\" height=\"300\" src=\"https:\/\/agora.xtec.cat\/iesmontbui\/wp-content\/uploads\/usu145\/2019\/11\/IMG_20191112_125318-169x300.jpg\" class=\"attachment-medium size-medium\" alt=\"\" aria-describedby=\"gallery-1-3825\" srcset=\"https:\/\/agora.xtec.cat\/iesmontbui\/wp-content\/uploads\/usu145\/2019\/11\/IMG_20191112_125318-169x300.jpg 169w, https:\/\/agora.xtec.cat\/iesmontbui\/wp-content\/uploads\/usu145\/2019\/11\/IMG_20191112_125318-578x1024.jpg 578w, https:\/\/agora.xtec.cat\/iesmontbui\/wp-content\/uploads\/usu145\/2019\/11\/IMG_20191112_125318.jpg 624w\" sizes=\"auto, (max-width: 169px) 100vw, 169px\" \/><\/a>\n\t\t\t<\/dt>\n\t\t\t\t<dd class='wp-caption-text gallery-caption' id='gallery-1-3825'>\n\t\t\t\tUna de les set caixes-niu col\u00b7locades, tot esperant la seva ocupaci\u00f3. \n\t\t\t\t<\/dd><\/dl><br style=\"clear: both\" \/><dl class='gallery-item'>\n\t\t\t<dt class='gallery-icon landscape'>\n\t\t\t\t<a href='https:\/\/agora.xtec.cat\/iesmontbui\/general\/sortida-per-penjar-caixes-niu-als-boscos-propers-a-linstitut-montbui\/attachment\/btr-4\/'><img loading=\"lazy\" decoding=\"async\" width=\"300\" height=\"169\" src=\"https:\/\/agora.xtec.cat\/iesmontbui\/wp-content\/uploads\/usu145\/2019\/11\/IMG_20191112_131008-300x169.jpg\" class=\"attachment-medium size-medium\" alt=\"\" aria-describedby=\"gallery-1-3827\" srcset=\"https:\/\/agora.xtec.cat\/iesmontbui\/wp-content\/uploads\/usu145\/2019\/11\/IMG_20191112_131008-300x169.jpg 300w, https:\/\/agora.xtec.cat\/iesmontbui\/wp-content\/uploads\/usu145\/2019\/11\/IMG_20191112_131008-768x433.jpg 768w, https:\/\/agora.xtec.cat\/iesmontbui\/wp-content\/uploads\/usu145\/2019\/11\/IMG_20191112_131008-1024x578.jpg 1024w, https:\/\/agora.xtec.cat\/iesmontbui\/wp-content\/uploads\/usu145\/2019\/11\/IMG_20191112_131008.jpg 1106w\" sizes=\"auto, (max-width: 300px) 100vw, 300px\" \/><\/a>\n\t\t\t<\/dt>\n\t\t\t\t<dd class='wp-caption-text gallery-caption' id='gallery-1-3827'>\n\t\t\t\tA la tornada es va aprofitar per recollir brossa que hi havia escampada al bosc. \n\t\t\t\t<\/dd><\/dl>\n\t\t\t<br style='clear: both' \/>\n\t\t<\/div>\n\n","protected":false},"excerpt":{"rendered":"<p>Antecedents<br \/>\nAquest curs, un dels reptes que ens vam posar els l&#8217;assignatura de Projectes de 2n, va ser construir caixes-niu i caixes per a ratpenats. Vam demanar el suport log\u00edstic del t\u00e8cnic ambiental de l\u2019Ajuntament de Montbui, el qual ens va facilitar el material necesari: palets&hellip;  <a href=\"https:\/\/agora.xtec.cat\/iesmontbui\/general\/sortida-per-penjar-caixes-niu-als-boscos-propers-a-linstitut-montbui\/\" title=\"Read Sortida per penjar caixes-niu als boscos propers a l&#8217;Institut Montbui\">Llegeix m\u00e9s\u00bb<\/a><\/p>\n","protected":false},"author":66,"featured_media":3830,"comment_status":"open","ping_status":"closed","sticky":false,"template":"","format":"standard","meta":{"_bbp_topic_count":0,"_bbp_reply_count":0,"_bbp_total_topic_count":0,"_bbp_total_reply_count":0,"_bbp_voice_count":0,"_bbp_anonymous_reply_count":0,"_bbp_topic_count_hidden":0,"_bbp_reply_count_hidden":0,"_bbp_forum_subforum_count":0,"footnotes":""},"categories":[5,1,29],"tags":[202,195,152,192,203,39],"class_list":["post-3817","post","type-post","status-publish","format-standard","has-post-thumbnail","hentry","category-eso-2","category-general","category-portada","tag-caixes-niu","tag-eso","tag-eso-2","tag-medi-ambient","tag-natura","tag-sortides"],"post_mailing_queue_ids":[],"_links":{"self":[{"href":"https:\/\/agora.xtec.cat\/iesmontbui\/wp-json\/wp\/v2\/posts\/3817","targetHints":{"allow":["GET"]}}],"collection":[{"href":"https:\/\/agora.xtec.cat\/iesmontbui\/wp-json\/wp\/v2\/posts"}],"about":[{"href":"https:\/\/agora.xtec.cat\/iesmontbui\/wp-json\/wp\/v2\/types\/post"}],"author":[{"embeddable":true,"href":"https:\/\/agora.xtec.cat\/iesmontbui\/wp-json\/wp\/v2\/users\/66"}],"replies":[{"embeddable":true,"href":"https:\/\/agora.xtec.cat\/iesmontbui\/wp-json\/wp\/v2\/comments?post=3817"}],"version-history":[{"count":2,"href":"https:\/\/agora.xtec.cat\/iesmontbui\/wp-json\/wp\/v2\/posts\/3817\/revisions"}],"predecessor-version":[{"id":3829,"href":"https:\/\/agora.xtec.cat\/iesmontbui\/wp-json\/wp\/v2\/posts\/3817\/revisions\/3829"}],"wp:featuredmedia":[{"embeddable":true,"href":"https:\/\/agora.xtec.cat\/iesmontbui\/wp-json\/wp\/v2\/media\/3830"}],"wp:attachment":[{"href":"https:\/\/agora.xtec.cat\/iesmontbui\/wp-json\/wp\/v2\/media?parent=3817"}],"wp:term":[{"taxonomy":"category","embeddable":true,"href":"https:\/\/agora.xtec.cat\/iesmontbui\/wp-json\/wp\/v2\/categories?post=3817"},{"taxonomy":"post_tag","embeddable":true,"href":"https:\/\/agora.xtec.cat\/iesmontbui\/wp-json\/wp\/v2\/tags?post=3817"}],"curies":[{"name":"wp","href":"https:\/\/api.w.org\/{rel}","templated":true}]}}