{"id":3756,"date":"2019-11-12T09:41:13","date_gmt":"2019-11-12T08:41:13","guid":{"rendered":"https:\/\/agora.xtec.cat\/iesmontbui\/?p=3756"},"modified":"2019-11-12T09:42:01","modified_gmt":"2019-11-12T08:42:01","slug":"lalumnat-deconomia-amb-el-consum-responsable","status":"publish","type":"post","link":"https:\/\/agora.xtec.cat\/iesmontbui\/general\/lalumnat-deconomia-amb-el-consum-responsable\/","title":{"rendered":"L\u2019alumnat d\u2019economia amb el consum responsable"},"content":{"rendered":"<p><span style=\"font-weight: 400;\">Tot va comen\u00e7ar amb el visionat del documental sobre l\u2019obsolesc\u00e8ncia programada que ens va fer obrir els ulls i ens va fer reflexionar sobre el tipus de consum que portem a terme, basat en la filosofia del comprar, tirar i tornar a comprar. A partir d\u2019aqu\u00ed, vam obrir un debat per pensar alternatives a aquesta manera de fer, i vam fer propostes com la reparaci\u00f3, la reutilitzaci\u00f3 d\u2019objectes, el fet comprar per necessitat, ser cr\u00edtics amb la publicitat&#8230;<\/span><\/p>\n<p><span style=\"font-weight: 400;\">Hem de ser conscients que aquest tipus de consum afecta de manera molt negativa el medi ambient, per la contaminaci\u00f3 i l\u2019esgotament de recursos. Tamb\u00e9, hem de tenir en compte que molts dels productes que comprem estan fets per persones que treballen en unes condicions laborals inhumanes.<\/span><\/p>\n<p><span style=\"font-weight: 400;\">Per acabar, vam crear uns esl\u00f2gans per fomentar el consum responsable entre els joves. Us en deixem alguna mostra i us animem a posar-los en pr\u00e0ctica; el m\u00f3n us ho agrair\u00e0.<\/span><\/p>\n<p><span style=\"font-weight: 400;\">Paral\u00b7lelament, vam rebre la visita de la responsable de l\u2019OMIC del Consell Comarcal de l\u2019Anoia, Merc\u00e8 Forn, que ens va donar algunes pistes per ser consumidors cr\u00edtics i respectuosos amb la societat i el medi ambient.<\/span><\/p>\n<p style=\"text-align: right;\"><span style=\"font-weight: 400;\">Alumnes d&#8217;Economia de primer de batxillerat<\/span><\/p>\n\n\t\t<style type=\"text\/css\">\n\t\t\t#gallery-1 {\n\t\t\t\tmargin: auto;\n\t\t\t}\n\t\t\t#gallery-1 .gallery-item {\n\t\t\t\tfloat: left;\n\t\t\t\tmargin-top: 10px;\n\t\t\t\ttext-align: center;\n\t\t\t\twidth: 33%;\n\t\t\t}\n\t\t\t#gallery-1 img {\n\t\t\t\tborder: 2px solid #cfcfcf;\n\t\t\t}\n\t\t\t#gallery-1 .gallery-caption {\n\t\t\t\tmargin-left: 0;\n\t\t\t}\n\t\t\t\/* see gallery_shortcode() in wp-includes\/media.php *\/\n\t\t<\/style>\n\t\t<div id='gallery-1' class='gallery galleryid-3756 gallery-columns-3 gallery-size-medium'><dl class='gallery-item'>\n\t\t\t<dt class='gallery-icon landscape'>\n\t\t\t\t<a href='https:\/\/agora.xtec.cat\/iesmontbui\/general\/lalumnat-deconomia-amb-el-consum-responsable\/attachment\/img_20191025_111907\/'><img loading=\"lazy\" decoding=\"async\" width=\"300\" height=\"225\" src=\"https:\/\/agora.xtec.cat\/iesmontbui\/wp-content\/uploads\/usu145\/2019\/11\/IMG_20191025_111907-300x225.jpg\" class=\"attachment-medium size-medium\" alt=\"\" srcset=\"https:\/\/agora.xtec.cat\/iesmontbui\/wp-content\/uploads\/usu145\/2019\/11\/IMG_20191025_111907-300x225.jpg 300w, https:\/\/agora.xtec.cat\/iesmontbui\/wp-content\/uploads\/usu145\/2019\/11\/IMG_20191025_111907-768x576.jpg 768w, https:\/\/agora.xtec.cat\/iesmontbui\/wp-content\/uploads\/usu145\/2019\/11\/IMG_20191025_111907-1024x768.jpg 1024w, https:\/\/agora.xtec.cat\/iesmontbui\/wp-content\/uploads\/usu145\/2019\/11\/IMG_20191025_111907-200x150.jpg 200w, https:\/\/agora.xtec.cat\/iesmontbui\/wp-content\/uploads\/usu145\/2019\/11\/IMG_20191025_111907.jpg 1280w\" sizes=\"auto, (max-width: 300px) 100vw, 300px\" \/><\/a>\n\t\t\t<\/dt><\/dl><dl class='gallery-item'>\n\t\t\t<dt class='gallery-icon landscape'>\n\t\t\t\t<a href='https:\/\/agora.xtec.cat\/iesmontbui\/general\/lalumnat-deconomia-amb-el-consum-responsable\/attachment\/img_20191106_122224\/'><img loading=\"lazy\" decoding=\"async\" width=\"300\" height=\"225\" src=\"https:\/\/agora.xtec.cat\/iesmontbui\/wp-content\/uploads\/usu145\/2019\/11\/IMG_20191106_122224-300x225.jpg\" class=\"attachment-medium size-medium\" alt=\"\" srcset=\"https:\/\/agora.xtec.cat\/iesmontbui\/wp-content\/uploads\/usu145\/2019\/11\/IMG_20191106_122224-300x225.jpg 300w, https:\/\/agora.xtec.cat\/iesmontbui\/wp-content\/uploads\/usu145\/2019\/11\/IMG_20191106_122224-768x576.jpg 768w, https:\/\/agora.xtec.cat\/iesmontbui\/wp-content\/uploads\/usu145\/2019\/11\/IMG_20191106_122224-1024x768.jpg 1024w, https:\/\/agora.xtec.cat\/iesmontbui\/wp-content\/uploads\/usu145\/2019\/11\/IMG_20191106_122224-200x150.jpg 200w, https:\/\/agora.xtec.cat\/iesmontbui\/wp-content\/uploads\/usu145\/2019\/11\/IMG_20191106_122224.jpg 1280w\" sizes=\"auto, (max-width: 300px) 100vw, 300px\" \/><\/a>\n\t\t\t<\/dt><\/dl><dl class='gallery-item'>\n\t\t\t<dt class='gallery-icon landscape'>\n\t\t\t\t<a href='https:\/\/agora.xtec.cat\/iesmontbui\/general\/lalumnat-deconomia-amb-el-consum-responsable\/attachment\/img_20191106_122353\/'><img loading=\"lazy\" decoding=\"async\" width=\"300\" height=\"225\" src=\"https:\/\/agora.xtec.cat\/iesmontbui\/wp-content\/uploads\/usu145\/2019\/11\/IMG_20191106_122353-300x225.jpg\" class=\"attachment-medium size-medium\" alt=\"\" srcset=\"https:\/\/agora.xtec.cat\/iesmontbui\/wp-content\/uploads\/usu145\/2019\/11\/IMG_20191106_122353-300x225.jpg 300w, https:\/\/agora.xtec.cat\/iesmontbui\/wp-content\/uploads\/usu145\/2019\/11\/IMG_20191106_122353-768x576.jpg 768w, https:\/\/agora.xtec.cat\/iesmontbui\/wp-content\/uploads\/usu145\/2019\/11\/IMG_20191106_122353-1024x768.jpg 1024w, https:\/\/agora.xtec.cat\/iesmontbui\/wp-content\/uploads\/usu145\/2019\/11\/IMG_20191106_122353-200x150.jpg 200w, https:\/\/agora.xtec.cat\/iesmontbui\/wp-content\/uploads\/usu145\/2019\/11\/IMG_20191106_122353.jpg 1280w\" sizes=\"auto, (max-width: 300px) 100vw, 300px\" \/><\/a>\n\t\t\t<\/dt><\/dl><br style=\"clear: both\" \/><dl class='gallery-item'>\n\t\t\t<dt class='gallery-icon landscape'>\n\t\t\t\t<a href='https:\/\/agora.xtec.cat\/iesmontbui\/general\/lalumnat-deconomia-amb-el-consum-responsable\/attachment\/img_20191106_122235\/'><img loading=\"lazy\" decoding=\"async\" width=\"300\" height=\"225\" src=\"https:\/\/agora.xtec.cat\/iesmontbui\/wp-content\/uploads\/usu145\/2019\/11\/IMG_20191106_122235-300x225.jpg\" class=\"attachment-medium size-medium\" alt=\"\" srcset=\"https:\/\/agora.xtec.cat\/iesmontbui\/wp-content\/uploads\/usu145\/2019\/11\/IMG_20191106_122235-300x225.jpg 300w, https:\/\/agora.xtec.cat\/iesmontbui\/wp-content\/uploads\/usu145\/2019\/11\/IMG_20191106_122235-768x576.jpg 768w, https:\/\/agora.xtec.cat\/iesmontbui\/wp-content\/uploads\/usu145\/2019\/11\/IMG_20191106_122235-1024x768.jpg 1024w, https:\/\/agora.xtec.cat\/iesmontbui\/wp-content\/uploads\/usu145\/2019\/11\/IMG_20191106_122235-200x150.jpg 200w, https:\/\/agora.xtec.cat\/iesmontbui\/wp-content\/uploads\/usu145\/2019\/11\/IMG_20191106_122235.jpg 1280w\" sizes=\"auto, (max-width: 300px) 100vw, 300px\" \/><\/a>\n\t\t\t<\/dt><\/dl><dl class='gallery-item'>\n\t\t\t<dt class='gallery-icon landscape'>\n\t\t\t\t<a href='https:\/\/agora.xtec.cat\/iesmontbui\/general\/lalumnat-deconomia-amb-el-consum-responsable\/attachment\/img_20191105_095613\/'><img loading=\"lazy\" decoding=\"async\" width=\"300\" height=\"225\" src=\"https:\/\/agora.xtec.cat\/iesmontbui\/wp-content\/uploads\/usu145\/2019\/11\/IMG_20191105_095613-300x225.jpg\" class=\"attachment-medium size-medium\" alt=\"\" srcset=\"https:\/\/agora.xtec.cat\/iesmontbui\/wp-content\/uploads\/usu145\/2019\/11\/IMG_20191105_095613-300x225.jpg 300w, https:\/\/agora.xtec.cat\/iesmontbui\/wp-content\/uploads\/usu145\/2019\/11\/IMG_20191105_095613-768x576.jpg 768w, https:\/\/agora.xtec.cat\/iesmontbui\/wp-content\/uploads\/usu145\/2019\/11\/IMG_20191105_095613-1024x768.jpg 1024w, https:\/\/agora.xtec.cat\/iesmontbui\/wp-content\/uploads\/usu145\/2019\/11\/IMG_20191105_095613-200x150.jpg 200w, https:\/\/agora.xtec.cat\/iesmontbui\/wp-content\/uploads\/usu145\/2019\/11\/IMG_20191105_095613.jpg 1280w\" sizes=\"auto, (max-width: 300px) 100vw, 300px\" \/><\/a>\n\t\t\t<\/dt><\/dl><dl class='gallery-item'>\n\t\t\t<dt class='gallery-icon landscape'>\n\t\t\t\t<a href='https:\/\/agora.xtec.cat\/iesmontbui\/general\/lalumnat-deconomia-amb-el-consum-responsable\/attachment\/img_20191106_122259\/'><img loading=\"lazy\" decoding=\"async\" width=\"300\" height=\"225\" src=\"https:\/\/agora.xtec.cat\/iesmontbui\/wp-content\/uploads\/usu145\/2019\/11\/IMG_20191106_122259-300x225.jpg\" class=\"attachment-medium size-medium\" alt=\"\" srcset=\"https:\/\/agora.xtec.cat\/iesmontbui\/wp-content\/uploads\/usu145\/2019\/11\/IMG_20191106_122259-300x225.jpg 300w, https:\/\/agora.xtec.cat\/iesmontbui\/wp-content\/uploads\/usu145\/2019\/11\/IMG_20191106_122259-768x576.jpg 768w, https:\/\/agora.xtec.cat\/iesmontbui\/wp-content\/uploads\/usu145\/2019\/11\/IMG_20191106_122259-1024x768.jpg 1024w, https:\/\/agora.xtec.cat\/iesmontbui\/wp-content\/uploads\/usu145\/2019\/11\/IMG_20191106_122259-200x150.jpg 200w, https:\/\/agora.xtec.cat\/iesmontbui\/wp-content\/uploads\/usu145\/2019\/11\/IMG_20191106_122259.jpg 1280w\" sizes=\"auto, (max-width: 300px) 100vw, 300px\" \/><\/a>\n\t\t\t<\/dt><\/dl><br style=\"clear: both\" \/><dl class='gallery-item'>\n\t\t\t<dt class='gallery-icon landscape'>\n\t\t\t\t<a href='https:\/\/agora.xtec.cat\/iesmontbui\/general\/lalumnat-deconomia-amb-el-consum-responsable\/attachment\/img_20191106_122308\/'><img loading=\"lazy\" decoding=\"async\" width=\"300\" height=\"225\" src=\"https:\/\/agora.xtec.cat\/iesmontbui\/wp-content\/uploads\/usu145\/2019\/11\/IMG_20191106_122308-300x225.jpg\" class=\"attachment-medium size-medium\" alt=\"\" srcset=\"https:\/\/agora.xtec.cat\/iesmontbui\/wp-content\/uploads\/usu145\/2019\/11\/IMG_20191106_122308-300x225.jpg 300w, https:\/\/agora.xtec.cat\/iesmontbui\/wp-content\/uploads\/usu145\/2019\/11\/IMG_20191106_122308-768x576.jpg 768w, https:\/\/agora.xtec.cat\/iesmontbui\/wp-content\/uploads\/usu145\/2019\/11\/IMG_20191106_122308-1024x768.jpg 1024w, https:\/\/agora.xtec.cat\/iesmontbui\/wp-content\/uploads\/usu145\/2019\/11\/IMG_20191106_122308-200x150.jpg 200w, https:\/\/agora.xtec.cat\/iesmontbui\/wp-content\/uploads\/usu145\/2019\/11\/IMG_20191106_122308.jpg 1280w\" sizes=\"auto, (max-width: 300px) 100vw, 300px\" \/><\/a>\n\t\t\t<\/dt><\/dl><dl class='gallery-item'>\n\t\t\t<dt class='gallery-icon landscape'>\n\t\t\t\t<a href='https:\/\/agora.xtec.cat\/iesmontbui\/general\/lalumnat-deconomia-amb-el-consum-responsable\/attachment\/img_20191106_122323\/'><img loading=\"lazy\" decoding=\"async\" width=\"300\" height=\"225\" src=\"https:\/\/agora.xtec.cat\/iesmontbui\/wp-content\/uploads\/usu145\/2019\/11\/IMG_20191106_122323-300x225.jpg\" class=\"attachment-medium size-medium\" alt=\"\" srcset=\"https:\/\/agora.xtec.cat\/iesmontbui\/wp-content\/uploads\/usu145\/2019\/11\/IMG_20191106_122323-300x225.jpg 300w, https:\/\/agora.xtec.cat\/iesmontbui\/wp-content\/uploads\/usu145\/2019\/11\/IMG_20191106_122323-768x576.jpg 768w, https:\/\/agora.xtec.cat\/iesmontbui\/wp-content\/uploads\/usu145\/2019\/11\/IMG_20191106_122323-1024x768.jpg 1024w, https:\/\/agora.xtec.cat\/iesmontbui\/wp-content\/uploads\/usu145\/2019\/11\/IMG_20191106_122323-200x150.jpg 200w, https:\/\/agora.xtec.cat\/iesmontbui\/wp-content\/uploads\/usu145\/2019\/11\/IMG_20191106_122323.jpg 1280w\" sizes=\"auto, (max-width: 300px) 100vw, 300px\" \/><\/a>\n\t\t\t<\/dt><\/dl><dl class='gallery-item'>\n\t\t\t<dt class='gallery-icon landscape'>\n\t\t\t\t<a href='https:\/\/agora.xtec.cat\/iesmontbui\/general\/lalumnat-deconomia-amb-el-consum-responsable\/attachment\/img_20191106_122331\/'><img loading=\"lazy\" decoding=\"async\" width=\"300\" height=\"225\" src=\"https:\/\/agora.xtec.cat\/iesmontbui\/wp-content\/uploads\/usu145\/2019\/11\/IMG_20191106_122331-300x225.jpg\" class=\"attachment-medium size-medium\" alt=\"\" srcset=\"https:\/\/agora.xtec.cat\/iesmontbui\/wp-content\/uploads\/usu145\/2019\/11\/IMG_20191106_122331-300x225.jpg 300w, https:\/\/agora.xtec.cat\/iesmontbui\/wp-content\/uploads\/usu145\/2019\/11\/IMG_20191106_122331-768x576.jpg 768w, https:\/\/agora.xtec.cat\/iesmontbui\/wp-content\/uploads\/usu145\/2019\/11\/IMG_20191106_122331-1024x768.jpg 1024w, https:\/\/agora.xtec.cat\/iesmontbui\/wp-content\/uploads\/usu145\/2019\/11\/IMG_20191106_122331-200x150.jpg 200w, https:\/\/agora.xtec.cat\/iesmontbui\/wp-content\/uploads\/usu145\/2019\/11\/IMG_20191106_122331.jpg 1280w\" sizes=\"auto, (max-width: 300px) 100vw, 300px\" \/><\/a>\n\t\t\t<\/dt><\/dl><br style=\"clear: both\" \/>\n\t\t<\/div>\n\n","protected":false},"excerpt":{"rendered":"<p>Tot va comen\u00e7ar amb el visionat del documental sobre l\u2019obsolesc\u00e8ncia programada que ens va fer obrir els ulls i ens va fer reflexionar sobre el tipus de consum que portem a terme, basat en la filosofia del comprar, tirar i tornar a comprar. A partir&hellip;  <a href=\"https:\/\/agora.xtec.cat\/iesmontbui\/general\/lalumnat-deconomia-amb-el-consum-responsable\/\" title=\"Read L\u2019alumnat d\u2019economia amb el consum responsable\">Llegeix m\u00e9s\u00bb<\/a><\/p>\n","protected":false},"author":66,"featured_media":3758,"comment_status":"open","ping_status":"closed","sticky":false,"template":"","format":"standard","meta":{"_bbp_topic_count":0,"_bbp_reply_count":0,"_bbp_total_topic_count":0,"_bbp_total_reply_count":0,"_bbp_voice_count":0,"_bbp_anonymous_reply_count":0,"_bbp_topic_count_hidden":0,"_bbp_reply_count_hidden":0,"_bbp_forum_subforum_count":0,"footnotes":""},"categories":[1,29],"tags":[193,140,192],"class_list":["post-3756","post","type-post","status-publish","format-standard","has-post-thumbnail","hentry","category-general","category-portada","tag-consum-responsable","tag-economia","tag-medi-ambient"],"post_mailing_queue_ids":[],"_links":{"self":[{"href":"https:\/\/agora.xtec.cat\/iesmontbui\/wp-json\/wp\/v2\/posts\/3756","targetHints":{"allow":["GET"]}}],"collection":[{"href":"https:\/\/agora.xtec.cat\/iesmontbui\/wp-json\/wp\/v2\/posts"}],"about":[{"href":"https:\/\/agora.xtec.cat\/iesmontbui\/wp-json\/wp\/v2\/types\/post"}],"author":[{"embeddable":true,"href":"https:\/\/agora.xtec.cat\/iesmontbui\/wp-json\/wp\/v2\/users\/66"}],"replies":[{"embeddable":true,"href":"https:\/\/agora.xtec.cat\/iesmontbui\/wp-json\/wp\/v2\/comments?post=3756"}],"version-history":[{"count":2,"href":"https:\/\/agora.xtec.cat\/iesmontbui\/wp-json\/wp\/v2\/posts\/3756\/revisions"}],"predecessor-version":[{"id":3767,"href":"https:\/\/agora.xtec.cat\/iesmontbui\/wp-json\/wp\/v2\/posts\/3756\/revisions\/3767"}],"wp:featuredmedia":[{"embeddable":true,"href":"https:\/\/agora.xtec.cat\/iesmontbui\/wp-json\/wp\/v2\/media\/3758"}],"wp:attachment":[{"href":"https:\/\/agora.xtec.cat\/iesmontbui\/wp-json\/wp\/v2\/media?parent=3756"}],"wp:term":[{"taxonomy":"category","embeddable":true,"href":"https:\/\/agora.xtec.cat\/iesmontbui\/wp-json\/wp\/v2\/categories?post=3756"},{"taxonomy":"post_tag","embeddable":true,"href":"https:\/\/agora.xtec.cat\/iesmontbui\/wp-json\/wp\/v2\/tags?post=3756"}],"curies":[{"name":"wp","href":"https:\/\/api.w.org\/{rel}","templated":true}]}}