{"id":3564,"date":"2019-10-23T20:20:30","date_gmt":"2019-10-23T18:20:30","guid":{"rendered":"https:\/\/agora.xtec.cat\/iesmontbui\/?p=3564"},"modified":"2019-10-23T08:15:56","modified_gmt":"2019-10-23T06:15:56","slug":"visitem-lexposicio-joan-brossa-escolteu-aquest-silenci","status":"publish","type":"post","link":"https:\/\/agora.xtec.cat\/iesmontbui\/general\/visitem-lexposicio-joan-brossa-escolteu-aquest-silenci\/","title":{"rendered":"Visitem l\u2019exposici\u00f3 &#8220;Joan Brossa: escolteu aquest silenci&#8221;"},"content":{"rendered":"<p><a href=\"https:\/\/agora.xtec.cat\/iesmontbui\/wp-content\/uploads\/usu145\/2019\/10\/JOAN-BROSSA.jpeg\"><img loading=\"lazy\" decoding=\"async\" class=\"size-medium wp-image-3565 alignright\" src=\"https:\/\/agora.xtec.cat\/iesmontbui\/wp-content\/uploads\/usu145\/2019\/10\/JOAN-BROSSA-300x169.jpeg\" alt=\"\" width=\"300\" height=\"169\" srcset=\"https:\/\/agora.xtec.cat\/iesmontbui\/wp-content\/uploads\/usu145\/2019\/10\/JOAN-BROSSA-300x169.jpeg 300w, https:\/\/agora.xtec.cat\/iesmontbui\/wp-content\/uploads\/usu145\/2019\/10\/JOAN-BROSSA.jpeg 750w\" sizes=\"auto, (max-width: 300px) 100vw, 300px\" \/><\/a><\/p>\n<p class=\"normal\"><span lang=\"ca\">Dimarts, 22 d\u2019octubre de 2019, les alumnes de l\u2019assignatura <i>Literatura catalana\u00a0<\/i>de 2n de batxillerat van visitar l\u2019exposici\u00f3 <i>Joan Brossa: escolteu aquest silenci<\/i>, que acull des d\u2019aquest mes i fins el de gener de 2020 el Museu Comarcal de l\u2019Anoia, amb motiu del centenari del naixement del poeta.<\/span><\/p>\n<p class=\"normal\"><span lang=\"ca\">Una exposici\u00f3 que consta d\u2019un total de vint-i-set peces originals, disset poemes escrits, cinc marcs digitals amb continguts relacionats amb la vida i l\u2019obra de l\u2019artista, i tres fot<\/span><span lang=\"ca\">ografies de gran format.<\/span><\/p>\n<p class=\"normal\"><span lang=\"ca\">En aquesta mostra, les nostres alumnes van poder aprofundir una mica m\u00e9s en la vida i, sobretot, en l\u2019obra i la seva interpretaci\u00f3 i apreciaci\u00f3, essent molt valorable i encomiable l\u2019esfor\u00e7 amb qu\u00e8 van entomar la visita de cara a la met\u00e0frasi de la creaci\u00f3 visual.<\/span><\/p>\n<p class=\"normal\"><span lang=\"ca\">En ella queda molt ben reflectit que Joan Brossa i Cuervo va ser no nom\u00e9s un poeta, sin\u00f3 tamb\u00e9 un dramaturg i artista pl\u00e0stic catal\u00e0, encara que ell denominava com a poesia tot el que produ\u00efa. Va ser considerat, a partir dels anys 70 del segle passat, pels cr\u00edtics i historiadors com el poeta avantguardista catal\u00e0 m\u00e9s important de la segona meitat d\u2019aquest segle, i va confeccionar una extensa obra liter\u00e0ria utilitzant el llenguatge com a mitj\u00e0 d\u2019experimentaci\u00f3. Els elements de la seva poesia, com la ironia, l\u2019associaci\u00f3, la descontextualitzaci\u00f3 i el ref\u00fas de la diferenciaci\u00f3 entre paraula i objecte el van portar a crear una obra atemporal, reivindicativa i trencadora, on s\u2019extrapolen informacions conceptuals tan evidents, l\u00f2giques i persistents de la nostra tradici\u00f3 art\u00edstica, com l\u2019individualisme, el dualisme, el vitalisme nietzscheni\u00e0, el materialisme, l\u2019espiritualitat, l\u2019eternitat art\u00edstica, el subjecte anomenat artista, la confrontaci\u00f3, la cr\u00edtica a la societat, la deshumanitzaci\u00f3, el caos, etc.<\/span><\/p>\n<figure class=\"figure wp-caption alignright\"><a href=\"https:\/\/agora.xtec.cat\/iesmontbui\/wp-content\/uploads\/usu145\/2019\/10\/ECLIPSI.jpg\"><img loading=\"lazy\" decoding=\"async\" class=\"size-medium wp-image-3566\" src=\"https:\/\/agora.xtec.cat\/iesmontbui\/wp-content\/uploads\/usu145\/2019\/10\/ECLIPSI-300x232.jpg\" alt=\"\" width=\"300\" height=\"232\" srcset=\"https:\/\/agora.xtec.cat\/iesmontbui\/wp-content\/uploads\/usu145\/2019\/10\/ECLIPSI-300x232.jpg 300w, https:\/\/agora.xtec.cat\/iesmontbui\/wp-content\/uploads\/usu145\/2019\/10\/ECLIPSI-768x594.jpg 768w, https:\/\/agora.xtec.cat\/iesmontbui\/wp-content\/uploads\/usu145\/2019\/10\/ECLIPSI-1024x792.jpg 1024w, https:\/\/agora.xtec.cat\/iesmontbui\/wp-content\/uploads\/usu145\/2019\/10\/ECLIPSI.jpg 1401w\" sizes=\"auto, (max-width: 300px) 100vw, 300px\" \/><\/a><figcaption class=\"wp-caption-text\">Poema-objecte de 1988 fet amb pa d\u2019\u00e0ngel, pl\u00e0stic i fusta, titulat &#8220;Eclipsi&#8221;.<\/figcaption><\/figure>\n<p class=\"normal\"><span lang=\"ca\">Una molt bona oportunitat, la que van tenir les alumnes del nostre institut, per tal de fer-se una noci\u00f3 molt general de l\u2019obra poli\u00e8drica, partint de tres eixos: el comprom\u00eds, la transformaci\u00f3 i la mirada reflexiva; tres eixos que poden ser un bon suport a entendre i interpretar l\u2019art en general. La creativitat, doncs, de Joan Brossa ajuda a entendre el desplegament de la disciplina en diferents g\u00e8neres que s\u00f3n, com el mateix autor havia dit, \u201cles cares d\u2019una mateixa pir\u00e0mide que es troben al punt m\u00e9s alt\u201d.<\/span><\/p>\n<p>&nbsp;<\/p>\n<p>&nbsp;<\/p>\n","protected":false},"excerpt":{"rendered":"<p><a href=\"https:\/\/agora.xtec.cat\/iesmontbui\/wp-content\/uploads\/usu145\/2019\/10\/JOAN-BROSSA.jpeg\"><\/a><br \/>\nDimarts, 22 d\u2019octubre de 2019, les alumnes de l\u2019assignatura Literatura catalana\u00a0de 2n de batxillerat van visitar l\u2019exposici\u00f3 Joan Brossa: escolteu aquest silenci, que acull des d\u2019aquest mes i fins el de gener de 2020 el Museu Comarcal de l\u2019Anoia, amb motiu del centenari del&hellip;  <a href=\"https:\/\/agora.xtec.cat\/iesmontbui\/general\/visitem-lexposicio-joan-brossa-escolteu-aquest-silenci\/\" title=\"Read Visitem l\u2019exposici\u00f3 &#8220;Joan Brossa: escolteu aquest silenci&#8221;\">Llegeix m\u00e9s\u00bb<\/a><\/p>\n","protected":false},"author":66,"featured_media":3565,"comment_status":"open","ping_status":"closed","sticky":false,"template":"","format":"standard","meta":{"_bbp_topic_count":0,"_bbp_reply_count":0,"_bbp_total_topic_count":0,"_bbp_total_reply_count":0,"_bbp_voice_count":0,"_bbp_anonymous_reply_count":0,"_bbp_topic_count_hidden":0,"_bbp_reply_count_hidden":0,"_bbp_forum_subforum_count":0,"footnotes":""},"categories":[1,29],"tags":[128,142,178,177],"class_list":["post-3564","post","type-post","status-publish","format-standard","has-post-thumbnail","hentry","category-general","category-portada","tag-batxillerat","tag-departament-de-llengues","tag-literatura","tag-poesia"],"post_mailing_queue_ids":[],"_links":{"self":[{"href":"https:\/\/agora.xtec.cat\/iesmontbui\/wp-json\/wp\/v2\/posts\/3564","targetHints":{"allow":["GET"]}}],"collection":[{"href":"https:\/\/agora.xtec.cat\/iesmontbui\/wp-json\/wp\/v2\/posts"}],"about":[{"href":"https:\/\/agora.xtec.cat\/iesmontbui\/wp-json\/wp\/v2\/types\/post"}],"author":[{"embeddable":true,"href":"https:\/\/agora.xtec.cat\/iesmontbui\/wp-json\/wp\/v2\/users\/66"}],"replies":[{"embeddable":true,"href":"https:\/\/agora.xtec.cat\/iesmontbui\/wp-json\/wp\/v2\/comments?post=3564"}],"version-history":[{"count":3,"href":"https:\/\/agora.xtec.cat\/iesmontbui\/wp-json\/wp\/v2\/posts\/3564\/revisions"}],"predecessor-version":[{"id":3575,"href":"https:\/\/agora.xtec.cat\/iesmontbui\/wp-json\/wp\/v2\/posts\/3564\/revisions\/3575"}],"wp:featuredmedia":[{"embeddable":true,"href":"https:\/\/agora.xtec.cat\/iesmontbui\/wp-json\/wp\/v2\/media\/3565"}],"wp:attachment":[{"href":"https:\/\/agora.xtec.cat\/iesmontbui\/wp-json\/wp\/v2\/media?parent=3564"}],"wp:term":[{"taxonomy":"category","embeddable":true,"href":"https:\/\/agora.xtec.cat\/iesmontbui\/wp-json\/wp\/v2\/categories?post=3564"},{"taxonomy":"post_tag","embeddable":true,"href":"https:\/\/agora.xtec.cat\/iesmontbui\/wp-json\/wp\/v2\/tags?post=3564"}],"curies":[{"name":"wp","href":"https:\/\/api.w.org\/{rel}","templated":true}]}}