{"id":3392,"date":"2019-06-21T11:49:32","date_gmt":"2019-06-21T09:49:32","guid":{"rendered":"http:\/\/agora.xtec.cat\/iesmontbui\/?p=3392"},"modified":"2019-06-21T12:53:23","modified_gmt":"2019-06-21T10:53:23","slug":"concert-de-final-de-curs-de-laula-orquestra","status":"publish","type":"post","link":"https:\/\/agora.xtec.cat\/iesmontbui\/general\/concert-de-final-de-curs-de-laula-orquestra\/","title":{"rendered":"Concert de final de curs de l\u2019Aula Orquestra"},"content":{"rendered":"<p>&nbsp;<\/p>\n<p><a href=\"https:\/\/agora.xtec.cat\/iesmontbui\/wp-content\/uploads\/usu145\/2019\/06\/20190617_190641.jpg\"><img loading=\"lazy\" decoding=\"async\" class=\"aligncenter wp-image-3399\" src=\"https:\/\/agora.xtec.cat\/iesmontbui\/wp-content\/uploads\/usu145\/2019\/06\/20190617_190641-1024x516.jpg\" alt=\"\" width=\"972\" height=\"490\" srcset=\"https:\/\/agora.xtec.cat\/iesmontbui\/wp-content\/uploads\/usu145\/2019\/06\/20190617_190641-1024x516.jpg 1024w, https:\/\/agora.xtec.cat\/iesmontbui\/wp-content\/uploads\/usu145\/2019\/06\/20190617_190641-300x151.jpg 300w, https:\/\/agora.xtec.cat\/iesmontbui\/wp-content\/uploads\/usu145\/2019\/06\/20190617_190641-768x387.jpg 768w\" sizes=\"auto, (max-width: 972px) 100vw, 972px\" \/><\/a><\/p>\n<p>El passat dilluns, 17 de juny, la coral de l&#8217;Institut Montbui va participar al concert de final de curs de l&#8217;Aula Orquestra. El concert es va fer a les 19:00 a la Sala Petita de Mont-\u00c0gora i va comptar amb una molt bona assist\u00e8ncia de p\u00fablic. El concert va presentar un programa de peces de m\u00fasica molt variat per part de la coral i un repertori centrat en bandes sonores de pel\u00b7l\u00edcules per part dels alumnes de l&#8217;Aula Orquestra. El darrer tema va ser <em>Bon dia, <\/em>dels <em>Pets, <\/em>que va ser interpretat conjuntament per la coral i els petits grans m\u00fasics montbuiencs.<\/p>\n<p>Repertori del concert:<\/p>\n<ul>\n<li style=\"text-align: left;\"><strong>CORAL DE L&#8217;INSTITUT MONTBUI<\/strong>\n<ul>\n<li><em>Que tinguem sort<\/em><\/li>\n<li><em>Mirall de pau<\/em><\/li>\n<li><em>Cant de la Trobada de corals<\/em><\/li>\n<li><em>Llen\u00e7a&#8217;t<\/em><\/li>\n<\/ul>\n<\/li>\n<li style=\"text-align: left;\"><strong>AULA ORQUESTRA<\/strong>\n<ul>\n<li><em>La guerra de les gal\u00e0xies<\/em><\/li>\n<li><em>Pirates del Carib<\/em><\/li>\n<\/ul>\n<\/li>\n<li style=\"text-align: left;\"><strong>CONJUNT<\/strong>\n<ul>\n<li><em>Bon dia<\/em><\/li>\n<\/ul>\n<\/li>\n<\/ul>\n<p style=\"text-align: left;\">\n","protected":false},"excerpt":{"rendered":"<p>&nbsp;<br \/>\n<a href=\"https:\/\/agora.xtec.cat\/iesmontbui\/wp-content\/uploads\/usu145\/2019\/06\/20190617_190641.jpg\"><\/a><br \/>\nEl passat dilluns, 17 de juny, la coral de l&#8217;Institut Montbui va participar al concert de final de curs de l&#8217;Aula Orquestra. El concert es va fer a les 19:00 a la Sala Petita de Mont-\u00c0gora i va comptar amb una molt bona assist\u00e8ncia&hellip;  <a href=\"https:\/\/agora.xtec.cat\/iesmontbui\/general\/concert-de-final-de-curs-de-laula-orquestra\/\" title=\"Read Concert de final de curs de l\u2019Aula Orquestra\">Llegeix m\u00e9s\u00bb<\/a><\/p>\n","protected":false},"author":62,"featured_media":3399,"comment_status":"open","ping_status":"closed","sticky":false,"template":"","format":"standard","meta":{"_bbp_topic_count":0,"_bbp_reply_count":0,"_bbp_total_topic_count":0,"_bbp_total_reply_count":0,"_bbp_voice_count":0,"_bbp_anonymous_reply_count":0,"_bbp_topic_count_hidden":0,"_bbp_reply_count_hidden":0,"_bbp_forum_subforum_count":0,"footnotes":""},"categories":[1,29],"tags":[],"class_list":["post-3392","post","type-post","status-publish","format-standard","has-post-thumbnail","hentry","category-general","category-portada"],"post_mailing_queue_ids":[],"_links":{"self":[{"href":"https:\/\/agora.xtec.cat\/iesmontbui\/wp-json\/wp\/v2\/posts\/3392","targetHints":{"allow":["GET"]}}],"collection":[{"href":"https:\/\/agora.xtec.cat\/iesmontbui\/wp-json\/wp\/v2\/posts"}],"about":[{"href":"https:\/\/agora.xtec.cat\/iesmontbui\/wp-json\/wp\/v2\/types\/post"}],"author":[{"embeddable":true,"href":"https:\/\/agora.xtec.cat\/iesmontbui\/wp-json\/wp\/v2\/users\/62"}],"replies":[{"embeddable":true,"href":"https:\/\/agora.xtec.cat\/iesmontbui\/wp-json\/wp\/v2\/comments?post=3392"}],"version-history":[{"count":1,"href":"https:\/\/agora.xtec.cat\/iesmontbui\/wp-json\/wp\/v2\/posts\/3392\/revisions"}],"predecessor-version":[{"id":3400,"href":"https:\/\/agora.xtec.cat\/iesmontbui\/wp-json\/wp\/v2\/posts\/3392\/revisions\/3400"}],"wp:featuredmedia":[{"embeddable":true,"href":"https:\/\/agora.xtec.cat\/iesmontbui\/wp-json\/wp\/v2\/media\/3399"}],"wp:attachment":[{"href":"https:\/\/agora.xtec.cat\/iesmontbui\/wp-json\/wp\/v2\/media?parent=3392"}],"wp:term":[{"taxonomy":"category","embeddable":true,"href":"https:\/\/agora.xtec.cat\/iesmontbui\/wp-json\/wp\/v2\/categories?post=3392"},{"taxonomy":"post_tag","embeddable":true,"href":"https:\/\/agora.xtec.cat\/iesmontbui\/wp-json\/wp\/v2\/tags?post=3392"}],"curies":[{"name":"wp","href":"https:\/\/api.w.org\/{rel}","templated":true}]}}