{"id":3386,"date":"2019-06-25T01:00:12","date_gmt":"2019-06-24T23:00:12","guid":{"rendered":"http:\/\/agora.xtec.cat\/iesmontbui\/?p=3386"},"modified":"2019-06-26T19:48:17","modified_gmt":"2019-06-26T17:48:17","slug":"linstitut-montbui-estrena-atic-de-boges","status":"publish","type":"post","link":"https:\/\/agora.xtec.cat\/iesmontbui\/eso\/linstitut-montbui-estrena-atic-de-boges\/","title":{"rendered":"L&#8217;institut Montbui estrena \u00c0tic de boges"},"content":{"rendered":"<p>&nbsp;<\/p>\n<p><span style=\"font-weight: 400\">El passat 6 de juny, i dins la celebraci\u00f3 montbuienca de la Setmana de les Arts, l\u2019Institut Montbui va estrenar l\u2019obra teatral <\/span><i><span style=\"font-weight: 400\">\u00c0tic de boges.<\/span><\/i><\/p>\n<p><span style=\"font-weight: 400\">Un total de 7 noies i 4 nois de l\u2019ESO i batxillerat, dirigits per la professora i actriu Francina Cantarell, van iniciar-se en t\u00e8cniques teatrals i d\u2019improvisaci\u00f3 dins l\u2019extraescolar de teatre ofertada aquest curs pel centre.<\/span><\/p>\n<p><span style=\"font-weight: 400\">Molt il\u00b7lusionats i compromisos, els alumnes van oferir un espectacle d\u2019una hora que va sorprende a alumnes, professors i pares pel seu alt nivel i saber fer.<\/span><\/p>\n<p><span style=\"font-weight: 400\">Amb aquesta obra, l\u2019Institut Montbui engega el seu projecte de creaci\u00f3 d\u2019un grup de teatre propi que no nom\u00e9s potenci\u00ef les capacitats ling\u00fc\u00edstiques, personals i socials del seu alumnat sin\u00f3 que ofereixi un espectacle de qualitat a la ciutadania i sigui un referent de cultura, participaci\u00f3 i comprom\u00eds amb el municipi i el seu entorn.<\/span><\/p>\n<p><span style=\"font-weight: 400\">Per dur a terme aquest projecte, l\u2019Institut ha comptat amb el suport de l\u2019Ajuntament que va oferir l\u2019espai i els mitjans per la seva estrena.<\/span><\/p>\n<p><span style=\"font-weight: 400\">La direcci\u00f3 del centre va agrair i felicitar la feina feta a la professora i als alumnes.<\/span><img loading=\"lazy\" decoding=\"async\" class=\"alignleft size-large wp-image-3387\" src=\"https:\/\/agora.xtec.cat\/iesmontbui\/wp-content\/uploads\/usu145\/2019\/06\/IMG_2339-1024x768.jpg\" alt=\"\" width=\"1024\" height=\"768\" srcset=\"https:\/\/agora.xtec.cat\/iesmontbui\/wp-content\/uploads\/usu145\/2019\/06\/IMG_2339-1024x768.jpg 1024w, https:\/\/agora.xtec.cat\/iesmontbui\/wp-content\/uploads\/usu145\/2019\/06\/IMG_2339-300x225.jpg 300w, https:\/\/agora.xtec.cat\/iesmontbui\/wp-content\/uploads\/usu145\/2019\/06\/IMG_2339-768x576.jpg 768w, https:\/\/agora.xtec.cat\/iesmontbui\/wp-content\/uploads\/usu145\/2019\/06\/IMG_2339-200x150.jpg 200w\" sizes=\"auto, (max-width: 1024px) 100vw, 1024px\" \/><\/p>\n<figure class=\"figure wp-caption alignleft\"><a href=\"https:\/\/agora.xtec.cat\/iesmontbui\/wp-content\/uploads\/usu145\/2019\/06\/IMG-8608.jpg\"><img loading=\"lazy\" decoding=\"async\" class=\"size-large wp-image-3388\" src=\"https:\/\/agora.xtec.cat\/iesmontbui\/wp-content\/uploads\/usu145\/2019\/06\/IMG-8608-1024x911.jpg\" alt=\"\" width=\"1024\" height=\"911\" srcset=\"https:\/\/agora.xtec.cat\/iesmontbui\/wp-content\/uploads\/usu145\/2019\/06\/IMG-8608-1024x911.jpg 1024w, https:\/\/agora.xtec.cat\/iesmontbui\/wp-content\/uploads\/usu145\/2019\/06\/IMG-8608-300x267.jpg 300w, https:\/\/agora.xtec.cat\/iesmontbui\/wp-content\/uploads\/usu145\/2019\/06\/IMG-8608-768x684.jpg 768w\" sizes=\"auto, (max-width: 1024px) 100vw, 1024px\" \/><\/a><figcaption class=\"wp-caption-text\">Grup de Teatre INS Montbui amb la Francina Cantarell<\/figcaption><\/figure>\n","protected":false},"excerpt":{"rendered":"<p>&nbsp;<br \/>\nEl passat 6 de juny, i dins la celebraci\u00f3 montbuienca de la Setmana de les Arts, l\u2019Institut Montbui va estrenar l\u2019obra teatral \u00c0tic de boges.<br \/>\nUn total de 7 noies i 4 nois de l\u2019ESO i batxillerat, dirigits per la professora i actriu Francina Cantarell, van&hellip;  <a href=\"https:\/\/agora.xtec.cat\/iesmontbui\/eso\/linstitut-montbui-estrena-atic-de-boges\/\" title=\"Read L&#8217;institut Montbui estrena \u00c0tic de boges\">Llegeix m\u00e9s\u00bb<\/a><\/p>\n","protected":false},"author":55,"featured_media":3387,"comment_status":"open","ping_status":"closed","sticky":false,"template":"","format":"standard","meta":{"_bbp_topic_count":0,"_bbp_reply_count":0,"_bbp_total_topic_count":0,"_bbp_total_reply_count":0,"_bbp_voice_count":0,"_bbp_anonymous_reply_count":0,"_bbp_topic_count_hidden":0,"_bbp_reply_count_hidden":0,"_bbp_forum_subforum_count":0,"footnotes":""},"categories":[8,3,29],"tags":[],"class_list":["post-3386","post","type-post","status-publish","format-standard","has-post-thumbnail","hentry","category-batxillerat","category-eso","category-portada"],"post_mailing_queue_ids":[],"_links":{"self":[{"href":"https:\/\/agora.xtec.cat\/iesmontbui\/wp-json\/wp\/v2\/posts\/3386","targetHints":{"allow":["GET"]}}],"collection":[{"href":"https:\/\/agora.xtec.cat\/iesmontbui\/wp-json\/wp\/v2\/posts"}],"about":[{"href":"https:\/\/agora.xtec.cat\/iesmontbui\/wp-json\/wp\/v2\/types\/post"}],"author":[{"embeddable":true,"href":"https:\/\/agora.xtec.cat\/iesmontbui\/wp-json\/wp\/v2\/users\/55"}],"replies":[{"embeddable":true,"href":"https:\/\/agora.xtec.cat\/iesmontbui\/wp-json\/wp\/v2\/comments?post=3386"}],"version-history":[{"count":3,"href":"https:\/\/agora.xtec.cat\/iesmontbui\/wp-json\/wp\/v2\/posts\/3386\/revisions"}],"predecessor-version":[{"id":3391,"href":"https:\/\/agora.xtec.cat\/iesmontbui\/wp-json\/wp\/v2\/posts\/3386\/revisions\/3391"}],"wp:featuredmedia":[{"embeddable":true,"href":"https:\/\/agora.xtec.cat\/iesmontbui\/wp-json\/wp\/v2\/media\/3387"}],"wp:attachment":[{"href":"https:\/\/agora.xtec.cat\/iesmontbui\/wp-json\/wp\/v2\/media?parent=3386"}],"wp:term":[{"taxonomy":"category","embeddable":true,"href":"https:\/\/agora.xtec.cat\/iesmontbui\/wp-json\/wp\/v2\/categories?post=3386"},{"taxonomy":"post_tag","embeddable":true,"href":"https:\/\/agora.xtec.cat\/iesmontbui\/wp-json\/wp\/v2\/tags?post=3386"}],"curies":[{"name":"wp","href":"https:\/\/api.w.org\/{rel}","templated":true}]}}