{"id":3349,"date":"2019-05-28T11:31:16","date_gmt":"2019-05-28T09:31:16","guid":{"rendered":"http:\/\/agora.xtec.cat\/iesmontbui\/?p=3349"},"modified":"2019-07-04T18:05:15","modified_gmt":"2019-07-04T16:05:15","slug":"licitacio-de-neteja","status":"publish","type":"post","link":"https:\/\/agora.xtec.cat\/iesmontbui\/general\/licitacio-de-neteja\/","title":{"rendered":"Licitaci\u00f3 de neteja"},"content":{"rendered":"<p>Mitjan\u00e7ant aquest article comuniquem l\u2019obertura del proc\u00e9s de licitaci\u00f3 de serveis de neteja a l\u2019Institut Montbui.<\/p>\n<p>Aquesta vegada com a novetat ser\u00e0 un contracte per dos cursos.<\/p>\n<p>Convidem a les empreses del municipi i a les empreses pr\u00f2ximes a participar-hi.<\/p>\n<p>Podeu trobar tota la informaci\u00f3 del proc\u00e9s al seg\u00fcent enlla\u00e7:<\/p>\n<p><a href=\"https:\/\/agora.xtec.cat\/iesmontbui\/organitzacio-de-centre\/secretaria\/licitacions\/\">Licitaci\u00f3 de neteja<\/a><\/p>\n<p><a href=\"https:\/\/agora.xtec.cat\/iesmontbui\/wp-content\/uploads\/usu145\/2019\/05\/CALENDARI-LICITACI\u00d3-2019-PAS-1.pdf\">CALENDARI LICITACI\u00d3 2019 PAS 1<\/a><\/p>\n<p>&nbsp;<\/p>\n","protected":false},"excerpt":{"rendered":"<p>Mitjan\u00e7ant aquest article comuniquem l\u2019obertura del proc\u00e9s de licitaci\u00f3 de serveis de neteja a l\u2019Institut Montbui.<br \/>\nAquesta vegada com a novetat ser\u00e0 un contracte per dos cursos.<br \/>\nConvidem a les empreses del municipi i a les empreses pr\u00f2ximes a participar-hi.<br \/>\nPodeu trobar tota la informaci\u00f3 del proc\u00e9s al&hellip;  <a href=\"https:\/\/agora.xtec.cat\/iesmontbui\/general\/licitacio-de-neteja\/\" title=\"Read Licitaci\u00f3 de neteja\">Llegeix m\u00e9s\u00bb<\/a><\/p>\n","protected":false},"author":62,"featured_media":445,"comment_status":"open","ping_status":"closed","sticky":false,"template":"","format":"standard","meta":{"_bbp_topic_count":0,"_bbp_reply_count":0,"_bbp_total_topic_count":0,"_bbp_total_reply_count":0,"_bbp_voice_count":0,"_bbp_anonymous_reply_count":0,"_bbp_topic_count_hidden":0,"_bbp_reply_count_hidden":0,"_bbp_forum_subforum_count":0,"footnotes":""},"categories":[31,1,62,29],"tags":[],"class_list":["post-3349","post","type-post","status-publish","format-standard","has-post-thumbnail","hentry","category-ampa","category-general","category-orgacentre","category-portada"],"post_mailing_queue_ids":[],"_links":{"self":[{"href":"https:\/\/agora.xtec.cat\/iesmontbui\/wp-json\/wp\/v2\/posts\/3349","targetHints":{"allow":["GET"]}}],"collection":[{"href":"https:\/\/agora.xtec.cat\/iesmontbui\/wp-json\/wp\/v2\/posts"}],"about":[{"href":"https:\/\/agora.xtec.cat\/iesmontbui\/wp-json\/wp\/v2\/types\/post"}],"author":[{"embeddable":true,"href":"https:\/\/agora.xtec.cat\/iesmontbui\/wp-json\/wp\/v2\/users\/62"}],"replies":[{"embeddable":true,"href":"https:\/\/agora.xtec.cat\/iesmontbui\/wp-json\/wp\/v2\/comments?post=3349"}],"version-history":[{"count":2,"href":"https:\/\/agora.xtec.cat\/iesmontbui\/wp-json\/wp\/v2\/posts\/3349\/revisions"}],"predecessor-version":[{"id":3378,"href":"https:\/\/agora.xtec.cat\/iesmontbui\/wp-json\/wp\/v2\/posts\/3349\/revisions\/3378"}],"wp:featuredmedia":[{"embeddable":true,"href":"https:\/\/agora.xtec.cat\/iesmontbui\/wp-json\/wp\/v2\/media\/445"}],"wp:attachment":[{"href":"https:\/\/agora.xtec.cat\/iesmontbui\/wp-json\/wp\/v2\/media?parent=3349"}],"wp:term":[{"taxonomy":"category","embeddable":true,"href":"https:\/\/agora.xtec.cat\/iesmontbui\/wp-json\/wp\/v2\/categories?post=3349"},{"taxonomy":"post_tag","embeddable":true,"href":"https:\/\/agora.xtec.cat\/iesmontbui\/wp-json\/wp\/v2\/tags?post=3349"}],"curies":[{"name":"wp","href":"https:\/\/api.w.org\/{rel}","templated":true}]}}