{"id":3337,"date":"2019-05-22T11:08:09","date_gmt":"2019-05-22T09:08:09","guid":{"rendered":"http:\/\/agora.xtec.cat\/iesmontbui\/?p=3337"},"modified":"2019-05-22T11:12:06","modified_gmt":"2019-05-22T09:12:06","slug":"xxva-trobada-de-corals-deducacio-secundaria-a-cervera","status":"publish","type":"post","link":"https:\/\/agora.xtec.cat\/iesmontbui\/portada\/xxva-trobada-de-corals-deducacio-secundaria-a-cervera\/","title":{"rendered":"XXVa Trobada de corals d\u2019ESO a Cervera!"},"content":{"rendered":"<p><iframe loading=\"lazy\" src=\"https:\/\/www.ccma.cat\/video\/embed\/5853672\/\" width=\"500px\" height=\"281px\" frameborder=\"0\" scrolling=\"no\" allowfullscreen=\"allowfullscreen\"><span data-mce-type=\"bookmark\" style=\"display: inline-block; width: 0px; overflow: hidden; line-height: 0;\" class=\"mce_SELRES_start\">\ufeff<\/span><\/iframe><br \/>\nAlguns alumnes de l&#8217;Institut Montbui que participen a la coral del centre van participar a la XXVa Trobada de corals d\u2019Educaci\u00f3 secund\u00e0ria<!--more--> que aquest any es va celebrar al Teatre de la Passi\u00f3 de Cervera el dia 9 de maig. All\u00e0 es van aplagar en dos torns al voltant de cinc mil cantaires de Catalunya per a cantar junts quatre can\u00e7ons a dues veus: <em>Heal the world<\/em>\u00a0de M. Jackson,\u00a0<em>Quan tot s\u2019enlaire<\/em>\u00a0de Txarango,\u00a0<em>Els segadors<\/em>\u00a0i el\u00a0<em>Cant de Trobada<\/em>\u00a0que va compondre especialment per a aquesta ocasi\u00f3 Constant\u00ed Sotelo, el fundador d\u2019aquesta iniciativa ja fa vint-i-cinc anys. Als cantaires els acompanyava una orquestra del Conservatori de m\u00fasica de Cervera i de Lleida sota la direcci\u00f3 de Daniel Mestre i del mateix Constant\u00ed Sotelo.<\/p>\n<p>Despr\u00e9s de molts assajos a l\u2019aula, els alumnes van poder gaudir en germanor i compartir la viv\u00e8ncia de cantar junts units per la m\u00fasica. Una experi\u00e8ncia inoblidable!<\/p>\n","protected":false},"excerpt":{"rendered":"<p>\ufeff<br \/>\nAlguns alumnes de l&#8217;Institut Montbui que participen a la coral del centre van participar a la XXVa Trobada de corals d\u2019Educaci\u00f3 secund\u00e0ria<\/p>\n","protected":false},"author":1,"featured_media":0,"comment_status":"open","ping_status":"closed","sticky":false,"template":"","format":"standard","meta":{"_bbp_topic_count":0,"_bbp_reply_count":0,"_bbp_total_topic_count":0,"_bbp_total_reply_count":0,"_bbp_voice_count":0,"_bbp_anonymous_reply_count":0,"_bbp_topic_count_hidden":0,"_bbp_reply_count_hidden":0,"_bbp_forum_subforum_count":0,"footnotes":""},"categories":[161,29],"tags":[105,39],"class_list":["post-3337","post","type-post","status-publish","format-standard","hentry","category-coral","category-portada","tag-activitats","tag-sortides"],"post_mailing_queue_ids":[],"_links":{"self":[{"href":"https:\/\/agora.xtec.cat\/iesmontbui\/wp-json\/wp\/v2\/posts\/3337","targetHints":{"allow":["GET"]}}],"collection":[{"href":"https:\/\/agora.xtec.cat\/iesmontbui\/wp-json\/wp\/v2\/posts"}],"about":[{"href":"https:\/\/agora.xtec.cat\/iesmontbui\/wp-json\/wp\/v2\/types\/post"}],"author":[{"embeddable":true,"href":"https:\/\/agora.xtec.cat\/iesmontbui\/wp-json\/wp\/v2\/users\/1"}],"replies":[{"embeddable":true,"href":"https:\/\/agora.xtec.cat\/iesmontbui\/wp-json\/wp\/v2\/comments?post=3337"}],"version-history":[{"count":3,"href":"https:\/\/agora.xtec.cat\/iesmontbui\/wp-json\/wp\/v2\/posts\/3337\/revisions"}],"predecessor-version":[{"id":3342,"href":"https:\/\/agora.xtec.cat\/iesmontbui\/wp-json\/wp\/v2\/posts\/3337\/revisions\/3342"}],"wp:attachment":[{"href":"https:\/\/agora.xtec.cat\/iesmontbui\/wp-json\/wp\/v2\/media?parent=3337"}],"wp:term":[{"taxonomy":"category","embeddable":true,"href":"https:\/\/agora.xtec.cat\/iesmontbui\/wp-json\/wp\/v2\/categories?post=3337"},{"taxonomy":"post_tag","embeddable":true,"href":"https:\/\/agora.xtec.cat\/iesmontbui\/wp-json\/wp\/v2\/tags?post=3337"}],"curies":[{"name":"wp","href":"https:\/\/api.w.org\/{rel}","templated":true}]}}