{"id":3331,"date":"2019-05-28T10:41:41","date_gmt":"2019-05-28T08:41:41","guid":{"rendered":"http:\/\/agora.xtec.cat\/iesmontbui\/?p=3331"},"modified":"2019-05-28T10:42:57","modified_gmt":"2019-05-28T08:42:57","slug":"tarragona-romana","status":"publish","type":"post","link":"https:\/\/agora.xtec.cat\/iesmontbui\/general\/tarragona-romana\/","title":{"rendered":"Tarragona romana"},"content":{"rendered":"<p><span style=\"font-family: Arial, sans-serif;\"><span style=\"font-size: medium;\">El dimarts, 14 de maig, l&#8217;alumnat de Llat\u00ed de 4t d&#8217;ESO i de 1r de batxillerat va visitar el patrimoni arqueol\u00f2gic de la antiga Tarraco, l&#8217;anomenada COLONIA IVLIA VRBS TRIVMPHALIS TARRACO. <\/span><\/span><\/p>\n<p><span style=\"font-family: Arial, sans-serif;\"><span style=\"font-size: medium;\">De primer, vam anar a veure la pedrera del M\u00e8dol, situada al costat de l&#8217;autopista, d&#8217;all\u00e0 es va extreure tota la pedra per a la construcci\u00f3 de les muralles i dels edificis de la capital de la Hisp\u00e0nia Citerior. L&#8217;alumnat podia veure l&#8217;obelisc que hi ha al mig per a fer-se una idea de la quantitat de pedra extreta del recinte. Llavors, ja arribats a la ciutat, vam entrar pel Portal del Roser i, pel costat de les muralles, vam encaminar-nos cap a la catedral, una de les parts m\u00e9s altes de la ciutat, on es situava l&#8217;antic temple en honor d&#8217;August i a la fam\u00edlia imperial. Tot seguit vam passejar per la anomenada segona terrassa, o pel f\u00f2rum provincial, i vam baixar a la part del circ, la tercera terrassa, visitant els antics magatzems on preparaven les quadrigues per a les curses. En \u00faltim lloc, entr\u00e0vem en l&#8217;amfiteatre, passant per la porta Trivmphalis, vam veure l&#8217;espai del subterraneum, vam poder passejar per l&#8217;arena veient el murum, tot observant in situ els fonaments de la bas\u00edlica visig\u00f2tica, i les restes de l&#8217; esgl\u00e8sia rom\u00e0nica. El bon temps i una temperatura agradable ens va acompanyar en tot el recorregut. <\/span><\/span><\/p>\n<p><span style=\"font-family: Arial, sans-serif;\"><span style=\"font-size: medium;\">Alumnat de 4t\u00a0 d&#8217;ESO\u00a0 i 1r de batxillerat. <\/span><\/span><\/p>\n","protected":false},"excerpt":{"rendered":"<p>El dimarts, 14 de maig, l&#8217;alumnat de Llat\u00ed de 4t d&#8217;ESO i de 1r de batxillerat va visitar el patrimoni arqueol\u00f2gic de la antiga Tarraco, l&#8217;anomenada COLONIA IVLIA VRBS TRIVMPHALIS TARRACO.<br \/>\nDe primer, vam anar a veure la pedrera del M\u00e8dol, situada al costat de&hellip;  <a href=\"https:\/\/agora.xtec.cat\/iesmontbui\/general\/tarragona-romana\/\" title=\"Read Tarragona romana\">Llegeix m\u00e9s\u00bb<\/a><\/p>\n","protected":false},"author":55,"featured_media":3348,"comment_status":"open","ping_status":"closed","sticky":false,"template":"","format":"standard","meta":{"_bbp_topic_count":0,"_bbp_reply_count":0,"_bbp_total_topic_count":0,"_bbp_total_reply_count":0,"_bbp_voice_count":0,"_bbp_anonymous_reply_count":0,"_bbp_topic_count_hidden":0,"_bbp_reply_count_hidden":0,"_bbp_forum_subforum_count":0,"footnotes":""},"categories":[1,29],"tags":[],"class_list":["post-3331","post","type-post","status-publish","format-standard","has-post-thumbnail","hentry","category-general","category-portada"],"post_mailing_queue_ids":[],"_links":{"self":[{"href":"https:\/\/agora.xtec.cat\/iesmontbui\/wp-json\/wp\/v2\/posts\/3331","targetHints":{"allow":["GET"]}}],"collection":[{"href":"https:\/\/agora.xtec.cat\/iesmontbui\/wp-json\/wp\/v2\/posts"}],"about":[{"href":"https:\/\/agora.xtec.cat\/iesmontbui\/wp-json\/wp\/v2\/types\/post"}],"author":[{"embeddable":true,"href":"https:\/\/agora.xtec.cat\/iesmontbui\/wp-json\/wp\/v2\/users\/55"}],"replies":[{"embeddable":true,"href":"https:\/\/agora.xtec.cat\/iesmontbui\/wp-json\/wp\/v2\/comments?post=3331"}],"version-history":[{"count":3,"href":"https:\/\/agora.xtec.cat\/iesmontbui\/wp-json\/wp\/v2\/posts\/3331\/revisions"}],"predecessor-version":[{"id":3346,"href":"https:\/\/agora.xtec.cat\/iesmontbui\/wp-json\/wp\/v2\/posts\/3331\/revisions\/3346"}],"wp:featuredmedia":[{"embeddable":true,"href":"https:\/\/agora.xtec.cat\/iesmontbui\/wp-json\/wp\/v2\/media\/3348"}],"wp:attachment":[{"href":"https:\/\/agora.xtec.cat\/iesmontbui\/wp-json\/wp\/v2\/media?parent=3331"}],"wp:term":[{"taxonomy":"category","embeddable":true,"href":"https:\/\/agora.xtec.cat\/iesmontbui\/wp-json\/wp\/v2\/categories?post=3331"},{"taxonomy":"post_tag","embeddable":true,"href":"https:\/\/agora.xtec.cat\/iesmontbui\/wp-json\/wp\/v2\/tags?post=3331"}],"curies":[{"name":"wp","href":"https:\/\/api.w.org\/{rel}","templated":true}]}}