{"id":3309,"date":"2019-05-20T08:48:20","date_gmt":"2019-05-20T06:48:20","guid":{"rendered":"http:\/\/agora.xtec.cat\/iesmontbui\/?p=3309"},"modified":"2019-05-20T08:48:20","modified_gmt":"2019-05-20T06:48:20","slug":"intercanvi-montbui-perpinya","status":"publish","type":"post","link":"https:\/\/agora.xtec.cat\/iesmontbui\/general\/intercanvi-montbui-perpinya\/","title":{"rendered":"Intercanvi Montbui-Perpiny\u00e0"},"content":{"rendered":"<p><a href=\"https:\/\/photos.app.goo.gl\/cL4Et285gM8hiDdq5\">GALERIA DE FOTOS INTERCANVI MONTBUI_PERPINY\u00c0<\/a><\/p>\n<p>Alumnes de 3r i 4t d&#8217;ESO de la mat\u00e8ria de Franc\u00e8s vam poder practicar aquesta llengua i vam gaudir uns dies de la ciutat de Perpiny\u00e0 i d&#8217;altres localitats properes gr\u00e0cies a l&#8217;intercanvi amb alumnes del Lyc\u00e9e Aristides Maillol. Vam visitar, entre altres indrets, la Maternitat d&#8217;Elna, el casc antic de Perpiny\u00e0, el Memorial del Camp de Rivesaltes, etc.<\/p>\n","protected":false},"excerpt":{"rendered":"<p><a href=\"https:\/\/photos.app.goo.gl\/cL4Et285gM8hiDdq5\">GALERIA DE FOTOS INTERCANVI MONTBUI_PERPINY\u00c0<\/a><br \/>\nAlumnes de 3r i 4t d&#8217;ESO de la mat\u00e8ria de Franc\u00e8s vam poder practicar aquesta llengua i vam gaudir uns dies de la ciutat de Perpiny\u00e0 i d&#8217;altres localitats properes gr\u00e0cies a l&#8217;intercanvi amb alumnes del Lyc\u00e9e Aristides Maillol. Vam&hellip;  <a href=\"https:\/\/agora.xtec.cat\/iesmontbui\/general\/intercanvi-montbui-perpinya\/\" title=\"Read Intercanvi Montbui-Perpiny\u00e0\">Llegeix m\u00e9s\u00bb<\/a><\/p>\n","protected":false},"author":55,"featured_media":3310,"comment_status":"open","ping_status":"closed","sticky":false,"template":"","format":"standard","meta":{"_bbp_topic_count":0,"_bbp_reply_count":0,"_bbp_total_topic_count":0,"_bbp_total_reply_count":0,"_bbp_voice_count":0,"_bbp_anonymous_reply_count":0,"_bbp_topic_count_hidden":0,"_bbp_reply_count_hidden":0,"_bbp_forum_subforum_count":0,"footnotes":""},"categories":[1,29],"tags":[127,170,97,171],"class_list":["post-3309","post","type-post","status-publish","format-standard","has-post-thumbnail","hentry","category-general","category-portada","tag-departament-de-llengues-estrangeres","tag-frances","tag-intercanvi","tag-perpinya"],"post_mailing_queue_ids":[],"_links":{"self":[{"href":"https:\/\/agora.xtec.cat\/iesmontbui\/wp-json\/wp\/v2\/posts\/3309","targetHints":{"allow":["GET"]}}],"collection":[{"href":"https:\/\/agora.xtec.cat\/iesmontbui\/wp-json\/wp\/v2\/posts"}],"about":[{"href":"https:\/\/agora.xtec.cat\/iesmontbui\/wp-json\/wp\/v2\/types\/post"}],"author":[{"embeddable":true,"href":"https:\/\/agora.xtec.cat\/iesmontbui\/wp-json\/wp\/v2\/users\/55"}],"replies":[{"embeddable":true,"href":"https:\/\/agora.xtec.cat\/iesmontbui\/wp-json\/wp\/v2\/comments?post=3309"}],"version-history":[{"count":1,"href":"https:\/\/agora.xtec.cat\/iesmontbui\/wp-json\/wp\/v2\/posts\/3309\/revisions"}],"predecessor-version":[{"id":3311,"href":"https:\/\/agora.xtec.cat\/iesmontbui\/wp-json\/wp\/v2\/posts\/3309\/revisions\/3311"}],"wp:featuredmedia":[{"embeddable":true,"href":"https:\/\/agora.xtec.cat\/iesmontbui\/wp-json\/wp\/v2\/media\/3310"}],"wp:attachment":[{"href":"https:\/\/agora.xtec.cat\/iesmontbui\/wp-json\/wp\/v2\/media?parent=3309"}],"wp:term":[{"taxonomy":"category","embeddable":true,"href":"https:\/\/agora.xtec.cat\/iesmontbui\/wp-json\/wp\/v2\/categories?post=3309"},{"taxonomy":"post_tag","embeddable":true,"href":"https:\/\/agora.xtec.cat\/iesmontbui\/wp-json\/wp\/v2\/tags?post=3309"}],"curies":[{"name":"wp","href":"https:\/\/api.w.org\/{rel}","templated":true}]}}