{"id":3298,"date":"2019-05-10T11:02:48","date_gmt":"2019-05-10T09:02:48","guid":{"rendered":"http:\/\/agora.xtec.cat\/iesmontbui\/?p=3298"},"modified":"2019-05-22T11:00:39","modified_gmt":"2019-05-22T09:00:39","slug":"preinscripcio-pfi-2019-2020","status":"publish","type":"post","link":"https:\/\/agora.xtec.cat\/iesmontbui\/general\/preinscripcio-pfi-2019-2020\/","title":{"rendered":"PREINSCRIPCI\u00d3 PFI 2019\/2020"},"content":{"rendered":"<p>El programa de formaci\u00f3 i inserci\u00f3 que es porta a terme a l&#8217;Institut Montbui \u00e9s d&#8217;Auxiliar en Serveis Administratius, i est\u00e0 adre\u00e7at a joves de 16 fins a 21 anys (o que els compleixin abans del 31 de desembre de 2019) que no hagin obtingut el graduat en ESO.<\/p>\n<p>El per\u00edode de preinscripci\u00f3 del PFI (Programa de Formaci\u00f3 i Inserci\u00f3) \u00e9s <strong>del 13 al 24 de maig. <\/strong><\/p>\n<p>Tens tota la informaci\u00f3 per a la preinscripci\u00f3 del PFI al seg\u00fcent enlla\u00e7:<\/p>\n<p><a href=\"https:\/\/agora.xtec.cat\/iesmontbui\/estudis\/pfi\/inscripcio-pfi\/\">Preinscripci\u00f3 PFI<\/a><\/p>\n<p>Per a m\u00e9s informaci\u00f3 sobre el PFI a l&#8217;Institut Montbui consulteu el seg\u00fcent enlla\u00e7:<\/p>\n<p><a href=\"https:\/\/agora.xtec.cat\/iesmontbui\/estudis\/pfi\/\">PFI d&#8217;auxiliar de Serveis Administratius<\/a><\/p>\n<p>&nbsp;<\/p>\n","protected":false},"excerpt":{"rendered":"<p>El programa de formaci\u00f3 i inserci\u00f3 que es porta a terme a l&#8217;Institut Montbui \u00e9s d&#8217;Auxiliar en Serveis Administratius, i est\u00e0 adre\u00e7at a joves de 16 fins a 21 anys (o que els compleixin abans del 31 de desembre de 2019) que no hagin obtingut&hellip;  <a href=\"https:\/\/agora.xtec.cat\/iesmontbui\/general\/preinscripcio-pfi-2019-2020\/\" title=\"Read PREINSCRIPCI\u00d3 PFI 2019\/2020\">Llegeix m\u00e9s\u00bb<\/a><\/p>\n","protected":false},"author":62,"featured_media":2383,"comment_status":"open","ping_status":"closed","sticky":false,"template":"","format":"standard","meta":{"_bbp_topic_count":0,"_bbp_reply_count":0,"_bbp_total_topic_count":0,"_bbp_total_reply_count":0,"_bbp_voice_count":0,"_bbp_anonymous_reply_count":0,"_bbp_topic_count_hidden":0,"_bbp_reply_count_hidden":0,"_bbp_forum_subforum_count":0,"footnotes":""},"categories":[118,6,7,1,29],"tags":[],"class_list":["post-3298","post","type-post","status-publish","format-standard","has-post-thumbnail","hentry","category-comunicatspfi","category-eso-3","category-eso-4","category-general","category-portada"],"post_mailing_queue_ids":[],"_links":{"self":[{"href":"https:\/\/agora.xtec.cat\/iesmontbui\/wp-json\/wp\/v2\/posts\/3298","targetHints":{"allow":["GET"]}}],"collection":[{"href":"https:\/\/agora.xtec.cat\/iesmontbui\/wp-json\/wp\/v2\/posts"}],"about":[{"href":"https:\/\/agora.xtec.cat\/iesmontbui\/wp-json\/wp\/v2\/types\/post"}],"author":[{"embeddable":true,"href":"https:\/\/agora.xtec.cat\/iesmontbui\/wp-json\/wp\/v2\/users\/62"}],"replies":[{"embeddable":true,"href":"https:\/\/agora.xtec.cat\/iesmontbui\/wp-json\/wp\/v2\/comments?post=3298"}],"version-history":[{"count":1,"href":"https:\/\/agora.xtec.cat\/iesmontbui\/wp-json\/wp\/v2\/posts\/3298\/revisions"}],"predecessor-version":[{"id":3299,"href":"https:\/\/agora.xtec.cat\/iesmontbui\/wp-json\/wp\/v2\/posts\/3298\/revisions\/3299"}],"wp:featuredmedia":[{"embeddable":true,"href":"https:\/\/agora.xtec.cat\/iesmontbui\/wp-json\/wp\/v2\/media\/2383"}],"wp:attachment":[{"href":"https:\/\/agora.xtec.cat\/iesmontbui\/wp-json\/wp\/v2\/media?parent=3298"}],"wp:term":[{"taxonomy":"category","embeddable":true,"href":"https:\/\/agora.xtec.cat\/iesmontbui\/wp-json\/wp\/v2\/categories?post=3298"},{"taxonomy":"post_tag","embeddable":true,"href":"https:\/\/agora.xtec.cat\/iesmontbui\/wp-json\/wp\/v2\/tags?post=3298"}],"curies":[{"name":"wp","href":"https:\/\/api.w.org\/{rel}","templated":true}]}}