{"id":3093,"date":"2019-04-01T09:18:03","date_gmt":"2019-04-01T07:18:03","guid":{"rendered":"http:\/\/agora.xtec.cat\/iesmontbui\/?p=3093"},"modified":"2019-04-01T09:18:03","modified_gmt":"2019-04-01T07:18:03","slug":"visita-a-inoxfil","status":"publish","type":"post","link":"https:\/\/agora.xtec.cat\/iesmontbui\/general\/visita-a-inoxfil\/","title":{"rendered":"Visita a INOXFIL"},"content":{"rendered":"<p style=\"text-align: justify;\">El passat dimecres 20 de mar\u00e7, els alumnes de la mat\u00e8ria d&#8217;economia de l&#8217;empresa, vam visitar INOXFIL, una empresa del grup ACERINOX i amb seu a Igualada, l&#8217;activitat principal de la qual \u00e9s l&#8217;elaboraci\u00f3 de fil d&#8217;acer inoxidable de diferents grossors i acabats.<\/p>\n<p style=\"text-align: justify;\"><a href=\"https:\/\/www.acerinox.com\/es\/grupo-acerinox\/fabricas\/inoxfil\/datos-de-contacto\/\">https:\/\/www.acerinox.com\/es\/grupo-acerinox\/fabricas\/inoxfil\/<\/a><\/p>\n<p style=\"text-align: justify;\">L&#8217;objectiu principal de la visita era que els alumnes veiessin el proc\u00e9s de fabricaci\u00f3 d&#8217;un producte, des de la compra de mat\u00e8ria primera fins a l&#8217;elaboraci\u00f3 i venda del producte acabat, contingut que forma part de la programaci\u00f3 de la mat\u00e8ria al primer curs de batxillerat.<\/p>\n<p style=\"text-align: justify;\">A l&#8217;arribar a l&#8217;empresa, el Joan Sa\u0144chez, responsable del departament t\u00e8cnic, ens va fer una breu explicaci\u00f3 de la mateixa, ens va parlar d&#8217;objectius estrat\u00e8gics, organigrama, processos generadors de valors i d&#8217;altres de suport, aplicacions del producte acabat&#8230; Seguidament, ens van dividir en 2 grups, per passar a fer la visita a les instal\u00b7lacions de l&#8217;empresa,\u00a0 on tant el Joan com el seu company, el Crhis Waeyaert, van ser molt did\u00e0ctics a l&#8217;hora d&#8217;explicar-nos tot el proc\u00e9s d&#8217;elaboraci\u00f3 del fil d&#8217;acer, aix\u00ed com totes les activitats complement\u00e0ries, I+D, verificaci\u00f3 de la qualitat del producte, etc.<\/p>\n<p>Va ser una activitat molt profitosa, gr\u00e0cies!!!<\/p>\n<p><a href=\"https:\/\/agora.xtec.cat\/iesmontbui\/wp-content\/uploads\/usu145\/2019\/03\/IMG-20190320-WA0002.jpg\"><img loading=\"lazy\" decoding=\"async\" class=\"alignnone size-large wp-image-3096\" src=\"https:\/\/agora.xtec.cat\/iesmontbui\/wp-content\/uploads\/usu145\/2019\/03\/IMG-20190320-WA0002-768x1024.jpg\" alt=\"\" width=\"768\" height=\"1024\" srcset=\"https:\/\/agora.xtec.cat\/iesmontbui\/wp-content\/uploads\/usu145\/2019\/03\/IMG-20190320-WA0002-768x1024.jpg 768w, https:\/\/agora.xtec.cat\/iesmontbui\/wp-content\/uploads\/usu145\/2019\/03\/IMG-20190320-WA0002-225x300.jpg 225w, https:\/\/agora.xtec.cat\/iesmontbui\/wp-content\/uploads\/usu145\/2019\/03\/IMG-20190320-WA0002.jpg 1200w\" sizes=\"auto, (max-width: 768px) 100vw, 768px\" \/><\/a><\/p>\n<p><a href=\"https:\/\/agora.xtec.cat\/iesmontbui\/wp-content\/uploads\/usu145\/2019\/03\/20190320_114630-1.jpg\"><img loading=\"lazy\" decoding=\"async\" class=\"alignnone size-large wp-image-3098\" src=\"https:\/\/agora.xtec.cat\/iesmontbui\/wp-content\/uploads\/usu145\/2019\/03\/20190320_114630-1-1024x768.jpg\" alt=\"\" width=\"1024\" height=\"768\" srcset=\"https:\/\/agora.xtec.cat\/iesmontbui\/wp-content\/uploads\/usu145\/2019\/03\/20190320_114630-1-1024x768.jpg 1024w, https:\/\/agora.xtec.cat\/iesmontbui\/wp-content\/uploads\/usu145\/2019\/03\/20190320_114630-1-300x225.jpg 300w, https:\/\/agora.xtec.cat\/iesmontbui\/wp-content\/uploads\/usu145\/2019\/03\/20190320_114630-1-768x576.jpg 768w, https:\/\/agora.xtec.cat\/iesmontbui\/wp-content\/uploads\/usu145\/2019\/03\/20190320_114630-1-200x150.jpg 200w, https:\/\/agora.xtec.cat\/iesmontbui\/wp-content\/uploads\/usu145\/2019\/03\/20190320_114630-1.jpg 1200w\" sizes=\"auto, (max-width: 1024px) 100vw, 1024px\" \/><\/a><\/p>\n<p style=\"text-align: justify;\">\u00a0<a href=\"https:\/\/agora.xtec.cat\/iesmontbui\/wp-content\/uploads\/usu145\/2019\/03\/20190320_123231.jpg\"><img loading=\"lazy\" decoding=\"async\" class=\"alignnone size-large wp-image-3100\" src=\"https:\/\/agora.xtec.cat\/iesmontbui\/wp-content\/uploads\/usu145\/2019\/03\/20190320_123231-1024x768.jpg\" alt=\"\" width=\"1024\" height=\"768\" srcset=\"https:\/\/agora.xtec.cat\/iesmontbui\/wp-content\/uploads\/usu145\/2019\/03\/20190320_123231-1024x768.jpg 1024w, https:\/\/agora.xtec.cat\/iesmontbui\/wp-content\/uploads\/usu145\/2019\/03\/20190320_123231-300x225.jpg 300w, https:\/\/agora.xtec.cat\/iesmontbui\/wp-content\/uploads\/usu145\/2019\/03\/20190320_123231-768x576.jpg 768w, https:\/\/agora.xtec.cat\/iesmontbui\/wp-content\/uploads\/usu145\/2019\/03\/20190320_123231-200x150.jpg 200w, https:\/\/agora.xtec.cat\/iesmontbui\/wp-content\/uploads\/usu145\/2019\/03\/20190320_123231.jpg 1200w\" sizes=\"auto, (max-width: 1024px) 100vw, 1024px\" \/><\/a><\/p>\n","protected":false},"excerpt":{"rendered":"<p>El passat dimecres 20 de mar\u00e7, els alumnes de la mat\u00e8ria d&#8217;economia de l&#8217;empresa, vam visitar INOXFIL, una empresa del grup ACERINOX i amb seu a Igualada, l&#8217;activitat principal de la qual \u00e9s l&#8217;elaboraci\u00f3 de fil d&#8217;acer inoxidable de diferents grossors i acabats.<br \/>\n<a href=\"https:\/\/www.acerinox.com\/es\/grupo-acerinox\/fabricas\/inoxfil\/datos-de-contacto\/\">https:\/\/www.acerinox.com\/es\/grupo-acerinox\/fabricas\/inoxfil\/<\/a><br \/>\nL&#8217;objectiu principal&hellip;  <a href=\"https:\/\/agora.xtec.cat\/iesmontbui\/general\/visita-a-inoxfil\/\" title=\"Read Visita a INOXFIL\">Llegeix m\u00e9s\u00bb<\/a><\/p>\n","protected":false},"author":57,"featured_media":3095,"comment_status":"open","ping_status":"closed","sticky":false,"template":"","format":"standard","meta":{"_bbp_topic_count":0,"_bbp_reply_count":0,"_bbp_total_topic_count":0,"_bbp_total_reply_count":0,"_bbp_voice_count":0,"_bbp_anonymous_reply_count":0,"_bbp_topic_count_hidden":0,"_bbp_reply_count_hidden":0,"_bbp_forum_subforum_count":0,"footnotes":""},"categories":[67,119,1,29],"tags":[140,149,39],"class_list":["post-3093","post","type-post","status-publish","format-standard","has-post-thumbnail","hentry","category-batx-1","category-depmates","category-general","category-portada","tag-economia","tag-emprenedoria","tag-sortides"],"post_mailing_queue_ids":[],"_links":{"self":[{"href":"https:\/\/agora.xtec.cat\/iesmontbui\/wp-json\/wp\/v2\/posts\/3093","targetHints":{"allow":["GET"]}}],"collection":[{"href":"https:\/\/agora.xtec.cat\/iesmontbui\/wp-json\/wp\/v2\/posts"}],"about":[{"href":"https:\/\/agora.xtec.cat\/iesmontbui\/wp-json\/wp\/v2\/types\/post"}],"author":[{"embeddable":true,"href":"https:\/\/agora.xtec.cat\/iesmontbui\/wp-json\/wp\/v2\/users\/57"}],"replies":[{"embeddable":true,"href":"https:\/\/agora.xtec.cat\/iesmontbui\/wp-json\/wp\/v2\/comments?post=3093"}],"version-history":[{"count":3,"href":"https:\/\/agora.xtec.cat\/iesmontbui\/wp-json\/wp\/v2\/posts\/3093\/revisions"}],"predecessor-version":[{"id":3127,"href":"https:\/\/agora.xtec.cat\/iesmontbui\/wp-json\/wp\/v2\/posts\/3093\/revisions\/3127"}],"wp:featuredmedia":[{"embeddable":true,"href":"https:\/\/agora.xtec.cat\/iesmontbui\/wp-json\/wp\/v2\/media\/3095"}],"wp:attachment":[{"href":"https:\/\/agora.xtec.cat\/iesmontbui\/wp-json\/wp\/v2\/media?parent=3093"}],"wp:term":[{"taxonomy":"category","embeddable":true,"href":"https:\/\/agora.xtec.cat\/iesmontbui\/wp-json\/wp\/v2\/categories?post=3093"},{"taxonomy":"post_tag","embeddable":true,"href":"https:\/\/agora.xtec.cat\/iesmontbui\/wp-json\/wp\/v2\/tags?post=3093"}],"curies":[{"name":"wp","href":"https:\/\/api.w.org\/{rel}","templated":true}]}}