{"id":3041,"date":"2019-03-11T12:20:46","date_gmt":"2019-03-11T11:20:46","guid":{"rendered":"http:\/\/agora.xtec.cat\/iesmontbui\/?p=3041"},"modified":"2019-03-11T12:22:44","modified_gmt":"2019-03-11T11:22:44","slug":"portes-obertes-dimarts-11-de-marc","status":"publish","type":"post","link":"https:\/\/agora.xtec.cat\/iesmontbui\/portada\/portes-obertes-dimarts-11-de-marc\/","title":{"rendered":"Portes obertes, dimarts 12 de mar\u00e7!"},"content":{"rendered":"<p>Aquest dimarts dia 12 de mar\u00e7 es dur\u00e0 a terme la jornada de Portes Obertes del nostre institut.<\/p>\n<p>Qu\u00e8 fem? Qu\u00e8 aprenen les noies i els nois del nostre institut? I aix\u00f2, com ho aprenen? Aposta per les tecnologies o no l&#8217;INS Montbui? I la diversitat, com la tracta? Quins horaris fan? I les classes, com s\u00f3n? Tenen laboratoris i aula de m\u00fasica?<\/p>\n<p>Si qualsevol d&#8217;aquestes preguntes et ronda pel cap i est\u00e0s decidint a quin centre pot anar el teu fill o filla l&#8217;any que ve, no dubtis en venir aquest dimarts a l&#8217;Institut! Respondrem totes les preguntes tot explicant el nostre projecte educatiu i ensenyant-vos les nostres instal\u00b7lacions.<\/p>\n<p>Aix\u00ed, dimarts 12 de mar\u00e7, la jornada de portes obertes es desenvolupa en dos franges hor\u00e0ries:<\/p>\n<ul>\n<li>ALUMNES: De les 15:30 a les 17:00, els alumnes de les escoles del municipi ens visitaran. Amb grups, faran la visita al centre i podran veure el treball que es realitza en els diferents \u00e0mbits.<\/li>\n<li>PARES i MARES: De les 19:00 a les 20:30 les portes de l&#8217;institut restaran obertes per rebre a tots els pares i mares que vulguin veure de primera m\u00e0 les instal\u00b7lacions, tot coneixent materials i continguts de cada una de les assignatures.<\/li>\n<\/ul>\n<p>No et perdis aquesta oportunitat i vine a con\u00e8ixer l&#8217;Institut Montbui. Nosaltres et volem con\u00e8ixer! I tu?<\/p>\n","protected":false},"excerpt":{"rendered":"<p>Aquest dimarts dia 12 de mar\u00e7 es dur\u00e0 a terme la jornada de Portes Obertes del nostre institut.<br \/>\nQu\u00e8 fem? Qu\u00e8 aprenen les noies i els nois del nostre institut? I aix\u00f2, com ho aprenen? Aposta per les tecnologies o no l&#8217;INS Montbui? I la diversitat,&hellip;  <a href=\"https:\/\/agora.xtec.cat\/iesmontbui\/portada\/portes-obertes-dimarts-11-de-marc\/\" title=\"Read Portes obertes, dimarts 12 de mar\u00e7!\">Llegeix m\u00e9s\u00bb<\/a><\/p>\n","protected":false},"author":1,"featured_media":3042,"comment_status":"open","ping_status":"closed","sticky":false,"template":"","format":"standard","meta":{"_bbp_topic_count":0,"_bbp_reply_count":0,"_bbp_total_topic_count":0,"_bbp_total_reply_count":0,"_bbp_voice_count":0,"_bbp_anonymous_reply_count":0,"_bbp_topic_count_hidden":0,"_bbp_reply_count_hidden":0,"_bbp_forum_subforum_count":0,"footnotes":""},"categories":[29],"tags":[],"class_list":["post-3041","post","type-post","status-publish","format-standard","has-post-thumbnail","hentry","category-portada"],"post_mailing_queue_ids":[],"_links":{"self":[{"href":"https:\/\/agora.xtec.cat\/iesmontbui\/wp-json\/wp\/v2\/posts\/3041","targetHints":{"allow":["GET"]}}],"collection":[{"href":"https:\/\/agora.xtec.cat\/iesmontbui\/wp-json\/wp\/v2\/posts"}],"about":[{"href":"https:\/\/agora.xtec.cat\/iesmontbui\/wp-json\/wp\/v2\/types\/post"}],"author":[{"embeddable":true,"href":"https:\/\/agora.xtec.cat\/iesmontbui\/wp-json\/wp\/v2\/users\/1"}],"replies":[{"embeddable":true,"href":"https:\/\/agora.xtec.cat\/iesmontbui\/wp-json\/wp\/v2\/comments?post=3041"}],"version-history":[{"count":2,"href":"https:\/\/agora.xtec.cat\/iesmontbui\/wp-json\/wp\/v2\/posts\/3041\/revisions"}],"predecessor-version":[{"id":3044,"href":"https:\/\/agora.xtec.cat\/iesmontbui\/wp-json\/wp\/v2\/posts\/3041\/revisions\/3044"}],"wp:featuredmedia":[{"embeddable":true,"href":"https:\/\/agora.xtec.cat\/iesmontbui\/wp-json\/wp\/v2\/media\/3042"}],"wp:attachment":[{"href":"https:\/\/agora.xtec.cat\/iesmontbui\/wp-json\/wp\/v2\/media?parent=3041"}],"wp:term":[{"taxonomy":"category","embeddable":true,"href":"https:\/\/agora.xtec.cat\/iesmontbui\/wp-json\/wp\/v2\/categories?post=3041"},{"taxonomy":"post_tag","embeddable":true,"href":"https:\/\/agora.xtec.cat\/iesmontbui\/wp-json\/wp\/v2\/tags?post=3041"}],"curies":[{"name":"wp","href":"https:\/\/api.w.org\/{rel}","templated":true}]}}