{"id":3017,"date":"2019-03-11T09:16:37","date_gmt":"2019-03-11T08:16:37","guid":{"rendered":"http:\/\/agora.xtec.cat\/iesmontbui\/?p=3017"},"modified":"2019-03-11T09:16:37","modified_gmt":"2019-03-11T08:16:37","slug":"taller-demancipacio-i-emprenedoria","status":"publish","type":"post","link":"https:\/\/agora.xtec.cat\/iesmontbui\/batxillerat\/taller-demancipacio-i-emprenedoria\/","title":{"rendered":"Taller d&#8217;emancipaci\u00f3 i emprenedoria"},"content":{"rendered":"<p style=\"text-align: justify;\"><span style=\"font-weight: 400;\">El darrer 15 de febrer els alumnes de 1r de batxillerat que cursen la mat\u00e8ria d\u2019economia de l\u2019empresa, vam assistir a un <em><strong>taller d\u2019emancipaci\u00f3 i emprenedoria<\/strong><\/em>, el qual es va basar en l\u2019autoconeixen\u00e7a de cadasc\u00fa d\u2019ells i entre ells. Paral\u00b7lelament, es va fer un treball de gesti\u00f3 de les emocions, i d\u2019augment de la confian\u00e7a en un mateix de cara al desenvolupament del seu projecte de vida.<\/span><\/p>\n<p style=\"text-align: justify;\"><span style=\"font-weight: 400;\">Va ser una formaci\u00f3 que va agradar els alumnes, gr\u00e0cies al seu format pr\u00e0ctic i din\u00e0mic, per exemple, vam fer una activitat referent als reptes personals on havien de tocar tots una pilota amb x temps, la qual els va demostrar que amb organitzaci\u00f3 i treball en equip poden aconseguir el que no pensen possible.<\/span><\/p>\n<p style=\"text-align: justify;\"><span style=\"font-weight: 400;\">Una de les conclusions a les que s\u2019ha arribat observant l\u2019actitud i la resposta dels nois i noies, \u00e9s que als instituts fan falta moltes formacions d\u2019aquest tipus, que tractin \u00e0mbits tan importants i interessants per a ells, com \u00e9s el seu futur professional, personal i social.<\/span><\/p>\n<p style=\"text-align: right;\"><span style=\"font-weight: 400;\">Laia Contreras, 1r batxillerat<\/span><\/p>\n","protected":false},"excerpt":{"rendered":"<p>El darrer 15 de febrer els alumnes de 1r de batxillerat que cursen la mat\u00e8ria d\u2019economia de l\u2019empresa, vam assistir a un taller d\u2019emancipaci\u00f3 i emprenedoria, el qual es va basar en l\u2019autoconeixen\u00e7a de cadasc\u00fa d\u2019ells i entre ells. Paral\u00b7lelament, es va fer un treball&hellip;  <a href=\"https:\/\/agora.xtec.cat\/iesmontbui\/batxillerat\/taller-demancipacio-i-emprenedoria\/\" title=\"Read Taller d&#8217;emancipaci\u00f3 i emprenedoria\">Llegeix m\u00e9s\u00bb<\/a><\/p>\n","protected":false},"author":57,"featured_media":3018,"comment_status":"open","ping_status":"closed","sticky":false,"template":"","format":"standard","meta":{"_bbp_topic_count":0,"_bbp_reply_count":0,"_bbp_total_topic_count":0,"_bbp_total_reply_count":0,"_bbp_voice_count":0,"_bbp_anonymous_reply_count":0,"_bbp_topic_count_hidden":0,"_bbp_reply_count_hidden":0,"_bbp_forum_subforum_count":0,"footnotes":""},"categories":[8,119,29],"tags":[105,128,109,140,149,156,157],"class_list":["post-3017","post","type-post","status-publish","format-standard","has-post-thumbnail","hentry","category-batxillerat","category-depmates","category-portada","tag-activitats","tag-batxillerat","tag-ciencies-socials","tag-economia","tag-emprenedoria","tag-gestio-de-les-emocions","tag-projecte-de-vida"],"post_mailing_queue_ids":[],"_links":{"self":[{"href":"https:\/\/agora.xtec.cat\/iesmontbui\/wp-json\/wp\/v2\/posts\/3017","targetHints":{"allow":["GET"]}}],"collection":[{"href":"https:\/\/agora.xtec.cat\/iesmontbui\/wp-json\/wp\/v2\/posts"}],"about":[{"href":"https:\/\/agora.xtec.cat\/iesmontbui\/wp-json\/wp\/v2\/types\/post"}],"author":[{"embeddable":true,"href":"https:\/\/agora.xtec.cat\/iesmontbui\/wp-json\/wp\/v2\/users\/57"}],"replies":[{"embeddable":true,"href":"https:\/\/agora.xtec.cat\/iesmontbui\/wp-json\/wp\/v2\/comments?post=3017"}],"version-history":[{"count":3,"href":"https:\/\/agora.xtec.cat\/iesmontbui\/wp-json\/wp\/v2\/posts\/3017\/revisions"}],"predecessor-version":[{"id":3040,"href":"https:\/\/agora.xtec.cat\/iesmontbui\/wp-json\/wp\/v2\/posts\/3017\/revisions\/3040"}],"wp:featuredmedia":[{"embeddable":true,"href":"https:\/\/agora.xtec.cat\/iesmontbui\/wp-json\/wp\/v2\/media\/3018"}],"wp:attachment":[{"href":"https:\/\/agora.xtec.cat\/iesmontbui\/wp-json\/wp\/v2\/media?parent=3017"}],"wp:term":[{"taxonomy":"category","embeddable":true,"href":"https:\/\/agora.xtec.cat\/iesmontbui\/wp-json\/wp\/v2\/categories?post=3017"},{"taxonomy":"post_tag","embeddable":true,"href":"https:\/\/agora.xtec.cat\/iesmontbui\/wp-json\/wp\/v2\/tags?post=3017"}],"curies":[{"name":"wp","href":"https:\/\/api.w.org\/{rel}","templated":true}]}}