{"id":2992,"date":"2019-03-07T14:40:44","date_gmt":"2019-03-07T13:40:44","guid":{"rendered":"http:\/\/agora.xtec.cat\/iesmontbui\/?p=2992"},"modified":"2019-03-07T14:40:44","modified_gmt":"2019-03-07T13:40:44","slug":"participacio-a-la-fira-de-robotica-irtca","status":"publish","type":"post","link":"https:\/\/agora.xtec.cat\/iesmontbui\/general\/participacio-a-la-fira-de-robotica-irtca\/","title":{"rendered":"PARTICIPACI\u00d3 A LA FIRA DE ROB\u00d2TICA IRTCA"},"content":{"rendered":"<p><a href=\"https:\/\/agora.xtec.cat\/iesmontbui\/wp-content\/uploads\/usu145\/2019\/03\/cosmo.jpg\"><img loading=\"lazy\" decoding=\"async\" class=\"alignnone size-full wp-image-3003\" src=\"https:\/\/agora.xtec.cat\/iesmontbui\/wp-content\/uploads\/usu145\/2019\/03\/cosmo.jpg\" alt=\"\" width=\"500\" height=\"375\" srcset=\"https:\/\/agora.xtec.cat\/iesmontbui\/wp-content\/uploads\/usu145\/2019\/03\/cosmo.jpg 500w, https:\/\/agora.xtec.cat\/iesmontbui\/wp-content\/uploads\/usu145\/2019\/03\/cosmo-300x225.jpg 300w, https:\/\/agora.xtec.cat\/iesmontbui\/wp-content\/uploads\/usu145\/2019\/03\/cosmo-200x150.jpg 200w\" sizes=\"auto, (max-width: 500px) 100vw, 500px\" \/><\/a><\/p>\n<p>&nbsp;<\/p>\n<p><span style=\"font-weight: 400;\">Els alumnes que cursen la mat\u00e8ria de tecnologia a 4t d\u2019ESO segueixen <\/span><span style=\"font-weight: 400;\">el programa \u201cImpulsem la rob\u00f2tica. Tecnologies creatives a l\u2019aula\u201d en el qual aprofundeixen en el desenvolupament d\u2019un conjunt d\u2019activitats orientades al treball per projectes sobre la plataforma Arduino. El programa finalitza amb una <\/span><span style=\"font-weight: 400;\">fira de projectes al CosmoCaixa a on l\u2019alumnat els mostra i comparteix experi\u00e8ncies amb estudiants d\u2019arreu de Catalunya. <\/span><\/p>\n<p><span style=\"font-weight: 400;\">Aquest any la fira ha tingut lloc el 22 de febrer i els alumnes de l\u2019Institut Montbui van presentar una casa antirobatori en la que feien \u00fas de sensors per detectar pres\u00e8ncia i aix\u00ed obrir una llum que \u00a0alerta si alg\u00fa obre la porta, un altre projecte que van desenvolupar \u00e9s un divertit joc on els concursants realitzaven diverses proves en funci\u00f3 de la posici\u00f3 d\u2019uns LEDs i el darrer consistia en un detector de mentides amb el qual els nostres alumnes s\u2019ho van passar molt b\u00e9 interrogant \u00a0estudiants d\u2019altres instituts.<\/span><\/p>\n","protected":false},"excerpt":{"rendered":"<p><a href=\"https:\/\/agora.xtec.cat\/iesmontbui\/wp-content\/uploads\/usu145\/2019\/03\/cosmo.jpg\"><\/a><br \/>\n&nbsp;<br \/>\nEls alumnes que cursen la mat\u00e8ria de tecnologia a 4t d\u2019ESO segueixen el programa \u201cImpulsem la rob\u00f2tica. Tecnologies creatives a l\u2019aula\u201d en el qual aprofundeixen en el desenvolupament d\u2019un conjunt d\u2019activitats orientades al treball per projectes sobre la plataforma Arduino. El programa finalitza amb&hellip;  <a href=\"https:\/\/agora.xtec.cat\/iesmontbui\/general\/participacio-a-la-fira-de-robotica-irtca\/\" title=\"Read PARTICIPACI\u00d3 A LA FIRA DE ROB\u00d2TICA IRTCA\">Llegeix m\u00e9s\u00bb<\/a><\/p>\n","protected":false},"author":59,"featured_media":2993,"comment_status":"open","ping_status":"closed","sticky":false,"template":"","format":"standard","meta":{"_bbp_topic_count":0,"_bbp_reply_count":0,"_bbp_total_topic_count":0,"_bbp_total_reply_count":0,"_bbp_voice_count":0,"_bbp_anonymous_reply_count":0,"_bbp_topic_count_hidden":0,"_bbp_reply_count_hidden":0,"_bbp_forum_subforum_count":0,"footnotes":""},"categories":[1,29],"tags":[],"class_list":["post-2992","post","type-post","status-publish","format-standard","has-post-thumbnail","hentry","category-general","category-portada"],"post_mailing_queue_ids":[],"_links":{"self":[{"href":"https:\/\/agora.xtec.cat\/iesmontbui\/wp-json\/wp\/v2\/posts\/2992","targetHints":{"allow":["GET"]}}],"collection":[{"href":"https:\/\/agora.xtec.cat\/iesmontbui\/wp-json\/wp\/v2\/posts"}],"about":[{"href":"https:\/\/agora.xtec.cat\/iesmontbui\/wp-json\/wp\/v2\/types\/post"}],"author":[{"embeddable":true,"href":"https:\/\/agora.xtec.cat\/iesmontbui\/wp-json\/wp\/v2\/users\/59"}],"replies":[{"embeddable":true,"href":"https:\/\/agora.xtec.cat\/iesmontbui\/wp-json\/wp\/v2\/comments?post=2992"}],"version-history":[{"count":3,"href":"https:\/\/agora.xtec.cat\/iesmontbui\/wp-json\/wp\/v2\/posts\/2992\/revisions"}],"predecessor-version":[{"id":3015,"href":"https:\/\/agora.xtec.cat\/iesmontbui\/wp-json\/wp\/v2\/posts\/2992\/revisions\/3015"}],"wp:featuredmedia":[{"embeddable":true,"href":"https:\/\/agora.xtec.cat\/iesmontbui\/wp-json\/wp\/v2\/media\/2993"}],"wp:attachment":[{"href":"https:\/\/agora.xtec.cat\/iesmontbui\/wp-json\/wp\/v2\/media?parent=2992"}],"wp:term":[{"taxonomy":"category","embeddable":true,"href":"https:\/\/agora.xtec.cat\/iesmontbui\/wp-json\/wp\/v2\/categories?post=2992"},{"taxonomy":"post_tag","embeddable":true,"href":"https:\/\/agora.xtec.cat\/iesmontbui\/wp-json\/wp\/v2\/tags?post=2992"}],"curies":[{"name":"wp","href":"https:\/\/api.w.org\/{rel}","templated":true}]}}