{"id":2941,"date":"2019-02-24T12:08:10","date_gmt":"2019-02-24T11:08:10","guid":{"rendered":"http:\/\/agora.xtec.cat\/iesmontbui\/?p=2941"},"modified":"2019-02-24T12:11:10","modified_gmt":"2019-02-24T11:11:10","slug":"linstitut-montbui-a-la-colonia-vidal-puig-reig","status":"publish","type":"post","link":"https:\/\/agora.xtec.cat\/iesmontbui\/general\/linstitut-montbui-a-la-colonia-vidal-puig-reig\/","title":{"rendered":"L\u2019Institut Montbui a la Col\u00f2nia Vidal (Puig-reig)"},"content":{"rendered":"<p><span style=\"font-weight: 400;\">El 28 de novembre de 2018 els alumnes de 4t d\u2019ESO van visitar la Col\u00f2nia Vidal a Puig-reig. Van gaudir d\u2019una visita teatralitzada a c\u00e0rrec d\u2019en Cisco i del Jepet. \u00a0<\/span><\/p>\n<p><span style=\"font-weight: 400;\">El Museu de la Col\u00f2nia Vidal aposta per reviure el passat en la pr\u00f2pia pell. S\u2019explica com eren la vida i el treball en una col\u00f2nia t\u00e8xtil als inicis del segle XX. Una extensa passejada per la col\u00f2nia Vidal ens serveix per mostrar, a trav\u00e9s d\u2019espais com l\u2019escola, la f\u00e0brica o els habitatges, la realitat d\u2019un moment hist\u00f2ric de cabdal import\u00e0ncia per a la hist\u00f2ria contempor\u00e0nia del nostre pa\u00eds i la seva industrialitzaci\u00f3.<\/span><\/p>\n","protected":false},"excerpt":{"rendered":"<p>El 28 de novembre de 2018 els alumnes de 4t d\u2019ESO van visitar la Col\u00f2nia Vidal a Puig-reig. Van gaudir d\u2019una visita teatralitzada a c\u00e0rrec d\u2019en Cisco i del Jepet. \u00a0<br \/>\nEl Museu de la Col\u00f2nia Vidal aposta per reviure el passat en la pr\u00f2pia pell.&hellip;  <a href=\"https:\/\/agora.xtec.cat\/iesmontbui\/general\/linstitut-montbui-a-la-colonia-vidal-puig-reig\/\" title=\"Read L\u2019Institut Montbui a la Col\u00f2nia Vidal (Puig-reig)\">Llegeix m\u00e9s\u00bb<\/a><\/p>\n","protected":false},"author":54,"featured_media":2982,"comment_status":"open","ping_status":"closed","sticky":false,"template":"","format":"standard","meta":{"_bbp_topic_count":0,"_bbp_reply_count":0,"_bbp_total_topic_count":0,"_bbp_total_reply_count":0,"_bbp_voice_count":0,"_bbp_anonymous_reply_count":0,"_bbp_topic_count_hidden":0,"_bbp_reply_count_hidden":0,"_bbp_forum_subforum_count":0,"footnotes":""},"categories":[126,7,1,29],"tags":[105,109,153,108],"class_list":["post-2941","post","type-post","status-publish","format-standard","has-post-thumbnail","hentry","category-dephumanitats","category-eso-4","category-general","category-portada","tag-activitats","tag-ciencies-socials","tag-eso-4","tag-portada"],"post_mailing_queue_ids":[],"_links":{"self":[{"href":"https:\/\/agora.xtec.cat\/iesmontbui\/wp-json\/wp\/v2\/posts\/2941","targetHints":{"allow":["GET"]}}],"collection":[{"href":"https:\/\/agora.xtec.cat\/iesmontbui\/wp-json\/wp\/v2\/posts"}],"about":[{"href":"https:\/\/agora.xtec.cat\/iesmontbui\/wp-json\/wp\/v2\/types\/post"}],"author":[{"embeddable":true,"href":"https:\/\/agora.xtec.cat\/iesmontbui\/wp-json\/wp\/v2\/users\/54"}],"replies":[{"embeddable":true,"href":"https:\/\/agora.xtec.cat\/iesmontbui\/wp-json\/wp\/v2\/comments?post=2941"}],"version-history":[{"count":2,"href":"https:\/\/agora.xtec.cat\/iesmontbui\/wp-json\/wp\/v2\/posts\/2941\/revisions"}],"predecessor-version":[{"id":2977,"href":"https:\/\/agora.xtec.cat\/iesmontbui\/wp-json\/wp\/v2\/posts\/2941\/revisions\/2977"}],"wp:featuredmedia":[{"embeddable":true,"href":"https:\/\/agora.xtec.cat\/iesmontbui\/wp-json\/wp\/v2\/media\/2982"}],"wp:attachment":[{"href":"https:\/\/agora.xtec.cat\/iesmontbui\/wp-json\/wp\/v2\/media?parent=2941"}],"wp:term":[{"taxonomy":"category","embeddable":true,"href":"https:\/\/agora.xtec.cat\/iesmontbui\/wp-json\/wp\/v2\/categories?post=2941"},{"taxonomy":"post_tag","embeddable":true,"href":"https:\/\/agora.xtec.cat\/iesmontbui\/wp-json\/wp\/v2\/tags?post=2941"}],"curies":[{"name":"wp","href":"https:\/\/api.w.org\/{rel}","templated":true}]}}