{"id":2919,"date":"2019-02-06T09:39:40","date_gmt":"2019-02-06T08:39:40","guid":{"rendered":"http:\/\/agora.xtec.cat\/iesmontbui\/?p=2919"},"modified":"2019-03-11T12:21:11","modified_gmt":"2019-03-11T11:21:11","slug":"proves-anuals-per-completar-els-ensenyaments-deso","status":"publish","type":"post","link":"https:\/\/agora.xtec.cat\/iesmontbui\/general\/proves-anuals-per-completar-els-ensenyaments-deso\/","title":{"rendered":"PROVES ANUALS PER COMPLETAR ELS ENSENYAMENTS D&#8217;ESO"},"content":{"rendered":"<p>Cada any es convoquen proves per a l&#8217;obtenci\u00f3 del t\u00edtol de graduat en educaci\u00f3 secund\u00e0ria obligat\u00f2ria, per als alumnes que no l&#8217;hagin obtingut en finalitzar l&#8217;etapa. Tot seguit trobareu tota la informaci\u00f3 necess\u00e0ria per a l&#8217;organitzaci\u00f3 d&#8217;aquestes.<\/p>\n<p><a href=\"https:\/\/agora.xtec.cat\/iesmontbui\/wp-content\/uploads\/usu145\/2019\/02\/Cartell-tauler-danuncis-del-centre-GESO-2019.pdf\" target=\"_blank\" rel=\"noopener\">Requisits GESO 2019<\/a><\/p>\n<p><a href=\"https:\/\/agora.xtec.cat\/iesmontbui\/wp-content\/uploads\/usu145\/2019\/02\/Horari-proves-GESO-2019.pdf\" target=\"_blank\" rel=\"noopener\">Horari proves GESO 2019<\/a><\/p>\n<p><a href=\"https:\/\/agora.xtec.cat\/iesmontbui\/wp-content\/uploads\/usu145\/2019\/02\/informaci\u00f3-Tauler-anunucis-institut-2019.pdf\" target=\"_blank\" rel=\"noopener\">Calendari i normativa GESO 2019<\/a><\/p>\n<p><a href=\"https:\/\/agora.xtec.cat\/iesmontbui\/wp-content\/uploads\/usu145\/2019\/02\/Continguts-i-criteris-davaluaci\u00f3-de-Ci\u00e8ncies-Socials-Geografia-i-Hist\u00f2ria.pdf\" target=\"_blank\" rel=\"noopener\">Continguts i criteris d&#8217;avaluaci\u00f3 de Ci\u00e8ncies Socials Geografia i Hist\u00f2ria<\/a><\/p>\n<p><a href=\"https:\/\/agora.xtec.cat\/iesmontbui\/wp-content\/uploads\/usu145\/2019\/02\/Continguts-i-criteris-davaluaci\u00f3-de-Llengua-i-Literatura-castellana.pdf\" target=\"_blank\" rel=\"noopener\">Continguts i criteris d&#8217;avaluaci\u00f3 de Llengua i Literatura castellana<\/a><\/p>\n<p><a href=\"https:\/\/agora.xtec.cat\/iesmontbui\/wp-content\/uploads\/usu145\/2019\/02\/Continguts-i-criteris-davaluaci\u00f3-de-Matem\u00e0tiques-Acad\u00e8miques-i-Aplicades.pdf\" target=\"_blank\" rel=\"noopener\">Continguts i criteris d&#8217;avaluaci\u00f3 de Matem\u00e0tiques Acad\u00e8miques i Aplicades<\/a><\/p>\n","protected":false},"excerpt":{"rendered":"<p>Cada any es convoquen proves per a l&#8217;obtenci\u00f3 del t\u00edtol de graduat en educaci\u00f3 secund\u00e0ria obligat\u00f2ria, per als alumnes que no l&#8217;hagin obtingut en finalitzar l&#8217;etapa. Tot seguit trobareu tota la informaci\u00f3 necess\u00e0ria per a l&#8217;organitzaci\u00f3 d&#8217;aquestes.<br \/>\n<a href=\"https:\/\/agora.xtec.cat\/iesmontbui\/wp-content\/uploads\/usu145\/2019\/02\/Cartell-tauler-danuncis-del-centre-GESO-2019.pdf\" target=\"_blank\" rel=\"noopener\">Requisits GESO 2019<\/a><br \/>\n<a href=\"https:\/\/agora.xtec.cat\/iesmontbui\/wp-content\/uploads\/usu145\/2019\/02\/Horari-proves-GESO-2019.pdf\" target=\"_blank\" rel=\"noopener\">Horari&hellip;  <a href=\"https:\/\/agora.xtec.cat\/iesmontbui\/general\/proves-anuals-per-completar-els-ensenyaments-deso\/\" title=\"Read PROVES ANUALS PER COMPLETAR ELS ENSENYAMENTS D&#8217;ESO\">Llegeix m\u00e9s\u00bb<\/a><\/p>\n","protected":false},"author":62,"featured_media":2918,"comment_status":"open","ping_status":"closed","sticky":false,"template":"","format":"standard","meta":{"_bbp_topic_count":0,"_bbp_reply_count":0,"_bbp_total_topic_count":0,"_bbp_total_reply_count":0,"_bbp_voice_count":0,"_bbp_anonymous_reply_count":0,"_bbp_topic_count_hidden":0,"_bbp_reply_count_hidden":0,"_bbp_forum_subforum_count":0,"footnotes":""},"categories":[118,3,1,29],"tags":[],"class_list":["post-2919","post","type-post","status-publish","format-standard","has-post-thumbnail","hentry","category-comunicatspfi","category-eso","category-general","category-portada"],"post_mailing_queue_ids":[],"_links":{"self":[{"href":"https:\/\/agora.xtec.cat\/iesmontbui\/wp-json\/wp\/v2\/posts\/2919","targetHints":{"allow":["GET"]}}],"collection":[{"href":"https:\/\/agora.xtec.cat\/iesmontbui\/wp-json\/wp\/v2\/posts"}],"about":[{"href":"https:\/\/agora.xtec.cat\/iesmontbui\/wp-json\/wp\/v2\/types\/post"}],"author":[{"embeddable":true,"href":"https:\/\/agora.xtec.cat\/iesmontbui\/wp-json\/wp\/v2\/users\/62"}],"replies":[{"embeddable":true,"href":"https:\/\/agora.xtec.cat\/iesmontbui\/wp-json\/wp\/v2\/comments?post=2919"}],"version-history":[{"count":3,"href":"https:\/\/agora.xtec.cat\/iesmontbui\/wp-json\/wp\/v2\/posts\/2919\/revisions"}],"predecessor-version":[{"id":2983,"href":"https:\/\/agora.xtec.cat\/iesmontbui\/wp-json\/wp\/v2\/posts\/2919\/revisions\/2983"}],"wp:featuredmedia":[{"embeddable":true,"href":"https:\/\/agora.xtec.cat\/iesmontbui\/wp-json\/wp\/v2\/media\/2918"}],"wp:attachment":[{"href":"https:\/\/agora.xtec.cat\/iesmontbui\/wp-json\/wp\/v2\/media?parent=2919"}],"wp:term":[{"taxonomy":"category","embeddable":true,"href":"https:\/\/agora.xtec.cat\/iesmontbui\/wp-json\/wp\/v2\/categories?post=2919"},{"taxonomy":"post_tag","embeddable":true,"href":"https:\/\/agora.xtec.cat\/iesmontbui\/wp-json\/wp\/v2\/tags?post=2919"}],"curies":[{"name":"wp","href":"https:\/\/api.w.org\/{rel}","templated":true}]}}