{"id":2868,"date":"2019-01-11T08:20:05","date_gmt":"2019-01-11T07:20:05","guid":{"rendered":"http:\/\/agora.xtec.cat\/iesmontbui\/?p=2868"},"modified":"2019-01-11T08:21:09","modified_gmt":"2019-01-11T07:21:09","slug":"contes-i-valors","status":"publish","type":"post","link":"https:\/\/agora.xtec.cat\/iesmontbui\/general\/contes-i-valors\/","title":{"rendered":"Contes i Valors"},"content":{"rendered":"<p>L&#8217;\u00faltim dia abans de les vacances de Nadal, els alumnes de 1r i 2n d&#8217;ESO vam gaudir d&#8217;una sessi\u00f3 a c\u00e0rrec de M\u00f2nica Torra, que va venir a explicar-nos contes que tractaven valors com la toler\u00e0ncia, la solidaritat, l&#8217;acceptaci\u00f3 de la diversitat, etc.<!--more--><\/p>\n\n\t\t<style type=\"text\/css\">\n\t\t\t#gallery-1 {\n\t\t\t\tmargin: auto;\n\t\t\t}\n\t\t\t#gallery-1 .gallery-item {\n\t\t\t\tfloat: left;\n\t\t\t\tmargin-top: 10px;\n\t\t\t\ttext-align: center;\n\t\t\t\twidth: 33%;\n\t\t\t}\n\t\t\t#gallery-1 img {\n\t\t\t\tborder: 2px solid #cfcfcf;\n\t\t\t}\n\t\t\t#gallery-1 .gallery-caption {\n\t\t\t\tmargin-left: 0;\n\t\t\t}\n\t\t\t\/* see gallery_shortcode() in wp-includes\/media.php *\/\n\t\t<\/style>\n\t\t<div id='gallery-1' class='gallery galleryid-2868 gallery-columns-3 gallery-size-medium'><dl class='gallery-item'>\n\t\t\t<dt class='gallery-icon landscape'>\n\t\t\t\t<a href='https:\/\/agora.xtec.cat\/iesmontbui\/general\/contes-i-valors\/attachment\/img-20190109-wa0003\/'><img loading=\"lazy\" decoding=\"async\" width=\"300\" height=\"225\" src=\"https:\/\/agora.xtec.cat\/iesmontbui\/wp-content\/uploads\/usu145\/2019\/01\/IMG-20190109-WA0003-300x225.jpg\" class=\"attachment-medium size-medium\" alt=\"\" srcset=\"https:\/\/agora.xtec.cat\/iesmontbui\/wp-content\/uploads\/usu145\/2019\/01\/IMG-20190109-WA0003-300x225.jpg 300w, https:\/\/agora.xtec.cat\/iesmontbui\/wp-content\/uploads\/usu145\/2019\/01\/IMG-20190109-WA0003-768x576.jpg 768w, https:\/\/agora.xtec.cat\/iesmontbui\/wp-content\/uploads\/usu145\/2019\/01\/IMG-20190109-WA0003-1024x768.jpg 1024w, https:\/\/agora.xtec.cat\/iesmontbui\/wp-content\/uploads\/usu145\/2019\/01\/IMG-20190109-WA0003-200x150.jpg 200w, https:\/\/agora.xtec.cat\/iesmontbui\/wp-content\/uploads\/usu145\/2019\/01\/IMG-20190109-WA0003.jpg 1600w\" sizes=\"auto, (max-width: 300px) 100vw, 300px\" \/><\/a>\n\t\t\t<\/dt><\/dl><dl class='gallery-item'>\n\t\t\t<dt class='gallery-icon landscape'>\n\t\t\t\t<a href='https:\/\/agora.xtec.cat\/iesmontbui\/general\/contes-i-valors\/attachment\/img-20190109-wa0001\/'><img loading=\"lazy\" decoding=\"async\" width=\"300\" height=\"225\" src=\"https:\/\/agora.xtec.cat\/iesmontbui\/wp-content\/uploads\/usu145\/2019\/01\/IMG-20190109-WA0001-300x225.jpg\" class=\"attachment-medium size-medium\" alt=\"\" srcset=\"https:\/\/agora.xtec.cat\/iesmontbui\/wp-content\/uploads\/usu145\/2019\/01\/IMG-20190109-WA0001-300x225.jpg 300w, https:\/\/agora.xtec.cat\/iesmontbui\/wp-content\/uploads\/usu145\/2019\/01\/IMG-20190109-WA0001-768x576.jpg 768w, https:\/\/agora.xtec.cat\/iesmontbui\/wp-content\/uploads\/usu145\/2019\/01\/IMG-20190109-WA0001-1024x768.jpg 1024w, https:\/\/agora.xtec.cat\/iesmontbui\/wp-content\/uploads\/usu145\/2019\/01\/IMG-20190109-WA0001-200x150.jpg 200w, https:\/\/agora.xtec.cat\/iesmontbui\/wp-content\/uploads\/usu145\/2019\/01\/IMG-20190109-WA0001.jpg 1600w\" sizes=\"auto, (max-width: 300px) 100vw, 300px\" \/><\/a>\n\t\t\t<\/dt><\/dl><dl class='gallery-item'>\n\t\t\t<dt class='gallery-icon landscape'>\n\t\t\t\t<a href='https:\/\/agora.xtec.cat\/iesmontbui\/general\/contes-i-valors\/attachment\/img-20190109-wa0000\/'><img loading=\"lazy\" decoding=\"async\" width=\"300\" height=\"225\" src=\"https:\/\/agora.xtec.cat\/iesmontbui\/wp-content\/uploads\/usu145\/2019\/01\/IMG-20190109-WA0000-300x225.jpg\" class=\"attachment-medium size-medium\" alt=\"\" srcset=\"https:\/\/agora.xtec.cat\/iesmontbui\/wp-content\/uploads\/usu145\/2019\/01\/IMG-20190109-WA0000-300x225.jpg 300w, https:\/\/agora.xtec.cat\/iesmontbui\/wp-content\/uploads\/usu145\/2019\/01\/IMG-20190109-WA0000-768x576.jpg 768w, https:\/\/agora.xtec.cat\/iesmontbui\/wp-content\/uploads\/usu145\/2019\/01\/IMG-20190109-WA0000-1024x768.jpg 1024w, https:\/\/agora.xtec.cat\/iesmontbui\/wp-content\/uploads\/usu145\/2019\/01\/IMG-20190109-WA0000-200x150.jpg 200w, https:\/\/agora.xtec.cat\/iesmontbui\/wp-content\/uploads\/usu145\/2019\/01\/IMG-20190109-WA0000.jpg 1600w\" sizes=\"auto, (max-width: 300px) 100vw, 300px\" \/><\/a>\n\t\t\t<\/dt><\/dl><br style=\"clear: both\" \/>\n\t\t<\/div>\n\n","protected":false},"excerpt":{"rendered":"<p>L&#8217;\u00faltim dia abans de les vacances de Nadal, els alumnes de 1r i 2n d&#8217;ESO vam gaudir d&#8217;una sessi\u00f3 a c\u00e0rrec de M\u00f2nica Torra, que va venir a explicar-nos contes que tractaven valors com la toler\u00e0ncia, la solidaritat, l&#8217;acceptaci\u00f3 de la diversitat, etc.<\/p>\n","protected":false},"author":55,"featured_media":2869,"comment_status":"open","ping_status":"closed","sticky":false,"template":"","format":"standard","meta":{"_bbp_topic_count":0,"_bbp_reply_count":0,"_bbp_total_topic_count":0,"_bbp_total_reply_count":0,"_bbp_voice_count":0,"_bbp_anonymous_reply_count":0,"_bbp_topic_count_hidden":0,"_bbp_reply_count_hidden":0,"_bbp_forum_subforum_count":0,"footnotes":""},"categories":[125,1,29],"tags":[105,142],"class_list":["post-2868","post","type-post","status-publish","format-standard","has-post-thumbnail","hentry","category-depllengues","category-general","category-portada","tag-activitats","tag-departament-de-llengues"],"post_mailing_queue_ids":[],"_links":{"self":[{"href":"https:\/\/agora.xtec.cat\/iesmontbui\/wp-json\/wp\/v2\/posts\/2868","targetHints":{"allow":["GET"]}}],"collection":[{"href":"https:\/\/agora.xtec.cat\/iesmontbui\/wp-json\/wp\/v2\/posts"}],"about":[{"href":"https:\/\/agora.xtec.cat\/iesmontbui\/wp-json\/wp\/v2\/types\/post"}],"author":[{"embeddable":true,"href":"https:\/\/agora.xtec.cat\/iesmontbui\/wp-json\/wp\/v2\/users\/55"}],"replies":[{"embeddable":true,"href":"https:\/\/agora.xtec.cat\/iesmontbui\/wp-json\/wp\/v2\/comments?post=2868"}],"version-history":[{"count":3,"href":"https:\/\/agora.xtec.cat\/iesmontbui\/wp-json\/wp\/v2\/posts\/2868\/revisions"}],"predecessor-version":[{"id":2881,"href":"https:\/\/agora.xtec.cat\/iesmontbui\/wp-json\/wp\/v2\/posts\/2868\/revisions\/2881"}],"wp:featuredmedia":[{"embeddable":true,"href":"https:\/\/agora.xtec.cat\/iesmontbui\/wp-json\/wp\/v2\/media\/2869"}],"wp:attachment":[{"href":"https:\/\/agora.xtec.cat\/iesmontbui\/wp-json\/wp\/v2\/media?parent=2868"}],"wp:term":[{"taxonomy":"category","embeddable":true,"href":"https:\/\/agora.xtec.cat\/iesmontbui\/wp-json\/wp\/v2\/categories?post=2868"},{"taxonomy":"post_tag","embeddable":true,"href":"https:\/\/agora.xtec.cat\/iesmontbui\/wp-json\/wp\/v2\/tags?post=2868"}],"curies":[{"name":"wp","href":"https:\/\/api.w.org\/{rel}","templated":true}]}}