{"id":2841,"date":"2019-01-11T14:08:59","date_gmt":"2019-01-11T13:08:59","guid":{"rendered":"http:\/\/agora.xtec.cat\/iesmontbui\/?p=2841"},"modified":"2019-01-11T14:11:16","modified_gmt":"2019-01-11T13:11:16","slug":"linstitut-montbui-aposta-pel-plurilinguisme","status":"publish","type":"post","link":"https:\/\/agora.xtec.cat\/iesmontbui\/general\/linstitut-montbui-aposta-pel-plurilinguisme\/","title":{"rendered":"L\u2019Institut Montbui aposta pel Pluriling\u00fcisme"},"content":{"rendered":"<p><span style=\"font-weight: 400;\"><a href=\"https:\/\/agora.xtec.cat\/iesmontbui\/wp-content\/uploads\/usu145\/2018\/12\/GEP.png\"><img loading=\"lazy\" decoding=\"async\" class=\"wp-image-2842 alignleft\" src=\"https:\/\/agora.xtec.cat\/iesmontbui\/wp-content\/uploads\/usu145\/2018\/12\/GEP.png\" alt=\"\" width=\"214\" height=\"169\" srcset=\"https:\/\/agora.xtec.cat\/iesmontbui\/wp-content\/uploads\/usu145\/2018\/12\/GEP.png 343w, https:\/\/agora.xtec.cat\/iesmontbui\/wp-content\/uploads\/usu145\/2018\/12\/GEP-300x237.png 300w\" sizes=\"auto, (max-width: 214px) 100vw, 214px\" \/><\/a>Enguany l\u2019Institut Montbui, dins el Marc per al Pluriling\u00fcisme iniciat pel Departament d\u2019Ensenyament, participa en el programa GEP (Generaci\u00f3 Pluriling\u00fce).<\/span><\/p>\n<p><span style=\"font-weight: 400;\">La durada del programa \u00e9s de tres cursos escolars. Durant aquest temps, un grup de professors impulsors rebr\u00e0 formaci\u00f3 sobre enfocaments AICLE (<\/span><span style=\"font-weight: 400;\">Aprenentatge Integrat de Continguts i Llengua Estrangera).<\/span><\/p>\n<p><span style=\"font-weight: 400;\">La finalitat d\u2019aquest programa \u00e9s millorar la compet\u00e8ncia en lleng\u00fces estrangeres de l\u2019alumnat. Les accions del programa GEP s\u2019orienten, d\u2019una banda, a incrementar el temps d\u2019exposici\u00f3 de l\u2019alumnat a les lleng\u00fces estrangeres curriculars i, d\u2019una altra, promoure un aprenentatge actiu i significatiu per part de l\u2019alumnat, basat en el treball cooperatiu i per projectes, en una avaluaci\u00f3 orientada a l\u2019aprenentatge, i en l\u2019adquisici\u00f3 d\u2019estrat\u00e8gies per a un aprenentatge aut\u00f2nom.<\/span><\/p>\n<p><span style=\"font-weight: 400;\">Durant el programa es realitzaran activitats en llengua anglesa en mat\u00e8ries no ling\u00fc\u00edstiques. En el nostre centre, comencem amb les mat\u00e8ries de ci\u00e8ncies experimentals, educaci\u00f3 f\u00edsica i tecnologia, esperant, per\u00f2, que el projecte ling\u00fc\u00edstic pluriling\u00fce es consolidi i arribi a m\u00e9s mat\u00e8ries.<\/span><\/p>\n<p><span style=\"font-weight: 400;\">El coneixement d\u2019una o m\u00e9s lleng\u00fces estrangeres garanteix l\u2019adquisici\u00f3 dels processos d\u2019aprenentatge i la millora cont\u00ednua de l\u2019aprenent. L\u2019institut Montbui aposta pel pluriling\u00fcisme amb l\u2019esperan\u00e7a d\u2019oferir als nostres estudiants millors oportunitats tant acad\u00e8miques com laborals.<\/span><\/p>\n","protected":false},"excerpt":{"rendered":"<p><a href=\"https:\/\/agora.xtec.cat\/iesmontbui\/wp-content\/uploads\/usu145\/2018\/12\/GEP.png\"><\/a>Enguany l\u2019Institut Montbui, dins el Marc per al Pluriling\u00fcisme iniciat pel Departament d\u2019Ensenyament, participa en el programa GEP (Generaci\u00f3 Pluriling\u00fce).<br \/>\nLa durada del programa \u00e9s de tres cursos escolars. Durant aquest temps, un grup de professors impulsors rebr\u00e0 formaci\u00f3 sobre enfocaments AICLE (Aprenentatge Integrat de&hellip;  <a href=\"https:\/\/agora.xtec.cat\/iesmontbui\/general\/linstitut-montbui-aposta-pel-plurilinguisme\/\" title=\"Read L\u2019Institut Montbui aposta pel Pluriling\u00fcisme\">Llegeix m\u00e9s\u00bb<\/a><\/p>\n","protected":false},"author":59,"featured_media":2842,"comment_status":"open","ping_status":"closed","sticky":false,"template":"","format":"standard","meta":{"_bbp_topic_count":0,"_bbp_reply_count":0,"_bbp_total_topic_count":0,"_bbp_total_reply_count":0,"_bbp_voice_count":0,"_bbp_anonymous_reply_count":0,"_bbp_topic_count_hidden":0,"_bbp_reply_count_hidden":0,"_bbp_forum_subforum_count":0,"footnotes":""},"categories":[1,147,29],"tags":[151],"class_list":["post-2841","post","type-post","status-publish","format-standard","has-post-thumbnail","hentry","category-general","category-intercanvi","category-portada","tag-plurilinguisme"],"post_mailing_queue_ids":[],"_links":{"self":[{"href":"https:\/\/agora.xtec.cat\/iesmontbui\/wp-json\/wp\/v2\/posts\/2841","targetHints":{"allow":["GET"]}}],"collection":[{"href":"https:\/\/agora.xtec.cat\/iesmontbui\/wp-json\/wp\/v2\/posts"}],"about":[{"href":"https:\/\/agora.xtec.cat\/iesmontbui\/wp-json\/wp\/v2\/types\/post"}],"author":[{"embeddable":true,"href":"https:\/\/agora.xtec.cat\/iesmontbui\/wp-json\/wp\/v2\/users\/59"}],"replies":[{"embeddable":true,"href":"https:\/\/agora.xtec.cat\/iesmontbui\/wp-json\/wp\/v2\/comments?post=2841"}],"version-history":[{"count":3,"href":"https:\/\/agora.xtec.cat\/iesmontbui\/wp-json\/wp\/v2\/posts\/2841\/revisions"}],"predecessor-version":[{"id":2885,"href":"https:\/\/agora.xtec.cat\/iesmontbui\/wp-json\/wp\/v2\/posts\/2841\/revisions\/2885"}],"wp:featuredmedia":[{"embeddable":true,"href":"https:\/\/agora.xtec.cat\/iesmontbui\/wp-json\/wp\/v2\/media\/2842"}],"wp:attachment":[{"href":"https:\/\/agora.xtec.cat\/iesmontbui\/wp-json\/wp\/v2\/media?parent=2841"}],"wp:term":[{"taxonomy":"category","embeddable":true,"href":"https:\/\/agora.xtec.cat\/iesmontbui\/wp-json\/wp\/v2\/categories?post=2841"},{"taxonomy":"post_tag","embeddable":true,"href":"https:\/\/agora.xtec.cat\/iesmontbui\/wp-json\/wp\/v2\/tags?post=2841"}],"curies":[{"name":"wp","href":"https:\/\/api.w.org\/{rel}","templated":true}]}}