{"id":2813,"date":"2018-11-29T08:46:00","date_gmt":"2018-11-29T07:46:00","guid":{"rendered":"http:\/\/agora.xtec.cat\/iesmontbui\/?p=2813"},"modified":"2018-11-29T09:02:43","modified_gmt":"2018-11-29T08:02:43","slug":"sortida-museu-picasso-projecte-de-comunicacio-3r-i-aula-dacollida","status":"publish","type":"post","link":"https:\/\/agora.xtec.cat\/iesmontbui\/general\/sortida-museu-picasso-projecte-de-comunicacio-3r-i-aula-dacollida\/","title":{"rendered":"Sortida Museu Picasso Projecte de comunicaci\u00f3 3r i Aula d\u2019Acollida"},"content":{"rendered":"<p>Els alumnes d\u2019aula d\u2019acollida i els alumnes del projecte de comunicaci\u00f3 de 3r d\u2019ESO vam anar d&#8217;excursi\u00f3 al Museu\u00a0 Picasso de Barcelona. El primer que vam fer \u00e9s anar el Parc de la Ciutadella\u00a0 per esmorzar. Despr\u00e9s vam anar a visitar el Born; vam fer fotos de tots els alumnes d\u2019aula d\u2019acollida i tamb\u00e9 vam parlar del lloc: Les ru\u00efnes ens mostren com era la ciutat de Barcelona en 1714 i els fets que hi van succeir. Ho estudiarem a socials de 4t d\u2019ESO.<\/p>\n<p>Mentres passej\u00e0vem per la ciutat, vam trobar una esgl\u00e9sia \u201cSanta Maria del Mar\u201d, on observ\u00e0rem els voltants com el Fossar de les Moreres i vam fer fotos. Abans d\u2019entrar al Museu de Picasso vam menjar, i ja despr\u00e9s vam entrar.<\/p>\n<p>En entrar al museu, ens dirig\u00edrem a una sala, on ens van donar indicacions de com ens hav\u00edem de comportar dins el museu, tamb\u00e9 ens van fer una foto i ens van donar un paper amb els nostres noms.<\/p>\n<p>Dins el museu vam veure quadres com: El retrat de la mare, un autoretrat de Picasso pintant i un dels seus quadres de &#8220;Les Meninas&#8221;. En acabar el recorregut, ens vam dirigir una altra vegada a la sala del comen\u00e7ament i ens van explicar les activitats que hav\u00edem de fer. Les activitats eren dibuixar-nos i deixar que el teu company de dibuix fes\u00a0 el nostre perfil en una l\u00e0mina d&#8217;acetat. En acabar els dos dibuixos els ajunt\u00e0vem i vam crear un estil semblant a la forma de pintar i dibuixar de Picasso en el quadre de \u201cSabart\u00e9s\u201d.<\/p>\n<p>Brenda Casta\u00f1o Londo\u00f1o<\/p>\n\n","protected":false},"excerpt":{"rendered":"<p>Els alumnes d\u2019aula d\u2019acollida i els alumnes del projecte de comunicaci\u00f3 de 3r d\u2019ESO vam anar d&#8217;excursi\u00f3 al Museu\u00a0 Picasso de Barcelona. El primer que vam fer \u00e9s anar el Parc de la Ciutadella\u00a0 per esmorzar. Despr\u00e9s vam anar a visitar el Born; vam fer&hellip;  <a href=\"https:\/\/agora.xtec.cat\/iesmontbui\/general\/sortida-museu-picasso-projecte-de-comunicacio-3r-i-aula-dacollida\/\" title=\"Read Sortida Museu Picasso Projecte de comunicaci\u00f3 3r i Aula d\u2019Acollida\">Llegeix m\u00e9s\u00bb<\/a><\/p>\n","protected":false},"author":62,"featured_media":2831,"comment_status":"open","ping_status":"closed","sticky":false,"template":"","format":"standard","meta":{"_bbp_topic_count":0,"_bbp_reply_count":0,"_bbp_total_topic_count":0,"_bbp_total_reply_count":0,"_bbp_voice_count":0,"_bbp_anonymous_reply_count":0,"_bbp_topic_count_hidden":0,"_bbp_reply_count_hidden":0,"_bbp_forum_subforum_count":0,"footnotes":""},"categories":[1,29],"tags":[105,39],"class_list":["post-2813","post","type-post","status-publish","format-standard","has-post-thumbnail","hentry","category-general","category-portada","tag-activitats","tag-sortides"],"post_mailing_queue_ids":[],"_links":{"self":[{"href":"https:\/\/agora.xtec.cat\/iesmontbui\/wp-json\/wp\/v2\/posts\/2813","targetHints":{"allow":["GET"]}}],"collection":[{"href":"https:\/\/agora.xtec.cat\/iesmontbui\/wp-json\/wp\/v2\/posts"}],"about":[{"href":"https:\/\/agora.xtec.cat\/iesmontbui\/wp-json\/wp\/v2\/types\/post"}],"author":[{"embeddable":true,"href":"https:\/\/agora.xtec.cat\/iesmontbui\/wp-json\/wp\/v2\/users\/62"}],"replies":[{"embeddable":true,"href":"https:\/\/agora.xtec.cat\/iesmontbui\/wp-json\/wp\/v2\/comments?post=2813"}],"version-history":[{"count":3,"href":"https:\/\/agora.xtec.cat\/iesmontbui\/wp-json\/wp\/v2\/posts\/2813\/revisions"}],"predecessor-version":[{"id":2832,"href":"https:\/\/agora.xtec.cat\/iesmontbui\/wp-json\/wp\/v2\/posts\/2813\/revisions\/2832"}],"wp:featuredmedia":[{"embeddable":true,"href":"https:\/\/agora.xtec.cat\/iesmontbui\/wp-json\/wp\/v2\/media\/2831"}],"wp:attachment":[{"href":"https:\/\/agora.xtec.cat\/iesmontbui\/wp-json\/wp\/v2\/media?parent=2813"}],"wp:term":[{"taxonomy":"category","embeddable":true,"href":"https:\/\/agora.xtec.cat\/iesmontbui\/wp-json\/wp\/v2\/categories?post=2813"},{"taxonomy":"post_tag","embeddable":true,"href":"https:\/\/agora.xtec.cat\/iesmontbui\/wp-json\/wp\/v2\/tags?post=2813"}],"curies":[{"name":"wp","href":"https:\/\/api.w.org\/{rel}","templated":true}]}}