{"id":2679,"date":"2018-10-31T13:27:36","date_gmt":"2018-10-31T12:27:36","guid":{"rendered":"http:\/\/agora.xtec.cat\/iesmontbui\/?p=2679"},"modified":"2018-11-22T18:58:33","modified_gmt":"2018-11-22T17:58:33","slug":"sortida-al-museu-picasso-projecte-de-comunicacio-i-aula-dacollida","status":"publish","type":"post","link":"https:\/\/agora.xtec.cat\/iesmontbui\/general\/sortida-al-museu-picasso-projecte-de-comunicacio-i-aula-dacollida\/","title":{"rendered":"Sortida al Museu Picasso Projecte de comunicaci\u00f3 i Aula d&#8217;Acollida"},"content":{"rendered":"<p>Els alumnes de 3r d&#8217;ESO del projecte de comunicaci\u00f3 i els d&#8217;Aula d&#8217;Acollida anirem d&#8217;excursi\u00f3 al Museu Picasso per a fer un taller d&#8217;Expressi\u00f3 art\u00edstica el dimecres 7 de novembre. L&#8217;horari de la sortida ser\u00e0 de 9 del mat\u00ed a 16:30. L&#8217;activitat est\u00e0 subvencionada pel mateix museu.<a href=\"https:\/\/agora.xtec.cat\/iesmontbui\/wp-content\/uploads\/usu145\/2018\/10\/Logotip_Museu_Picasso.svg_.png\"><img loading=\"lazy\" decoding=\"async\" class=\"aligncenter size-full wp-image-2680\" src=\"https:\/\/agora.xtec.cat\/iesmontbui\/wp-content\/uploads\/usu145\/2018\/10\/Logotip_Museu_Picasso.svg_.png\" alt=\"\" width=\"1024\" height=\"1024\" srcset=\"https:\/\/agora.xtec.cat\/iesmontbui\/wp-content\/uploads\/usu145\/2018\/10\/Logotip_Museu_Picasso.svg_.png 1024w, https:\/\/agora.xtec.cat\/iesmontbui\/wp-content\/uploads\/usu145\/2018\/10\/Logotip_Museu_Picasso.svg_-150x150.png 150w, https:\/\/agora.xtec.cat\/iesmontbui\/wp-content\/uploads\/usu145\/2018\/10\/Logotip_Museu_Picasso.svg_-300x300.png 300w, https:\/\/agora.xtec.cat\/iesmontbui\/wp-content\/uploads\/usu145\/2018\/10\/Logotip_Museu_Picasso.svg_-768x768.png 768w\" sizes=\"auto, (max-width: 1024px) 100vw, 1024px\" \/><\/a><\/p>\n","protected":false},"excerpt":{"rendered":"<p>Els alumnes de 3r d&#8217;ESO del projecte de comunicaci\u00f3 i els d&#8217;Aula d&#8217;Acollida anirem d&#8217;excursi\u00f3 al Museu Picasso per a fer un taller d&#8217;Expressi\u00f3 art\u00edstica el dimecres 7 de novembre. L&#8217;horari de la sortida ser\u00e0 de 9 del mat\u00ed a 16:30. L&#8217;activitat est\u00e0 subvencionada pel&hellip;  <a href=\"https:\/\/agora.xtec.cat\/iesmontbui\/general\/sortida-al-museu-picasso-projecte-de-comunicacio-i-aula-dacollida\/\" title=\"Read Sortida al Museu Picasso Projecte de comunicaci\u00f3 i Aula d&#8217;Acollida\">Llegeix m\u00e9s\u00bb<\/a><\/p>\n","protected":false},"author":62,"featured_media":0,"comment_status":"open","ping_status":"closed","sticky":false,"template":"","format":"standard","meta":{"_bbp_topic_count":0,"_bbp_reply_count":0,"_bbp_total_topic_count":0,"_bbp_total_reply_count":0,"_bbp_voice_count":0,"_bbp_anonymous_reply_count":0,"_bbp_topic_count_hidden":0,"_bbp_reply_count_hidden":0,"_bbp_forum_subforum_count":0,"footnotes":""},"categories":[114,1],"tags":[],"class_list":["post-2679","post","type-post","status-publish","format-standard","hentry","category-comunicats3","category-general"],"post_mailing_queue_ids":[],"_links":{"self":[{"href":"https:\/\/agora.xtec.cat\/iesmontbui\/wp-json\/wp\/v2\/posts\/2679","targetHints":{"allow":["GET"]}}],"collection":[{"href":"https:\/\/agora.xtec.cat\/iesmontbui\/wp-json\/wp\/v2\/posts"}],"about":[{"href":"https:\/\/agora.xtec.cat\/iesmontbui\/wp-json\/wp\/v2\/types\/post"}],"author":[{"embeddable":true,"href":"https:\/\/agora.xtec.cat\/iesmontbui\/wp-json\/wp\/v2\/users\/62"}],"replies":[{"embeddable":true,"href":"https:\/\/agora.xtec.cat\/iesmontbui\/wp-json\/wp\/v2\/comments?post=2679"}],"version-history":[{"count":3,"href":"https:\/\/agora.xtec.cat\/iesmontbui\/wp-json\/wp\/v2\/posts\/2679\/revisions"}],"predecessor-version":[{"id":2799,"href":"https:\/\/agora.xtec.cat\/iesmontbui\/wp-json\/wp\/v2\/posts\/2679\/revisions\/2799"}],"wp:attachment":[{"href":"https:\/\/agora.xtec.cat\/iesmontbui\/wp-json\/wp\/v2\/media?parent=2679"}],"wp:term":[{"taxonomy":"category","embeddable":true,"href":"https:\/\/agora.xtec.cat\/iesmontbui\/wp-json\/wp\/v2\/categories?post=2679"},{"taxonomy":"post_tag","embeddable":true,"href":"https:\/\/agora.xtec.cat\/iesmontbui\/wp-json\/wp\/v2\/tags?post=2679"}],"curies":[{"name":"wp","href":"https:\/\/api.w.org\/{rel}","templated":true}]}}