{"id":2591,"date":"2018-06-29T12:01:21","date_gmt":"2018-06-29T10:01:21","guid":{"rendered":"http:\/\/agora.xtec.cat\/iesmontbui\/?p=2591"},"modified":"2018-06-29T12:01:21","modified_gmt":"2018-06-29T10:01:21","slug":"activitats-estiu-primaria-secundaria","status":"publish","type":"post","link":"https:\/\/agora.xtec.cat\/iesmontbui\/portada\/activitats-estiu-primaria-secundaria\/","title":{"rendered":"Activitats estiu prim\u00e0ria-secund\u00e0ria"},"content":{"rendered":"<p>Hola families,<\/p>\n<p>Aqu\u00ed teniu els arxius de les activitats d&#8217;estiu pels alumnes de prim\u00e0ria que s&#8217;incorporaran a secund\u00e0ria al proper curs 2018\/2019. Cliqueu sobre el nom dels arxius i un cop descarregats els podreu imprimir. Caldr\u00e0 que l&#8217;alumnat els entregui el primer dia de classe al setembre.<\/p>\n<p>Us desitgem que passeu un molt bon estiu!<\/p>\n<p><a href=\"http:\/\/agora.xtec.cat\/iesmontbui\/wp-content\/uploads\/usu145\/2018\/06\/deures-estiu-PRIM-SECUND\u00c0RIA-.docx\">deures estiu PRIM-SECUND\u00c0RIA<\/a><\/p>\n<p><a href=\"http:\/\/agora.xtec.cat\/iesmontbui\/wp-content\/uploads\/usu145\/2018\/06\/fitxa-lectura-refor\u00e7.doc\">fitxa lectura refor\u00e7<\/a><\/p>\n<p><a href=\"http:\/\/agora.xtec.cat\/iesmontbui\/wp-content\/uploads\/usu145\/2018\/06\/fitxa-lectura-ampliaci\u00f3.doc\">fitxa lectura ampliaci\u00f3<\/a> <a href=\"http:\/\/agora.xtec.cat\/iesmontbui\/wp-content\/uploads\/usu145\/2018\/06\/deures-estiu-PRIM-SECUND\u00c0RIA-.docx\">deures estiu <\/a><\/p>\n<p>&nbsp;<\/p>\n","protected":false},"excerpt":{"rendered":"<p>Hola families,<br \/>\nAqu\u00ed teniu els arxius de les activitats d&#8217;estiu pels alumnes de prim\u00e0ria que s&#8217;incorporaran a secund\u00e0ria al proper curs 2018\/2019. Cliqueu sobre el nom dels arxius i un cop descarregats els podreu imprimir. Caldr\u00e0 que l&#8217;alumnat els entregui el primer dia de classe al&hellip;  <a href=\"https:\/\/agora.xtec.cat\/iesmontbui\/portada\/activitats-estiu-primaria-secundaria\/\" title=\"Read Activitats estiu prim\u00e0ria-secund\u00e0ria\">Llegeix m\u00e9s\u00bb<\/a><\/p>\n","protected":false},"author":1,"featured_media":790,"comment_status":"open","ping_status":"closed","sticky":false,"template":"","format":"standard","meta":{"_bbp_topic_count":0,"_bbp_reply_count":0,"_bbp_total_topic_count":0,"_bbp_total_reply_count":0,"_bbp_voice_count":0,"_bbp_anonymous_reply_count":0,"_bbp_topic_count_hidden":0,"_bbp_reply_count_hidden":0,"_bbp_forum_subforum_count":0,"footnotes":""},"categories":[112,29],"tags":[103],"class_list":["post-2591","post","type-post","status-publish","format-standard","has-post-thumbnail","hentry","category-comunicats1","category-portada","tag-informacio"],"post_mailing_queue_ids":[],"_links":{"self":[{"href":"https:\/\/agora.xtec.cat\/iesmontbui\/wp-json\/wp\/v2\/posts\/2591","targetHints":{"allow":["GET"]}}],"collection":[{"href":"https:\/\/agora.xtec.cat\/iesmontbui\/wp-json\/wp\/v2\/posts"}],"about":[{"href":"https:\/\/agora.xtec.cat\/iesmontbui\/wp-json\/wp\/v2\/types\/post"}],"author":[{"embeddable":true,"href":"https:\/\/agora.xtec.cat\/iesmontbui\/wp-json\/wp\/v2\/users\/1"}],"replies":[{"embeddable":true,"href":"https:\/\/agora.xtec.cat\/iesmontbui\/wp-json\/wp\/v2\/comments?post=2591"}],"version-history":[{"count":1,"href":"https:\/\/agora.xtec.cat\/iesmontbui\/wp-json\/wp\/v2\/posts\/2591\/revisions"}],"predecessor-version":[{"id":2595,"href":"https:\/\/agora.xtec.cat\/iesmontbui\/wp-json\/wp\/v2\/posts\/2591\/revisions\/2595"}],"wp:featuredmedia":[{"embeddable":true,"href":"https:\/\/agora.xtec.cat\/iesmontbui\/wp-json\/wp\/v2\/media\/790"}],"wp:attachment":[{"href":"https:\/\/agora.xtec.cat\/iesmontbui\/wp-json\/wp\/v2\/media?parent=2591"}],"wp:term":[{"taxonomy":"category","embeddable":true,"href":"https:\/\/agora.xtec.cat\/iesmontbui\/wp-json\/wp\/v2\/categories?post=2591"},{"taxonomy":"post_tag","embeddable":true,"href":"https:\/\/agora.xtec.cat\/iesmontbui\/wp-json\/wp\/v2\/tags?post=2591"}],"curies":[{"name":"wp","href":"https:\/\/api.w.org\/{rel}","templated":true}]}}