{"id":2507,"date":"2018-06-12T08:54:33","date_gmt":"2018-06-12T06:54:33","guid":{"rendered":"http:\/\/agora.xtec.cat\/iesmontbui\/?p=2507"},"modified":"2018-06-12T08:54:33","modified_gmt":"2018-06-12T06:54:33","slug":"us-presentem-el-nou-logo-de-linstitut-montbui","status":"publish","type":"post","link":"https:\/\/agora.xtec.cat\/iesmontbui\/portada\/us-presentem-el-nou-logo-de-linstitut-montbui\/","title":{"rendered":"Us presentem el nou logo de l&#8217;Institut Montbui"},"content":{"rendered":"<p>Aquest ser\u00e0 el nou logotip de l&#8217;Institut Montbui!<\/p>\n<p>El seu creador, Pol Rivero Sallent, alumne de 1r de batxillerat del mateix institut, va ser el guanyador del concurs que l&#8217;institut va engegar el passat mes de mar\u00e7 i que va finalitzar amb l&#8217;entrega del diploma i del premi per la diada de Sant Jordi.<\/p>\n<p>El jurat, format per representants de tota la comunitat educativa del centre, ha destacat la pot\u00e8ncia de la proposta presentada pel Pol, destacat la I de Institut i la M de Montbui, els dos trets m\u00e9s caracter\u00edstics del nom del nostre centre.<\/p>\n<p>Aix\u00ed, el curs 2018\/2019 aquest logotip passar\u00e0 a formar part del dia del centre! Moltes gr\u00e0cies Pol i gr\u00e0cies a tots els participants!<\/p>\n<p>&nbsp;<\/p>\n<p><a href=\"http:\/\/agora.xtec.cat\/iesmontbui\/wp-content\/uploads\/usu145\/2018\/06\/Montbui.png\"><img loading=\"lazy\" decoding=\"async\" class=\"aligncenter wp-image-2508 size-medium\" src=\"http:\/\/agora.xtec.cat\/iesmontbui\/wp-content\/uploads\/usu145\/2018\/06\/Montbui-300x300.png\" alt=\"\" width=\"300\" height=\"300\" srcset=\"https:\/\/agora.xtec.cat\/iesmontbui\/wp-content\/uploads\/usu145\/2018\/06\/Montbui-300x300.png 300w, https:\/\/agora.xtec.cat\/iesmontbui\/wp-content\/uploads\/usu145\/2018\/06\/Montbui-150x150.png 150w, https:\/\/agora.xtec.cat\/iesmontbui\/wp-content\/uploads\/usu145\/2018\/06\/Montbui-768x768.png 768w, https:\/\/agora.xtec.cat\/iesmontbui\/wp-content\/uploads\/usu145\/2018\/06\/Montbui-1024x1024.png 1024w, https:\/\/agora.xtec.cat\/iesmontbui\/wp-content\/uploads\/usu145\/2018\/06\/Montbui.png 2000w\" sizes=\"auto, (max-width: 300px) 100vw, 300px\" \/><\/a><\/p>\n","protected":false},"excerpt":{"rendered":"<p>Aquest ser\u00e0 el nou logotip de l&#8217;Institut Montbui!<br \/>\nEl seu creador, Pol Rivero Sallent, alumne de 1r de batxillerat del mateix institut, va ser el guanyador del concurs que l&#8217;institut va engegar el passat mes de mar\u00e7 i que va finalitzar amb l&#8217;entrega del diploma i&hellip;  <a href=\"https:\/\/agora.xtec.cat\/iesmontbui\/portada\/us-presentem-el-nou-logo-de-linstitut-montbui\/\" title=\"Read Us presentem el nou logo de l&#8217;Institut Montbui\">Llegeix m\u00e9s\u00bb<\/a><\/p>\n","protected":false},"author":1,"featured_media":2508,"comment_status":"open","ping_status":"closed","sticky":false,"template":"","format":"standard","meta":{"_bbp_topic_count":0,"_bbp_reply_count":0,"_bbp_total_topic_count":0,"_bbp_total_reply_count":0,"_bbp_voice_count":0,"_bbp_anonymous_reply_count":0,"_bbp_topic_count_hidden":0,"_bbp_reply_count_hidden":0,"_bbp_forum_subforum_count":0,"footnotes":""},"categories":[29],"tags":[103],"class_list":["post-2507","post","type-post","status-publish","format-standard","has-post-thumbnail","hentry","category-portada","tag-informacio"],"post_mailing_queue_ids":[],"_links":{"self":[{"href":"https:\/\/agora.xtec.cat\/iesmontbui\/wp-json\/wp\/v2\/posts\/2507","targetHints":{"allow":["GET"]}}],"collection":[{"href":"https:\/\/agora.xtec.cat\/iesmontbui\/wp-json\/wp\/v2\/posts"}],"about":[{"href":"https:\/\/agora.xtec.cat\/iesmontbui\/wp-json\/wp\/v2\/types\/post"}],"author":[{"embeddable":true,"href":"https:\/\/agora.xtec.cat\/iesmontbui\/wp-json\/wp\/v2\/users\/1"}],"replies":[{"embeddable":true,"href":"https:\/\/agora.xtec.cat\/iesmontbui\/wp-json\/wp\/v2\/comments?post=2507"}],"version-history":[{"count":1,"href":"https:\/\/agora.xtec.cat\/iesmontbui\/wp-json\/wp\/v2\/posts\/2507\/revisions"}],"predecessor-version":[{"id":2509,"href":"https:\/\/agora.xtec.cat\/iesmontbui\/wp-json\/wp\/v2\/posts\/2507\/revisions\/2509"}],"wp:featuredmedia":[{"embeddable":true,"href":"https:\/\/agora.xtec.cat\/iesmontbui\/wp-json\/wp\/v2\/media\/2508"}],"wp:attachment":[{"href":"https:\/\/agora.xtec.cat\/iesmontbui\/wp-json\/wp\/v2\/media?parent=2507"}],"wp:term":[{"taxonomy":"category","embeddable":true,"href":"https:\/\/agora.xtec.cat\/iesmontbui\/wp-json\/wp\/v2\/categories?post=2507"},{"taxonomy":"post_tag","embeddable":true,"href":"https:\/\/agora.xtec.cat\/iesmontbui\/wp-json\/wp\/v2\/tags?post=2507"}],"curies":[{"name":"wp","href":"https:\/\/api.w.org\/{rel}","templated":true}]}}