{"id":2463,"date":"2018-05-29T13:27:47","date_gmt":"2018-05-29T11:27:47","guid":{"rendered":"http:\/\/agora.xtec.cat\/iesmontbui\/?p=2463"},"modified":"2018-05-29T13:29:13","modified_gmt":"2018-05-29T11:29:13","slug":"escola-i-empresa","status":"publish","type":"post","link":"https:\/\/agora.xtec.cat\/iesmontbui\/batxillerat\/escola-i-empresa\/","title":{"rendered":"Escola i empresa"},"content":{"rendered":"<p>El passat 14 de maig, els alumnes de primer de batxillerat, vam rebre la visita d\u2019en Xavier Brossa, soci director de la multinacional PWC a Catalunya i patr\u00f3 de FemCAT.<\/p>\n<p>FemCAT \u00e9s una fundaci\u00f3 privada d\u2019empresaris\/es, que juntament amb el Departament d\u2019Ensenyament, han creat el programa Escola i Empresa, el qual organitza trobades entre alumnes i empresaris\/es amb la finalitat de compartir inquietuds i viv\u00e8ncies.<\/p>\n<p><a href=\"https:\/\/www.femcat.cat\/es\/\">https:\/\/www.femcat.cat\/es\/<\/a><\/p>\n<p>En Xavier, va destacar la import\u00e0ncia de tenir una bona formaci\u00f3 acad\u00e8mica i en idiomes, aix\u00ed com la creixent demanda en les seleccions de personal de determinades actituds i habilitats en els candidats, com s\u00f3n l\u2019emprenedoria, l\u2019autonomia, la creativitat, la iniciativa, el lideratge, el treball en equip i les habilitats comunicatives, entre d\u2019altres.<\/p>\n<p>Tota una vida per endavant i tantes coses per aprendre&#8230;<\/p>\n<p><a href=\"http:\/\/agora.xtec.cat\/iesmontbui\/wp-content\/uploads\/usu145\/2018\/05\/IMG_20180514_114024.jpg\"><img loading=\"lazy\" decoding=\"async\" class=\"aligncenter wp-image-2465 size-medium\" src=\"http:\/\/agora.xtec.cat\/iesmontbui\/wp-content\/uploads\/usu145\/2018\/05\/IMG_20180514_114024-300x225.jpg\" alt=\"\" width=\"300\" height=\"225\" srcset=\"https:\/\/agora.xtec.cat\/iesmontbui\/wp-content\/uploads\/usu145\/2018\/05\/IMG_20180514_114024-300x225.jpg 300w, https:\/\/agora.xtec.cat\/iesmontbui\/wp-content\/uploads\/usu145\/2018\/05\/IMG_20180514_114024-768x576.jpg 768w, https:\/\/agora.xtec.cat\/iesmontbui\/wp-content\/uploads\/usu145\/2018\/05\/IMG_20180514_114024-1024x768.jpg 1024w, https:\/\/agora.xtec.cat\/iesmontbui\/wp-content\/uploads\/usu145\/2018\/05\/IMG_20180514_114024-200x150.jpg 200w\" sizes=\"auto, (max-width: 300px) 100vw, 300px\" \/><\/a><\/p>\n<p>&nbsp;<\/p>\n<p>&nbsp;<\/p>\n","protected":false},"excerpt":{"rendered":"<p>El passat 14 de maig, els alumnes de primer de batxillerat, vam rebre la visita d\u2019en Xavier Brossa, soci director de la multinacional PWC a Catalunya i patr\u00f3 de FemCAT.<br \/>\nFemCAT \u00e9s una fundaci\u00f3 privada d\u2019empresaris\/es, que juntament amb el Departament d\u2019Ensenyament, han creat el programa&hellip;  <a href=\"https:\/\/agora.xtec.cat\/iesmontbui\/batxillerat\/escola-i-empresa\/\" title=\"Read Escola i empresa\">Llegeix m\u00e9s\u00bb<\/a><\/p>\n","protected":false},"author":57,"featured_media":2466,"comment_status":"open","ping_status":"closed","sticky":false,"template":"","format":"standard","meta":{"_bbp_topic_count":0,"_bbp_reply_count":0,"_bbp_total_topic_count":0,"_bbp_total_reply_count":0,"_bbp_voice_count":0,"_bbp_anonymous_reply_count":0,"_bbp_topic_count_hidden":0,"_bbp_reply_count_hidden":0,"_bbp_forum_subforum_count":0,"footnotes":""},"categories":[67,8,119,29],"tags":[105,128,140],"class_list":["post-2463","post","type-post","status-publish","format-standard","has-post-thumbnail","hentry","category-batx-1","category-batxillerat","category-depmates","category-portada","tag-activitats","tag-batxillerat","tag-economia"],"post_mailing_queue_ids":[],"_links":{"self":[{"href":"https:\/\/agora.xtec.cat\/iesmontbui\/wp-json\/wp\/v2\/posts\/2463","targetHints":{"allow":["GET"]}}],"collection":[{"href":"https:\/\/agora.xtec.cat\/iesmontbui\/wp-json\/wp\/v2\/posts"}],"about":[{"href":"https:\/\/agora.xtec.cat\/iesmontbui\/wp-json\/wp\/v2\/types\/post"}],"author":[{"embeddable":true,"href":"https:\/\/agora.xtec.cat\/iesmontbui\/wp-json\/wp\/v2\/users\/57"}],"replies":[{"embeddable":true,"href":"https:\/\/agora.xtec.cat\/iesmontbui\/wp-json\/wp\/v2\/comments?post=2463"}],"version-history":[{"count":1,"href":"https:\/\/agora.xtec.cat\/iesmontbui\/wp-json\/wp\/v2\/posts\/2463\/revisions"}],"predecessor-version":[{"id":2467,"href":"https:\/\/agora.xtec.cat\/iesmontbui\/wp-json\/wp\/v2\/posts\/2463\/revisions\/2467"}],"wp:featuredmedia":[{"embeddable":true,"href":"https:\/\/agora.xtec.cat\/iesmontbui\/wp-json\/wp\/v2\/media\/2466"}],"wp:attachment":[{"href":"https:\/\/agora.xtec.cat\/iesmontbui\/wp-json\/wp\/v2\/media?parent=2463"}],"wp:term":[{"taxonomy":"category","embeddable":true,"href":"https:\/\/agora.xtec.cat\/iesmontbui\/wp-json\/wp\/v2\/categories?post=2463"},{"taxonomy":"post_tag","embeddable":true,"href":"https:\/\/agora.xtec.cat\/iesmontbui\/wp-json\/wp\/v2\/tags?post=2463"}],"curies":[{"name":"wp","href":"https:\/\/api.w.org\/{rel}","templated":true}]}}