{"id":2440,"date":"2018-05-21T12:34:45","date_gmt":"2018-05-21T10:34:45","guid":{"rendered":"http:\/\/agora.xtec.cat\/iesmontbui\/?p=2440"},"modified":"2018-06-20T16:21:05","modified_gmt":"2018-06-20T14:21:05","slug":"licitacio-serveis-de-neteja-del-centre-2","status":"publish","type":"post","link":"https:\/\/agora.xtec.cat\/iesmontbui\/general\/licitacio-serveis-de-neteja-del-centre-2\/","title":{"rendered":"LICITACI\u00d3 SERVEIS DE NETEJA DEL CENTRE"},"content":{"rendered":"<p>Mitjan\u00e7ant aquest article comuniquem l&#8217;obertura del proc\u00e9s de licitaci\u00f3 de serveis de neteja a l&#8217;Institut Montbui.<\/p>\n<p>L&#8217;obertura dels sobres C tindr\u00e0 lloc a la Secretaria de l&#8217;Institut Montbui, el dia 12 de juny de 2018 a les 09:00.<\/p>\n<p>A continuaci\u00f3 es poden trobar els documents que regulen aquest proc\u00e9s:<\/p>\n<p><a href=\"http:\/\/agora.xtec.cat\/iesmontbui\/wp-content\/uploads\/usu145\/2018\/05\/CALENDARI-LICITACI\u00d3-2018-PAS-1.pdf\">Calendari licitaci\u00f3 2018<\/a><\/p>\n<p><a href=\"http:\/\/agora.xtec.cat\/iesmontbui\/wp-content\/uploads\/usu145\/2018\/05\/Resoluci\u00f3-dinici-i-aprovaci\u00f3-dun-expedient-de-contractaci\u00f3-de-serveis-2018.pdf\">Resoluci\u00f3 d&#8217;inici 2018<\/a><\/p>\n<p><a href=\"http:\/\/agora.xtec.cat\/iesmontbui\/wp-content\/uploads\/usu145\/2018\/05\/Anunci-publicitaci\u00f3-de-licitaci\u00f3-dun-contracte-de-serveis-2018.pdf\">Anunci de licitaci\u00f3 2018<\/a><\/p>\n<p><a href=\"http:\/\/agora.xtec.cat\/iesmontbui\/wp-content\/uploads\/usu145\/2018\/05\/Prescripcions-t\u00e8cniques-que-han-de-regir-per-a-la-contractaci\u00f3-del-servei-de-neteja-2018.pdf\">Prescripcions t\u00e8cniques 2018<\/a><\/p>\n<p><a href=\"http:\/\/agora.xtec.cat\/iesmontbui\/wp-content\/uploads\/usu145\/2018\/05\/Cl\u00e0usules-administratives-particulars-2018.pdf\">Cl\u00e0usules administratives particulars 2018<\/a><\/p>\n<p><a href=\"http:\/\/agora.xtec.cat\/iesmontbui\/wp-content\/uploads\/usu145\/2018\/05\/Resoluci\u00f3-dadjudicaci\u00f3-del-contracte-de-serveis-de-neteja.pdf\">Resoluci\u00f3 d&#8217;adjudicaci\u00f3 del contracte de serveis de neteja<\/a><\/p>\n","protected":false},"excerpt":{"rendered":"<p>Mitjan\u00e7ant aquest article comuniquem l&#8217;obertura del proc\u00e9s de licitaci\u00f3 de serveis de neteja a l&#8217;Institut Montbui.<br \/>\nL&#8217;obertura dels sobres C tindr\u00e0 lloc a la Secretaria de l&#8217;Institut Montbui, el dia 12 de juny de 2018 a les 09:00.<br \/>\nA continuaci\u00f3 es poden trobar els documents que regulen&hellip;  <a href=\"https:\/\/agora.xtec.cat\/iesmontbui\/general\/licitacio-serveis-de-neteja-del-centre-2\/\" title=\"Read LICITACI\u00d3 SERVEIS DE NETEJA DEL CENTRE\">Llegeix m\u00e9s\u00bb<\/a><\/p>\n","protected":false},"author":62,"featured_media":619,"comment_status":"open","ping_status":"closed","sticky":false,"template":"","format":"standard","meta":{"_bbp_topic_count":0,"_bbp_reply_count":0,"_bbp_total_topic_count":0,"_bbp_total_reply_count":0,"_bbp_voice_count":0,"_bbp_anonymous_reply_count":0,"_bbp_topic_count_hidden":0,"_bbp_reply_count_hidden":0,"_bbp_forum_subforum_count":0,"footnotes":""},"categories":[1,62,29],"tags":[],"class_list":["post-2440","post","type-post","status-publish","format-standard","has-post-thumbnail","hentry","category-general","category-orgacentre","category-portada"],"post_mailing_queue_ids":[],"_links":{"self":[{"href":"https:\/\/agora.xtec.cat\/iesmontbui\/wp-json\/wp\/v2\/posts\/2440","targetHints":{"allow":["GET"]}}],"collection":[{"href":"https:\/\/agora.xtec.cat\/iesmontbui\/wp-json\/wp\/v2\/posts"}],"about":[{"href":"https:\/\/agora.xtec.cat\/iesmontbui\/wp-json\/wp\/v2\/types\/post"}],"author":[{"embeddable":true,"href":"https:\/\/agora.xtec.cat\/iesmontbui\/wp-json\/wp\/v2\/users\/62"}],"replies":[{"embeddable":true,"href":"https:\/\/agora.xtec.cat\/iesmontbui\/wp-json\/wp\/v2\/comments?post=2440"}],"version-history":[{"count":3,"href":"https:\/\/agora.xtec.cat\/iesmontbui\/wp-json\/wp\/v2\/posts\/2440\/revisions"}],"predecessor-version":[{"id":2577,"href":"https:\/\/agora.xtec.cat\/iesmontbui\/wp-json\/wp\/v2\/posts\/2440\/revisions\/2577"}],"wp:featuredmedia":[{"embeddable":true,"href":"https:\/\/agora.xtec.cat\/iesmontbui\/wp-json\/wp\/v2\/media\/619"}],"wp:attachment":[{"href":"https:\/\/agora.xtec.cat\/iesmontbui\/wp-json\/wp\/v2\/media?parent=2440"}],"wp:term":[{"taxonomy":"category","embeddable":true,"href":"https:\/\/agora.xtec.cat\/iesmontbui\/wp-json\/wp\/v2\/categories?post=2440"},{"taxonomy":"post_tag","embeddable":true,"href":"https:\/\/agora.xtec.cat\/iesmontbui\/wp-json\/wp\/v2\/tags?post=2440"}],"curies":[{"name":"wp","href":"https:\/\/api.w.org\/{rel}","templated":true}]}}