{"id":2432,"date":"2018-05-29T13:25:11","date_gmt":"2018-05-29T11:25:11","guid":{"rendered":"http:\/\/agora.xtec.cat\/iesmontbui\/?p=2432"},"modified":"2018-05-29T13:58:31","modified_gmt":"2018-05-29T11:58:31","slug":"el-judici","status":"publish","type":"post","link":"https:\/\/agora.xtec.cat\/iesmontbui\/general\/el-judici\/","title":{"rendered":"El judici"},"content":{"rendered":"<p>Filosofia i Ciutadania &#8211; 1r Batxillerat<\/p>\n<p>Un any m\u00e9s, a la mat\u00e8ria de Filosofia i Ciutadania, hem estat treballant el projecte de &#8220;El Judici&#8221;. Relacionat amb la mat\u00e8ria de Socials de 4t d&#8217;ESO, i m\u00e9s concretament amb els <em>moviments totalitaris<\/em>, hem estat preparant un judici en el qual els alumnes treballaven per grups posant-se en la pell de les parts (acusaci\u00f3, defensa, jurat popular, testimonis i jutge). A partir de la pel\u00b7l\u00edcula de &#8220;Die Welle&#8221; (La Ola), es jutja el personatge principal, el professor Rainer Wenger (interpretat per J\u00fcrgen Vogel), per la seva particular manera d&#8217;impartir les classes i per pressumta vinculaci\u00f3 en l&#8217;esdeveniment dels fets. Els alumnes es preparen durant un seguit de sessions la seva participaci\u00f3 en el judici (recerca de proves, legislaci\u00f3, argumentaci\u00f3&#8230;) i finalment es realitza un judici amb un p\u00fablic molt especial, els alumnes de 4t d&#8217;ESO del centre, que acaben de treballar els moviments totalitaris, i que tamb\u00e9 han vist la pel\u00b7l\u00edcula.<\/p>\n<p>A continuaci\u00f3 podeu gaudir els trailers que han elaborat els mateixos aumnes de 1r de Batxillerat.<\/p>\n<p><a href=\"https:\/\/drive.google.com\/open?id=1nMA_ML6xq21Itf-P0Pyl0FkDC4kjKZr_\" target=\"_blank\" rel=\"noopener noreferrer\">Trailer de 1r Batxillerat A<\/a><br \/>\n<iframe loading=\"lazy\" src=\"https:\/\/drive.google.com\/file\/d\/1nMA_ML6xq21Itf-P0Pyl0FkDC4kjKZr_\/preview\" width=\"640\" height=\"480\"><\/iframe><\/p>\n<p><a href=\"https:\/\/drive.google.com\/file\/d\/1gYFpl1VaX3KdBPsOOvGUYvgGFSunzr_O\/view?usp=sharing\">Trailer de 1r Batxillerat B<\/a><br \/>\n<iframe loading=\"lazy\" src=\"https:\/\/drive.google.com\/file\/d\/1gYFpl1VaX3KdBPsOOvGUYvgGFSunzr_O\/preview\" width=\"640\" height=\"480\"><\/iframe><\/p>\n<p>Tamb\u00e9 podeu veure un reportatge que imita un programa televisiu d&#8217;investigaci\u00f3:<\/p>\n<p><a href=\"https:\/\/drive.google.com\/open?id=1SUT0JvgGUBHaih8lmXsYyeKn48n7K73p\">L&#8217;acusat<\/a><br \/>\n<iframe loading=\"lazy\" src=\"https:\/\/drive.google.com\/file\/d\/1SUT0JvgGUBHaih8lmXsYyeKn48n7K73p\/preview\" width=\"640\" height=\"480\"><\/iframe><\/p>\n<p>&nbsp;<\/p>\n","protected":false},"excerpt":{"rendered":"<p>Filosofia i Ciutadania &#8211; 1r Batxillerat<br \/>\nUn any m\u00e9s, a la mat\u00e8ria de Filosofia i Ciutadania, hem estat treballant el projecte de &#8220;El Judici&#8221;. Relacionat amb la mat\u00e8ria de Socials de 4t d&#8217;ESO, i m\u00e9s concretament amb els moviments totalitaris, hem estat preparant un judici en&hellip;  <a href=\"https:\/\/agora.xtec.cat\/iesmontbui\/general\/el-judici\/\" title=\"Read El judici\">Llegeix m\u00e9s\u00bb<\/a><\/p>\n","protected":false},"author":54,"featured_media":2469,"comment_status":"open","ping_status":"closed","sticky":false,"template":"","format":"standard","meta":{"_bbp_topic_count":0,"_bbp_reply_count":0,"_bbp_total_topic_count":0,"_bbp_total_reply_count":0,"_bbp_voice_count":0,"_bbp_anonymous_reply_count":0,"_bbp_topic_count_hidden":0,"_bbp_reply_count_hidden":0,"_bbp_forum_subforum_count":0,"footnotes":""},"categories":[8,126,1,29],"tags":[],"class_list":["post-2432","post","type-post","status-publish","format-standard","has-post-thumbnail","hentry","category-batxillerat","category-dephumanitats","category-general","category-portada"],"post_mailing_queue_ids":[],"_links":{"self":[{"href":"https:\/\/agora.xtec.cat\/iesmontbui\/wp-json\/wp\/v2\/posts\/2432","targetHints":{"allow":["GET"]}}],"collection":[{"href":"https:\/\/agora.xtec.cat\/iesmontbui\/wp-json\/wp\/v2\/posts"}],"about":[{"href":"https:\/\/agora.xtec.cat\/iesmontbui\/wp-json\/wp\/v2\/types\/post"}],"author":[{"embeddable":true,"href":"https:\/\/agora.xtec.cat\/iesmontbui\/wp-json\/wp\/v2\/users\/54"}],"replies":[{"embeddable":true,"href":"https:\/\/agora.xtec.cat\/iesmontbui\/wp-json\/wp\/v2\/comments?post=2432"}],"version-history":[{"count":3,"href":"https:\/\/agora.xtec.cat\/iesmontbui\/wp-json\/wp\/v2\/posts\/2432\/revisions"}],"predecessor-version":[{"id":2468,"href":"https:\/\/agora.xtec.cat\/iesmontbui\/wp-json\/wp\/v2\/posts\/2432\/revisions\/2468"}],"wp:featuredmedia":[{"embeddable":true,"href":"https:\/\/agora.xtec.cat\/iesmontbui\/wp-json\/wp\/v2\/media\/2469"}],"wp:attachment":[{"href":"https:\/\/agora.xtec.cat\/iesmontbui\/wp-json\/wp\/v2\/media?parent=2432"}],"wp:term":[{"taxonomy":"category","embeddable":true,"href":"https:\/\/agora.xtec.cat\/iesmontbui\/wp-json\/wp\/v2\/categories?post=2432"},{"taxonomy":"post_tag","embeddable":true,"href":"https:\/\/agora.xtec.cat\/iesmontbui\/wp-json\/wp\/v2\/tags?post=2432"}],"curies":[{"name":"wp","href":"https:\/\/api.w.org\/{rel}","templated":true}]}}