{"id":2394,"date":"2018-05-02T12:33:53","date_gmt":"2018-05-02T10:33:53","guid":{"rendered":"http:\/\/agora.xtec.cat\/iesmontbui\/?p=2394"},"modified":"2018-05-29T13:21:05","modified_gmt":"2018-05-29T11:21:05","slug":"preinscripcio-batxillerat-20182019","status":"publish","type":"post","link":"https:\/\/agora.xtec.cat\/iesmontbui\/general\/preinscripcio-batxillerat-20182019\/","title":{"rendered":"Preinscripci\u00f3 Batxillerat 2018\/2019"},"content":{"rendered":"<p>El per\u00edode de presentaci\u00f3 de sol\u00b7licituds per formalitzar la preinscripci\u00f3 per al Batxillerat ser\u00e0 del 14 al 24 de maig. Els ensenyaments de batxillerat\u00a0es\u00a0cursen, generalment, entre els 16 i els 18 anys, per\u00f2 s&#8217;hi pot accedir a qualsevol edat, sempre que s&#8217;hagi obtingut el graduat en educaci\u00f3 secund\u00e0ria obligat\u00f2ria.<\/p>\n<p>Cal presentar la sol\u00b7licitud de preinscripci\u00f3 per accedir al batxillerat:<\/p>\n<p>&#8211; de qualsevol modalitat en un centre diferent del que s&#8217;est\u00e0 cursant l&#8217;ESO,<br \/>\n&#8211; de qualsevol modalitat si s&#8217;est\u00e0 cursant o s&#8217;ha cursat un cicle formatiu encara que s&#8217;imparteixi en el mateix centre on s&#8217;est\u00e0 matriculat,<br \/>\n&#8211; de la modalitat d&#8217;arts, i<br \/>\n&#8211; si es prov\u00e9 d&#8217;un institut que ja no imparteix el batxillerat (si es demana pla\u00e7a a l&#8217;institut al qual est\u00e0 adscrit, la\u00a0sol\u00b7licitud\u00a0\u00e9s\u00a0preferent per ser adm\u00e8s o admesa a qualsevol modalitat de batxillerat, excepte la d&#8217;arts).<\/p>\n<p>Si hi esteu interessats a formalitzar la preinscripci\u00f3 amb nosaltres, podeu trucar al 93 805 60 59 i demanar una cita per presentar la sol\u00b7licitud.<\/p>\n<p><a href=\"http:\/\/agora.xtec.cat\/iesmontbui\/wp-content\/uploads\/usu145\/2018\/05\/Sol\u00b7licitud-preinscripci\u00f3-2018-2019.pdf\">Sol\u00b7licitud preinscripci\u00f3 2018-2019<\/a><\/p>\n","protected":false},"excerpt":{"rendered":"<p>El per\u00edode de presentaci\u00f3 de sol\u00b7licituds per formalitzar la preinscripci\u00f3 per al Batxillerat ser\u00e0 del 14 al 24 de maig. Els ensenyaments de batxillerat\u00a0es\u00a0cursen, generalment, entre els 16 i els 18 anys, per\u00f2 s&#8217;hi pot accedir a qualsevol edat, sempre que s&#8217;hagi obtingut el graduat&hellip;  <a href=\"https:\/\/agora.xtec.cat\/iesmontbui\/general\/preinscripcio-batxillerat-20182019\/\" title=\"Read Preinscripci\u00f3 Batxillerat 2018\/2019\">Llegeix m\u00e9s\u00bb<\/a><\/p>\n","protected":false},"author":62,"featured_media":2395,"comment_status":"open","ping_status":"closed","sticky":false,"template":"","format":"standard","meta":{"_bbp_topic_count":0,"_bbp_reply_count":0,"_bbp_total_topic_count":0,"_bbp_total_reply_count":0,"_bbp_voice_count":0,"_bbp_anonymous_reply_count":0,"_bbp_topic_count_hidden":0,"_bbp_reply_count_hidden":0,"_bbp_forum_subforum_count":0,"footnotes":""},"categories":[8,98,7,1,29],"tags":[],"class_list":["post-2394","post","type-post","status-publish","format-standard","has-post-thumbnail","hentry","category-batxillerat","category-comunicats","category-eso-4","category-general","category-portada"],"post_mailing_queue_ids":[],"_links":{"self":[{"href":"https:\/\/agora.xtec.cat\/iesmontbui\/wp-json\/wp\/v2\/posts\/2394","targetHints":{"allow":["GET"]}}],"collection":[{"href":"https:\/\/agora.xtec.cat\/iesmontbui\/wp-json\/wp\/v2\/posts"}],"about":[{"href":"https:\/\/agora.xtec.cat\/iesmontbui\/wp-json\/wp\/v2\/types\/post"}],"author":[{"embeddable":true,"href":"https:\/\/agora.xtec.cat\/iesmontbui\/wp-json\/wp\/v2\/users\/62"}],"replies":[{"embeddable":true,"href":"https:\/\/agora.xtec.cat\/iesmontbui\/wp-json\/wp\/v2\/comments?post=2394"}],"version-history":[{"count":2,"href":"https:\/\/agora.xtec.cat\/iesmontbui\/wp-json\/wp\/v2\/posts\/2394\/revisions"}],"predecessor-version":[{"id":2422,"href":"https:\/\/agora.xtec.cat\/iesmontbui\/wp-json\/wp\/v2\/posts\/2394\/revisions\/2422"}],"wp:featuredmedia":[{"embeddable":true,"href":"https:\/\/agora.xtec.cat\/iesmontbui\/wp-json\/wp\/v2\/media\/2395"}],"wp:attachment":[{"href":"https:\/\/agora.xtec.cat\/iesmontbui\/wp-json\/wp\/v2\/media?parent=2394"}],"wp:term":[{"taxonomy":"category","embeddable":true,"href":"https:\/\/agora.xtec.cat\/iesmontbui\/wp-json\/wp\/v2\/categories?post=2394"},{"taxonomy":"post_tag","embeddable":true,"href":"https:\/\/agora.xtec.cat\/iesmontbui\/wp-json\/wp\/v2\/tags?post=2394"}],"curies":[{"name":"wp","href":"https:\/\/api.w.org\/{rel}","templated":true}]}}