{"id":2374,"date":"2018-04-26T12:21:39","date_gmt":"2018-04-26T10:21:39","guid":{"rendered":"http:\/\/agora.xtec.cat\/iesmontbui\/?p=2374"},"modified":"2021-03-07T00:43:46","modified_gmt":"2021-03-06T23:43:46","slug":"sant-jordi-a-linstitut-montbui","status":"publish","type":"post","link":"https:\/\/agora.xtec.cat\/iesmontbui\/general\/sant-jordi-a-linstitut-montbui\/","title":{"rendered":"Sant Jordi a l&#8217;Institut Montbui"},"content":{"rendered":"<p>Al nostre institut vam celebrar la festa de Sant Jordi dividida en actes diferents, podien assistir l\u2019alumnat participant als programes de difusi\u00f3 de la lectura l\u2019Atrapallibres, Protagonista Jove, els qui participaven en certamen literari del centre, els qui havien presentat un booktr\u00e0iler al concurs, els qui havien proposat un nou logo per al centre, i els de l\u2019aula d\u2019acollida.<br \/>\nVam comen\u00e7ar amb el primer acte, de 9 a 10 del mat\u00ed es va fer l\u2019entrega de premis en la 22a edici\u00f3 del certamen Literari, els premiats ens van delectar amb la lectura de les seves obres, el p\u00fablic assistent fou for\u00e7a nombr\u00f3s i ens van amenitzar amb una agradable selecci\u00f3 musical els professors Jaume Vidal i Jaume Domingo, l\u2019entrega de premis va anar a c\u00e0rrec de les professores Eva Travesset, Carme Llongueras i Laia Codina.<br \/>\nLlavors despr\u00e9s del pati va tenir lloc el tercer concurs de booktr\u00e0ilers , que estava dividit en quatre categories (1r cicle, 2n cicle, PFI, batxillerat i exalumnes), despr\u00e9s es va donar pas a la presentaci\u00f3 de les obres filos\u00f2fiques en les quals es comptava amb dissertacions filos\u00f2fiques, dilemes morals i fotografia filos\u00f2fica. Fou en aquesta celebraci\u00f3 en la qual es va donar a con\u00e8ixer la persona guanyadora del nou logo del centre. Per aquest acte vam comptar amb la pres\u00e8ncia dels professors, que ens van fer gaudir amb conegudes melodies musicals, les professores Maria Mompe\u00e1n, Al\u00edcia Galera, Eva Raich, i Montserrat Costa, que va fer p\u00fablic el nom del guanyador del logo. Vam empla\u00e7ar a qui volgu\u00e9s seguir amb els actes de la Diada, al seg\u00fcent acte preparat per l\u2019Ajuntament de Montbui.<br \/>\nAl voltant del migdia, l\u2019alumnat de l\u2019Institut es va encaminar cap a la pla\u00e7a de davant l\u2019Ajuntament, i all\u00e0 ,condu\u00efts per la presentadora de l\u2019acte en Manal Jebbour de 4t A, vam sortir a l\u2019escenari a llegir les obres premiades del certamen per els autors i les autores, despr\u00e9s vam donar pas a la lectura de l\u2019alumnat del Col.legi Garcia Lorca, que ens van fer escoltar les lectures dedicades als menjars que agraden a la mainada. Despr\u00e9s vam reprendre les lectures amb l\u2019alumnat i despr\u00e9s de llegir uns quants poemes vam donar la Diada per acabada, vam felicitar a tots els Jordis i Jordines !. Tot seguit vam tornar al nostre institut a fer la \u00faltima hora de classe.<\/p>\n","protected":false},"excerpt":{"rendered":"<p>Al nostre institut vam celebrar la festa de Sant Jordi dividida en actes diferents, podien assistir l\u2019alumnat participant als programes de difusi\u00f3 de la lectura l\u2019Atrapallibres, Protagonista Jove, els qui participaven en certamen literari del centre, els qui havien presentat un booktr\u00e0iler al concurs, els&hellip;  <a href=\"https:\/\/agora.xtec.cat\/iesmontbui\/general\/sant-jordi-a-linstitut-montbui\/\" title=\"Read Sant Jordi a l&#8217;Institut Montbui\">Llegeix m\u00e9s\u00bb<\/a><\/p>\n","protected":false},"author":55,"featured_media":2375,"comment_status":"open","ping_status":"closed","sticky":false,"template":"","format":"standard","meta":{"_bbp_topic_count":0,"_bbp_reply_count":0,"_bbp_total_topic_count":0,"_bbp_total_reply_count":0,"_bbp_voice_count":0,"_bbp_anonymous_reply_count":0,"_bbp_topic_count_hidden":0,"_bbp_reply_count_hidden":0,"_bbp_forum_subforum_count":0,"footnotes":""},"categories":[1,29,348],"tags":[],"class_list":["post-2374","post","type-post","status-publish","format-standard","has-post-thumbnail","hentry","category-general","category-portada","category-st-jordi"],"post_mailing_queue_ids":[],"_links":{"self":[{"href":"https:\/\/agora.xtec.cat\/iesmontbui\/wp-json\/wp\/v2\/posts\/2374","targetHints":{"allow":["GET"]}}],"collection":[{"href":"https:\/\/agora.xtec.cat\/iesmontbui\/wp-json\/wp\/v2\/posts"}],"about":[{"href":"https:\/\/agora.xtec.cat\/iesmontbui\/wp-json\/wp\/v2\/types\/post"}],"author":[{"embeddable":true,"href":"https:\/\/agora.xtec.cat\/iesmontbui\/wp-json\/wp\/v2\/users\/55"}],"replies":[{"embeddable":true,"href":"https:\/\/agora.xtec.cat\/iesmontbui\/wp-json\/wp\/v2\/comments?post=2374"}],"version-history":[{"count":3,"href":"https:\/\/agora.xtec.cat\/iesmontbui\/wp-json\/wp\/v2\/posts\/2374\/revisions"}],"predecessor-version":[{"id":2390,"href":"https:\/\/agora.xtec.cat\/iesmontbui\/wp-json\/wp\/v2\/posts\/2374\/revisions\/2390"}],"wp:featuredmedia":[{"embeddable":true,"href":"https:\/\/agora.xtec.cat\/iesmontbui\/wp-json\/wp\/v2\/media\/2375"}],"wp:attachment":[{"href":"https:\/\/agora.xtec.cat\/iesmontbui\/wp-json\/wp\/v2\/media?parent=2374"}],"wp:term":[{"taxonomy":"category","embeddable":true,"href":"https:\/\/agora.xtec.cat\/iesmontbui\/wp-json\/wp\/v2\/categories?post=2374"},{"taxonomy":"post_tag","embeddable":true,"href":"https:\/\/agora.xtec.cat\/iesmontbui\/wp-json\/wp\/v2\/tags?post=2374"}],"curies":[{"name":"wp","href":"https:\/\/api.w.org\/{rel}","templated":true}]}}