{"id":2325,"date":"2018-04-09T15:39:00","date_gmt":"2018-04-09T13:39:00","guid":{"rendered":"http:\/\/agora.xtec.cat\/iesmontbui\/?p=2325"},"modified":"2018-04-26T11:53:56","modified_gmt":"2018-04-26T09:53:56","slug":"preinscripcio-2018-2019","status":"publish","type":"post","link":"https:\/\/agora.xtec.cat\/iesmontbui\/general\/preinscripcio-2018-2019\/","title":{"rendered":"Preinscripci\u00f3 2018-2019"},"content":{"rendered":"<p>El per\u00edode de presentaci\u00f3 de sol\u00b7licituds per formalitzar la preinscripci\u00f3 per la E.S.O. ser\u00e0 del 13 al 24 d&#8217;abril. S&#8217;han de matricular al primer curs d&#8217;Educaci\u00f3 Secund\u00e0ria Obligat\u00f2ria els nens i nenes que facin 12 anys al 2018 (i els que d&#8217;edat diferent els correspongui acad\u00e8micament iniciar aquesta etapa).<\/p>\n<p>Si hi esteu interessats a formalitzar la preinscripci\u00f3 amb nosaltres, podeu trucar al 93 805 60 59 i demanar una cita per presentar la sol\u00b7licitud.<\/p>\n<p>Podeu descarregar la sol\u00b7licitud de preinscripci\u00f3 per al curs 2018-2019 al seg\u00fcent enlla\u00e7 o la web queestudiar.gencat.cat.<\/p>\n<p><a href=\"http:\/\/agora.xtec.cat\/iesmontbui\/wp-content\/uploads\/usu145\/2018\/04\/Sol\u00b7licitud-preinscripci\u00f3-2018-2019.pdf\">Sol\u00b7licitud preinscripci\u00f3 2018-2019<\/a><\/p>\n","protected":false},"excerpt":{"rendered":"<p>El per\u00edode de presentaci\u00f3 de sol\u00b7licituds per formalitzar la preinscripci\u00f3 per la E.S.O. ser\u00e0 del 13 al 24 d&#8217;abril. S&#8217;han de matricular al primer curs d&#8217;Educaci\u00f3 Secund\u00e0ria Obligat\u00f2ria els nens i nenes que facin 12 anys al 2018 (i els que d&#8217;edat diferent els correspongui&hellip;  <a href=\"https:\/\/agora.xtec.cat\/iesmontbui\/general\/preinscripcio-2018-2019\/\" title=\"Read Preinscripci\u00f3 2018-2019\">Llegeix m\u00e9s\u00bb<\/a><\/p>\n","protected":false},"author":62,"featured_media":2332,"comment_status":"open","ping_status":"closed","sticky":false,"template":"","format":"standard","meta":{"_bbp_topic_count":0,"_bbp_reply_count":0,"_bbp_total_topic_count":0,"_bbp_total_reply_count":0,"_bbp_voice_count":0,"_bbp_anonymous_reply_count":0,"_bbp_topic_count_hidden":0,"_bbp_reply_count_hidden":0,"_bbp_forum_subforum_count":0,"footnotes":""},"categories":[98,1,29],"tags":[],"class_list":["post-2325","post","type-post","status-publish","format-standard","has-post-thumbnail","hentry","category-comunicats","category-general","category-portada"],"post_mailing_queue_ids":[],"_links":{"self":[{"href":"https:\/\/agora.xtec.cat\/iesmontbui\/wp-json\/wp\/v2\/posts\/2325","targetHints":{"allow":["GET"]}}],"collection":[{"href":"https:\/\/agora.xtec.cat\/iesmontbui\/wp-json\/wp\/v2\/posts"}],"about":[{"href":"https:\/\/agora.xtec.cat\/iesmontbui\/wp-json\/wp\/v2\/types\/post"}],"author":[{"embeddable":true,"href":"https:\/\/agora.xtec.cat\/iesmontbui\/wp-json\/wp\/v2\/users\/62"}],"replies":[{"embeddable":true,"href":"https:\/\/agora.xtec.cat\/iesmontbui\/wp-json\/wp\/v2\/comments?post=2325"}],"version-history":[{"count":3,"href":"https:\/\/agora.xtec.cat\/iesmontbui\/wp-json\/wp\/v2\/posts\/2325\/revisions"}],"predecessor-version":[{"id":2338,"href":"https:\/\/agora.xtec.cat\/iesmontbui\/wp-json\/wp\/v2\/posts\/2325\/revisions\/2338"}],"wp:featuredmedia":[{"embeddable":true,"href":"https:\/\/agora.xtec.cat\/iesmontbui\/wp-json\/wp\/v2\/media\/2332"}],"wp:attachment":[{"href":"https:\/\/agora.xtec.cat\/iesmontbui\/wp-json\/wp\/v2\/media?parent=2325"}],"wp:term":[{"taxonomy":"category","embeddable":true,"href":"https:\/\/agora.xtec.cat\/iesmontbui\/wp-json\/wp\/v2\/categories?post=2325"},{"taxonomy":"post_tag","embeddable":true,"href":"https:\/\/agora.xtec.cat\/iesmontbui\/wp-json\/wp\/v2\/tags?post=2325"}],"curies":[{"name":"wp","href":"https:\/\/api.w.org\/{rel}","templated":true}]}}