{"id":2164,"date":"2018-03-14T11:26:27","date_gmt":"2018-03-14T10:26:27","guid":{"rendered":"http:\/\/agora.xtec.cat\/iesmontbui\/?p=2164"},"modified":"2018-03-17T10:50:27","modified_gmt":"2018-03-17T09:50:27","slug":"concurs-de-booktrailers","status":"publish","type":"post","link":"https:\/\/agora.xtec.cat\/iesmontbui\/portada\/concurs-de-booktrailers\/","title":{"rendered":"3r Concurs de booktrailers"},"content":{"rendered":"<p>Nova mostra de Booktrailers per Sant Jordi &#8217;18!<\/p>\n<p>Un booktr\u00e0iler \u00e9s un v\u00eddeo de curta durada que serveix per promocionar un llibre utilitzant t\u00e8cniques audiovisuals. La seva missi\u00f3 \u00e9s captar l\u2019atenci\u00f3 del possible lector per a qu\u00e8 el vulgui llegir.<\/p>\n<p><strong>LEMA:<\/strong>\u00a0 \u00a0 \u00a0 \u00a0 \u00a0 \u00a0 \u00a0 \u00a0 \u00a0 \u00a0 \u00a0 \u00a0 Lletres i paraules<\/p>\n<p><strong>LLENGUA<\/strong>:\u00a0 \u00a0 \u00a0 \u00a0 \u00a0 \u00a0 \u00a0 \u00a0 Catalana, castellana, anglesa o francesa.<\/p>\n<p><strong>CATEGORIES<\/strong>:\u00a0 \u00a0 \u00a0 \u00a0 \u00a0 1a\u00a0 categoria\u00a0\u00a0 alumnat de 1r cicle<\/p>\n<p>2a \u00a0categoria\u00a0 alumnat de 2n cicle<\/p>\n<p>3a\u00a0\u00a0 categoria alumnat de PFI<\/p>\n<p>4a\u00a0 categoria\u00a0 alumnat de batxillerat i exalumnes<\/p>\n<p><strong>MODALITAT<\/strong>:\u00a0\u00a0\u00a0\u00a0\u00a0\u00a0\u00a0\u00a0\u00a0\u00a0 Booktr\u00e0iler<\/p>\n<p><strong>EXTENSI\u00d3<\/strong>:\u00a0\u00a0\u00a0\u00a0\u00a0\u00a0\u00a0\u00a0\u00a0\u00a0\u00a0\u00a0\u00a0\u00a0 Com a m\u00e0xim 3 minuts de durada.<\/p>\n<p>&nbsp;<\/p>\n<p><strong>TERMINI DE PRESENTACI\u00d3<\/strong>:\u00a0\u00a0\u00a0\u00a0\u00a0\u00a0\u00a0 Fins al dijous <strong>12 d\u2019abril<\/strong>, per e-mail.<\/p>\n<p><strong>PLICA<\/strong>:\u00a0\u00a0\u00a0\u00a0\u00a0\u00a0\u00a0\u00a0\u00a0\u00a0\u00a0\u00a0\u00a0\u00a0\u00a0\u00a0\u00a0\u00a0\u00a0\u00a0\u00a0\u00a0\u00a0 Una vegada elaborat\u00a0 el booktr\u00e0iler\u00a0 i signat amb un pseud\u00f2nim als cr\u00e8dits, el presenteu per e-mail a <a href=\"mailto:catalallobregat@gmail.com\">catalallobregat@gmail.com<\/a> indicant en assumpte CONCURS amb el vostre pseud\u00f2nim, i afegint en l\u2019email la categoria (1a,2a,3a,i 4a) i les vostres dades personals (nom, cognoms i grup classe).<\/p>\n<p><strong>JURAT<\/strong>: \u00a0\u00a0\u00a0\u00a0\u00a0\u00a0\u00a0\u00a0\u00a0\u00a0\u00a0\u00a0\u00a0\u00a0\u00a0\u00a0\u00a0\u00a0\u00a0\u00a0 El jurat, la composici\u00f3 del qual es donar\u00e0 a con\u00e8ixer m\u00e9s endavant, far\u00e0 p\u00fablic els resultats el dia de Sant Jordi (23 d\u2019abril).<\/p>\n<p><strong>PREMIS<\/strong>:\u00a0\u00a0\u00a0\u00a0\u00a0\u00a0\u00a0\u00a0\u00a0\u00a0\u00a0\u00a0\u00a0\u00a0\u00a0\u00a0\u00a0\u00a0\u00a0 S&#8217;atorgaran al millor booktr\u00e0iler de cada categoria i modalitat.<\/p>\n<p>Els premis consistiran en un val de compra per a material escolar.<\/p>\n<p><strong>OBSERVACIONS:\u00a0\u00a0 <\/strong>El jurat es reserva el dret de declarar algun premi desert.<\/p>\n<p>La presentaci\u00f3 dels originals pressuposa l\u2019acceptaci\u00f3 \u00edntegra de les bases. Qui ho desitgi, pot sol.licitar el gui\u00f3 i l\u2019escaleta d\u2019ajuda per a l\u2019elaboraci\u00f3 del booktr\u00e0iler a l\u2019e-mail catalallobregat@gmail.com.<\/p>\n<p>Troba tota la informaci\u00f3 aqu\u00ed:\u00a0<a href=\"http:\/\/agora.xtec.cat\/iesmontbui\/wp-content\/uploads\/usu145\/2018\/03\/3a-MOSTRA-DE-BOOKTRAILERS.doc\">3a MOSTRA DE BOOKTRAILERS<\/a><\/p>\n","protected":false},"excerpt":{"rendered":"<p>Nova mostra de Booktrailers per Sant Jordi &#8217;18!<br \/>\nUn booktr\u00e0iler \u00e9s un v\u00eddeo de curta durada que serveix per promocionar un llibre utilitzant t\u00e8cniques audiovisuals. La seva missi\u00f3 \u00e9s captar l\u2019atenci\u00f3 del possible lector per a qu\u00e8 el vulgui llegir.<br \/>\nLEMA:\u00a0 \u00a0 \u00a0 \u00a0 \u00a0 \u00a0 \u00a0&hellip;  <a href=\"https:\/\/agora.xtec.cat\/iesmontbui\/portada\/concurs-de-booktrailers\/\" title=\"Read 3r Concurs de booktrailers\">Llegeix m\u00e9s\u00bb<\/a><\/p>\n","protected":false},"author":62,"featured_media":2185,"comment_status":"open","ping_status":"closed","sticky":false,"template":"","format":"standard","meta":{"_bbp_topic_count":0,"_bbp_reply_count":0,"_bbp_total_topic_count":0,"_bbp_total_reply_count":0,"_bbp_voice_count":0,"_bbp_anonymous_reply_count":0,"_bbp_topic_count_hidden":0,"_bbp_reply_count_hidden":0,"_bbp_forum_subforum_count":0,"footnotes":""},"categories":[98,29],"tags":[],"class_list":["post-2164","post","type-post","status-publish","format-standard","has-post-thumbnail","hentry","category-comunicats","category-portada"],"post_mailing_queue_ids":[],"_links":{"self":[{"href":"https:\/\/agora.xtec.cat\/iesmontbui\/wp-json\/wp\/v2\/posts\/2164","targetHints":{"allow":["GET"]}}],"collection":[{"href":"https:\/\/agora.xtec.cat\/iesmontbui\/wp-json\/wp\/v2\/posts"}],"about":[{"href":"https:\/\/agora.xtec.cat\/iesmontbui\/wp-json\/wp\/v2\/types\/post"}],"author":[{"embeddable":true,"href":"https:\/\/agora.xtec.cat\/iesmontbui\/wp-json\/wp\/v2\/users\/62"}],"replies":[{"embeddable":true,"href":"https:\/\/agora.xtec.cat\/iesmontbui\/wp-json\/wp\/v2\/comments?post=2164"}],"version-history":[{"count":3,"href":"https:\/\/agora.xtec.cat\/iesmontbui\/wp-json\/wp\/v2\/posts\/2164\/revisions"}],"predecessor-version":[{"id":2186,"href":"https:\/\/agora.xtec.cat\/iesmontbui\/wp-json\/wp\/v2\/posts\/2164\/revisions\/2186"}],"wp:featuredmedia":[{"embeddable":true,"href":"https:\/\/agora.xtec.cat\/iesmontbui\/wp-json\/wp\/v2\/media\/2185"}],"wp:attachment":[{"href":"https:\/\/agora.xtec.cat\/iesmontbui\/wp-json\/wp\/v2\/media?parent=2164"}],"wp:term":[{"taxonomy":"category","embeddable":true,"href":"https:\/\/agora.xtec.cat\/iesmontbui\/wp-json\/wp\/v2\/categories?post=2164"},{"taxonomy":"post_tag","embeddable":true,"href":"https:\/\/agora.xtec.cat\/iesmontbui\/wp-json\/wp\/v2\/tags?post=2164"}],"curies":[{"name":"wp","href":"https:\/\/api.w.org\/{rel}","templated":true}]}}