{"id":2119,"date":"2018-03-06T22:32:44","date_gmt":"2018-03-06T21:32:44","guid":{"rendered":"http:\/\/agora.xtec.cat\/iesmontbui\/?p=2119"},"modified":"2018-03-06T22:32:44","modified_gmt":"2018-03-06T21:32:44","slug":"ins-montbui-participa-a-la-trobada-de-centres-gsuite","status":"publish","type":"post","link":"https:\/\/agora.xtec.cat\/iesmontbui\/portada\/ins-montbui-participa-a-la-trobada-de-centres-gsuite\/","title":{"rendered":"INS Montbui participa a la trobada de centres GSUite"},"content":{"rendered":"<p>L&#8217;Institut Montbui va participar el dissabte 3 de mar\u00e7 de la trobada de centres catalans que treballen amb les eines del GSuite.<\/p>\n<p>Uns quants centres que utilitzem G Suite per organitzar el centre i per fer activitats amb l\u2019alumnat\u00a0van trobar-se per intercanviar experi\u00e8ncies.\u00a0No es tractava de buscar experts, sin\u00f3 de simplement compartir les pr\u00e0ctiques que\u00a0diferents docents porten a l\u2019aula i al centre per tal d\u2019enriquir-nos m\u00fatuament.<\/p>\n<p>Una trobada molt ben rganitzada, que et donava la possibilitat de fer diferents tallers a l&#8217;entorn de GSuite i una xerrada-col\u00b7loqui final entre diferents membres docents, per tal de compartir viv\u00e8ncies i estrat\u00e8gies digitals.<\/p>\n<p>L&#8217;experi\u00e8ncies va ser molt positiva, i el representant de l&#8217;Institut va poder con\u00e8ixer de primera m\u00e0 diferents experi\u00e8ncies d&#8217;altres centre, tot compartint activitats i visions del nostre. Si voleu con\u00e8ixer la seva opini\u00f3, podeu visitar el seu <a href=\"http:\/\/dossier.xtec.cat\/mpique39\/2018\/03\/06\/trobada-centres-gsuite-de-catalunya\/\" target=\"_blank\" rel=\"noopener noreferrer\">dossier professional<\/a>.<\/p>\n","protected":false},"excerpt":{"rendered":"<p>L&#8217;Institut Montbui va participar el dissabte 3 de mar\u00e7 de la trobada de centres catalans que treballen amb les eines del GSuite.<br \/>\nUns quants centres que utilitzem G Suite per organitzar el centre i per fer activitats amb l\u2019alumnat\u00a0van trobar-se per intercanviar experi\u00e8ncies.\u00a0No es tractava de&hellip;  <a href=\"https:\/\/agora.xtec.cat\/iesmontbui\/portada\/ins-montbui-participa-a-la-trobada-de-centres-gsuite\/\" title=\"Read INS Montbui participa a la trobada de centres GSUite\">Llegeix m\u00e9s\u00bb<\/a><\/p>\n","protected":false},"author":1,"featured_media":2120,"comment_status":"open","ping_status":"closed","sticky":false,"template":"","format":"standard","meta":{"_bbp_topic_count":0,"_bbp_reply_count":0,"_bbp_total_topic_count":0,"_bbp_total_reply_count":0,"_bbp_voice_count":0,"_bbp_anonymous_reply_count":0,"_bbp_topic_count_hidden":0,"_bbp_reply_count_hidden":0,"_bbp_forum_subforum_count":0,"footnotes":""},"categories":[29],"tags":[137],"class_list":["post-2119","post","type-post","status-publish","format-standard","has-post-thumbnail","hentry","category-portada","tag-tac"],"post_mailing_queue_ids":[],"_links":{"self":[{"href":"https:\/\/agora.xtec.cat\/iesmontbui\/wp-json\/wp\/v2\/posts\/2119","targetHints":{"allow":["GET"]}}],"collection":[{"href":"https:\/\/agora.xtec.cat\/iesmontbui\/wp-json\/wp\/v2\/posts"}],"about":[{"href":"https:\/\/agora.xtec.cat\/iesmontbui\/wp-json\/wp\/v2\/types\/post"}],"author":[{"embeddable":true,"href":"https:\/\/agora.xtec.cat\/iesmontbui\/wp-json\/wp\/v2\/users\/1"}],"replies":[{"embeddable":true,"href":"https:\/\/agora.xtec.cat\/iesmontbui\/wp-json\/wp\/v2\/comments?post=2119"}],"version-history":[{"count":1,"href":"https:\/\/agora.xtec.cat\/iesmontbui\/wp-json\/wp\/v2\/posts\/2119\/revisions"}],"predecessor-version":[{"id":2121,"href":"https:\/\/agora.xtec.cat\/iesmontbui\/wp-json\/wp\/v2\/posts\/2119\/revisions\/2121"}],"wp:featuredmedia":[{"embeddable":true,"href":"https:\/\/agora.xtec.cat\/iesmontbui\/wp-json\/wp\/v2\/media\/2120"}],"wp:attachment":[{"href":"https:\/\/agora.xtec.cat\/iesmontbui\/wp-json\/wp\/v2\/media?parent=2119"}],"wp:term":[{"taxonomy":"category","embeddable":true,"href":"https:\/\/agora.xtec.cat\/iesmontbui\/wp-json\/wp\/v2\/categories?post=2119"},{"taxonomy":"post_tag","embeddable":true,"href":"https:\/\/agora.xtec.cat\/iesmontbui\/wp-json\/wp\/v2\/tags?post=2119"}],"curies":[{"name":"wp","href":"https:\/\/api.w.org\/{rel}","templated":true}]}}