{"id":2035,"date":"2018-02-07T22:58:11","date_gmt":"2018-02-07T21:58:11","guid":{"rendered":"http:\/\/agora.xtec.cat\/iesmontbui\/?p=2035"},"modified":"2018-02-07T23:10:28","modified_gmt":"2018-02-07T22:10:28","slug":"sortida-a-la-barcelonada","status":"publish","type":"post","link":"https:\/\/agora.xtec.cat\/iesmontbui\/general\/sortida-a-la-barcelonada\/","title":{"rendered":"Sortida a la Barcelonada"},"content":{"rendered":"<p><strong>Sortida a la Barcelonada<\/strong><\/p>\n<p>&nbsp;<\/p>\n<p>El proper <strong><u>dijous 22 de febrer<\/u><\/strong> hi ha programada una sortida de la mat\u00e8ria de Ci\u00e8ncies per al m\u00f3n contemporani a Barcelona pels alumnes de <u>primer de batxillerat<\/u> per participar a la Barcelonada (<a href=\"http:\/\/www.wmcproject.org\/barcelona\">http:\/\/www.wmcproject.org\/barcelona<\/a>). Programa:<\/p>\n<p>* 7:30 Trobada a l\u2019estaci\u00f3 de tren d\u2019Igualada (el tren surt a les 7:46)<\/p>\n<p>* 9:15 Arribada a Barcelona (pla\u00e7a Espanya), trajecte de metro fins a pla\u00e7a Catalunya. Esmorzar.<\/p>\n<p>* 10:00-13:00 Realitzaci\u00f3 de les activitats de la Barcelonada<\/p>\n<p>* 13:28 o 14:08 Agafem el tren cap a Igualada (arribada a les 15:00 o 15:40)<\/p>\n<p><strong>Cal portar<\/strong>: esmorzar, m\u00f2bil (amb les aplicacions necess\u00e0ries per dur a terme l&#8217;activitat)<\/p>\n<table width=\"624\">\n<tbody>\n<tr>\n<td width=\"104\"><strong>PREU <\/strong><\/td>\n<td width=\"67\">Viatge<\/td>\n<td width=\"57\"><strong>10 \u20ac<\/strong><\/td>\n<td width=\"104\"><strong>\u00a0Activitat<\/strong><\/td>\n<td width=\"94\"><strong>\u00a04 \u20ac<\/strong><\/td>\n<td style=\"background-color: #aba7a7; width: 95px;\" width=\"95\"><strong>\u00a0 TOTAL<\/strong><\/td>\n<td style=\"background-color: #aba7a7; width: 95px;\" width=\"104\"><strong>14 \u20ac<\/strong><\/td>\n<\/tr>\n<\/tbody>\n<\/table>\n<p>&nbsp;<\/p>\n<table>\n<tbody>\n<tr>\n<td width=\"633\"><strong>Data l\u00edmit per entregar el comprovant de pagament <\/strong>al professor\/a responsable de la sortida (Marcel Mateu o Berta Pons):<strong> Divendres 9 de febrer<\/strong><\/p>\n<p>El comprovant tamb\u00e9 es pot enviar per correu electr\u00f2nic a l&#8217;adre\u00e7a ciencies@imontbui.org<\/td>\n<\/tr>\n<\/tbody>\n<\/table>\n<p>Cal efectuar el pagament al compte de l\u2019Institut al BBVA: ES26 0182 2006 1602 0014 3297<\/p>\n","protected":false},"excerpt":{"rendered":"<p>Sortida a la Barcelonada<br \/>\n&nbsp;<br \/>\nEl proper dijous 22 de febrer hi ha programada una sortida de la mat\u00e8ria de Ci\u00e8ncies per al m\u00f3n contemporani a Barcelona pels alumnes de primer de batxillerat per participar a la Barcelonada (<a href=\"http:\/\/www.wmcproject.org\/barcelona\">http:\/\/www.wmcproject.org\/barcelona<\/a>). Programa:<br \/>\n* 7:30 Trobada a l\u2019estaci\u00f3 de tren&hellip;  <a href=\"https:\/\/agora.xtec.cat\/iesmontbui\/general\/sortida-a-la-barcelonada\/\" title=\"Read Sortida a la Barcelonada\">Llegeix m\u00e9s\u00bb<\/a><\/p>\n","protected":false},"author":53,"featured_media":2036,"comment_status":"open","ping_status":"closed","sticky":false,"template":"","format":"standard","meta":{"_bbp_topic_count":0,"_bbp_reply_count":0,"_bbp_total_topic_count":0,"_bbp_total_reply_count":0,"_bbp_voice_count":0,"_bbp_anonymous_reply_count":0,"_bbp_topic_count_hidden":0,"_bbp_reply_count_hidden":0,"_bbp_forum_subforum_count":0,"footnotes":""},"categories":[67,116,1],"tags":[69,39],"class_list":["post-2035","post","type-post","status-publish","format-standard","has-post-thumbnail","hentry","category-batx-1","category-comunicats1btx","category-general","tag-departament-de-ciencies","tag-sortides"],"post_mailing_queue_ids":[],"_links":{"self":[{"href":"https:\/\/agora.xtec.cat\/iesmontbui\/wp-json\/wp\/v2\/posts\/2035","targetHints":{"allow":["GET"]}}],"collection":[{"href":"https:\/\/agora.xtec.cat\/iesmontbui\/wp-json\/wp\/v2\/posts"}],"about":[{"href":"https:\/\/agora.xtec.cat\/iesmontbui\/wp-json\/wp\/v2\/types\/post"}],"author":[{"embeddable":true,"href":"https:\/\/agora.xtec.cat\/iesmontbui\/wp-json\/wp\/v2\/users\/53"}],"replies":[{"embeddable":true,"href":"https:\/\/agora.xtec.cat\/iesmontbui\/wp-json\/wp\/v2\/comments?post=2035"}],"version-history":[{"count":2,"href":"https:\/\/agora.xtec.cat\/iesmontbui\/wp-json\/wp\/v2\/posts\/2035\/revisions"}],"predecessor-version":[{"id":2039,"href":"https:\/\/agora.xtec.cat\/iesmontbui\/wp-json\/wp\/v2\/posts\/2035\/revisions\/2039"}],"wp:featuredmedia":[{"embeddable":true,"href":"https:\/\/agora.xtec.cat\/iesmontbui\/wp-json\/wp\/v2\/media\/2036"}],"wp:attachment":[{"href":"https:\/\/agora.xtec.cat\/iesmontbui\/wp-json\/wp\/v2\/media?parent=2035"}],"wp:term":[{"taxonomy":"category","embeddable":true,"href":"https:\/\/agora.xtec.cat\/iesmontbui\/wp-json\/wp\/v2\/categories?post=2035"},{"taxonomy":"post_tag","embeddable":true,"href":"https:\/\/agora.xtec.cat\/iesmontbui\/wp-json\/wp\/v2\/tags?post=2035"}],"curies":[{"name":"wp","href":"https:\/\/api.w.org\/{rel}","templated":true}]}}