{"id":2031,"date":"2018-02-05T14:44:00","date_gmt":"2018-02-05T13:44:00","guid":{"rendered":"http:\/\/agora.xtec.cat\/iesmontbui\/?p=2031"},"modified":"2018-02-05T14:44:35","modified_gmt":"2018-02-05T13:44:35","slug":"informacio-proves-geso","status":"publish","type":"post","link":"https:\/\/agora.xtec.cat\/iesmontbui\/comunicats\/informacio-proves-geso\/","title":{"rendered":"INFORMACI\u00d3 PROVES GESO"},"content":{"rendered":"<p><strong><u>RESOLUCI\u00d3:<\/u><\/strong><\/p>\n<p>Resoluci\u00f3 EDU\/3445\/2009, de 2 de desembre (DOGC 10\/12\/2009)<\/p>\n<p><strong><u>REQUISITS:<\/u><\/strong><\/p>\n<p>Els\u00a0<strong>requisits<\/strong>\u00a0per poder presentar-se a les proves s\u00f3n:<\/p>\n<ol>\n<li>Haver finalitzat l\u2019ESO l\u2019any 2016 o 2017.<\/li>\n<li>Tenir almenys 18 anys o complir-los dins de l\u2019any 2018.<\/li>\n<li>Haver cursat l\u2019ESO (el 4t incl\u00f2s) sense haver obtingut el t\u00edtol i amb un m\u00e0xim de cinc mat\u00e8ries suspeses.<\/li>\n<\/ol>\n<p>&nbsp;<\/p>\n<p><strong><u>CALENDARI<\/u><\/strong><\/p>\n<table width=\"640\">\n<tbody>\n<tr>\n<td width=\"300\">Termini de presentaci\u00f3 de sol\u00b7licituds d\u2019inscripci\u00f3<\/td>\n<td width=\"340\"><strong>Del 1 al 14 febrer 2018<\/strong><\/td>\n<\/tr>\n<tr>\n<td width=\"300\">Llistes de persones admeses i excloses Calendari de les proves<\/td>\n<td width=\"340\"><strong>Del 27 de febrer a l\u20191 de mar\u00e7 de 2018<\/strong><\/td>\n<\/tr>\n<tr>\n<td width=\"300\">Presentaci\u00f3 de reclamacions<\/td>\n<td width=\"340\"><strong>Del 2 al 6 de mar\u00e7 de 2018<\/strong><\/td>\n<\/tr>\n<tr>\n<td width=\"300\">Realitzaci\u00f3 de les proves<\/td>\n<td width=\"340\"><strong>Del 7 al 9 de mar\u00e7 2018<\/strong><\/td>\n<\/tr>\n<tr>\n<td width=\"300\">Publicaci\u00f3 dels resultats de les proves<\/td>\n<td width=\"340\"><strong>15 mar\u00e7 de 2018<\/strong><\/td>\n<\/tr>\n<\/tbody>\n<\/table>\n<p><strong><u>ALTRES<\/u><\/strong><br \/>\nEl\u00a0<strong>dia de la prova<\/strong>, l&#8217;alumnat ha de portar l&#8217;original del DNI, targeta de resid\u00e8ncia, passaport o qualsevol altre document identificatiu oficial en vigor.<\/p>\n<p>Es pot portar calculadora. El temps per fer la prova \u00e9s de 60 minuts per a cada mat\u00e8ria.<\/p>\n","protected":false},"excerpt":{"rendered":"<p>RESOLUCI\u00d3:<br \/>\nResoluci\u00f3 EDU\/3445\/2009, de 2 de desembre (DOGC 10\/12\/2009)<br \/>\nREQUISITS:<br \/>\nEls\u00a0requisits\u00a0per poder presentar-se a les proves s\u00f3n:<\/p>\n<ol>\n<li>Haver finalitzat l\u2019ESO l\u2019any 2016 o 2017.<\/li>\n<li>Tenir almenys 18 anys o complir-los dins de l\u2019any 2018.<\/li>\n<li>Haver cursat l\u2019ESO (el 4t incl\u00f2s) sense haver obtingut el t\u00edtol i amb un m\u00e0xim de cinc&hellip;  <a href=\"https:\/\/agora.xtec.cat\/iesmontbui\/comunicats\/informacio-proves-geso\/\" title=\"Read INFORMACI\u00d3 PROVES GESO\">Llegeix m\u00e9s\u00bb<\/a><br \/>\n","protected":false},"author":1,"featured_media":0,"comment_status":"open","ping_status":"closed","sticky":false,"template":"","format":"standard","meta":{"_bbp_topic_count":0,"_bbp_reply_count":0,"_bbp_total_topic_count":0,"_bbp_total_reply_count":0,"_bbp_voice_count":0,"_bbp_anonymous_reply_count":0,"_bbp_topic_count_hidden":0,"_bbp_reply_count_hidden":0,"_bbp_forum_subforum_count":0,"footnotes":""},"categories":[98],"tags":[],"class_list":["post-2031","post","type-post","status-publish","format-standard","hentry","category-comunicats"],"post_mailing_queue_ids":[],"_links":{"self":[{"href":"https:\/\/agora.xtec.cat\/iesmontbui\/wp-json\/wp\/v2\/posts\/2031","targetHints":{"allow":["GET"]}}],"collection":[{"href":"https:\/\/agora.xtec.cat\/iesmontbui\/wp-json\/wp\/v2\/posts"}],"about":[{"href":"https:\/\/agora.xtec.cat\/iesmontbui\/wp-json\/wp\/v2\/types\/post"}],"author":[{"embeddable":true,"href":"https:\/\/agora.xtec.cat\/iesmontbui\/wp-json\/wp\/v2\/users\/1"}],"replies":[{"embeddable":true,"href":"https:\/\/agora.xtec.cat\/iesmontbui\/wp-json\/wp\/v2\/comments?post=2031"}],"version-history":[{"count":1,"href":"https:\/\/agora.xtec.cat\/iesmontbui\/wp-json\/wp\/v2\/posts\/2031\/revisions"}],"predecessor-version":[{"id":2032,"href":"https:\/\/agora.xtec.cat\/iesmontbui\/wp-json\/wp\/v2\/posts\/2031\/revisions\/2032"}],"wp:attachment":[{"href":"https:\/\/agora.xtec.cat\/iesmontbui\/wp-json\/wp\/v2\/media?parent=2031"}],"wp:term":[{"taxonomy":"category","embeddable":true,"href":"https:\/\/agora.xtec.cat\/iesmontbui\/wp-json\/wp\/v2\/categories?post=2031"},{"taxonomy":"post_tag","embeddable":true,"href":"https:\/\/agora.xtec.cat\/iesmontbui\/wp-json\/wp\/v2\/tags?post=2031"}],"curies":[{"name":"wp","href":"https:\/\/api.w.org\/{rel}","templated":true}]}}