{"id":2027,"date":"2018-02-05T14:29:18","date_gmt":"2018-02-05T13:29:18","guid":{"rendered":"http:\/\/agora.xtec.cat\/iesmontbui\/?p=2027"},"modified":"2018-02-05T23:36:09","modified_gmt":"2018-02-05T22:36:09","slug":"convocatoria-proves-geso","status":"publish","type":"post","link":"https:\/\/agora.xtec.cat\/iesmontbui\/portada\/convocatoria-proves-geso\/","title":{"rendered":"CONVOCATORIA PROVES GESO"},"content":{"rendered":"<h3><strong>PROVES PER A L\u2019OBTENCI\u00d3 DEL T\u00cdTOL DE GRADUAT EN EDUCACI\u00d3 SECUND\u00c0RIA OBLIGAT\u00d2RIA<\/strong><\/h3>\n<p>Alumnat que durant els cursos 2015-16 o 2016-17 van cursar 4t d\u2019ESO.<\/p>\n<p><strong>Requisits:<\/strong><\/p>\n<ul>\n<li>Tenir 18 anys o complir-los dins l\u2019any 2018.<\/li>\n<li>Fer 17 anys l\u2019any 2018 i tenir un contracte laboral que l\u2019impedeixi assistir al centre en r\u00e8gim ordinari o que es trobi en proc\u00e9s d\u2019obtenci\u00f3 d\u2019un perm\u00eds de treball (alumnat estranger) o que sigui esportista d\u2019alt rendiment.<\/li>\n<li>Haver cursat l\u2019ESO (el 4t curs incl\u00f2s) sense haver obtingut el t\u00edtol i amb un m\u00e0xim de cinc mat\u00e8ries suspeses.<\/li>\n<\/ul>\n<p>&nbsp;<\/p>\n<p><strong>INSCRIPCIONS DEL 1 AL 14 DE FEBRER<\/strong><\/p>\n","protected":false},"excerpt":{"rendered":"<p>PROVES PER A L\u2019OBTENCI\u00d3 DEL T\u00cdTOL DE GRADUAT EN EDUCACI\u00d3 SECUND\u00c0RIA OBLIGAT\u00d2RIA<br \/>\nAlumnat que durant els cursos 2015-16 o 2016-17 van cursar 4t d\u2019ESO.<br \/>\nRequisits:<\/p>\n<ul>\n<li>Tenir 18 anys o complir-los dins l\u2019any 2018.<\/li>\n<li>Fer 17 anys l\u2019any 2018 i tenir un contracte laboral que l\u2019impedeixi assistir al centre en&hellip;  <a href=\"https:\/\/agora.xtec.cat\/iesmontbui\/portada\/convocatoria-proves-geso\/\" title=\"Read CONVOCATORIA PROVES GESO\">Llegeix m\u00e9s\u00bb<\/a><br \/>\n","protected":false},"author":1,"featured_media":2033,"comment_status":"open","ping_status":"closed","sticky":false,"template":"","format":"standard","meta":{"_bbp_topic_count":0,"_bbp_reply_count":0,"_bbp_total_topic_count":0,"_bbp_total_reply_count":0,"_bbp_voice_count":0,"_bbp_anonymous_reply_count":0,"_bbp_topic_count_hidden":0,"_bbp_reply_count_hidden":0,"_bbp_forum_subforum_count":0,"footnotes":""},"categories":[98,29],"tags":[130],"class_list":["post-2027","post","type-post","status-publish","format-standard","has-post-thumbnail","hentry","category-comunicats","category-portada","tag-comunicat"],"post_mailing_queue_ids":[],"_links":{"self":[{"href":"https:\/\/agora.xtec.cat\/iesmontbui\/wp-json\/wp\/v2\/posts\/2027","targetHints":{"allow":["GET"]}}],"collection":[{"href":"https:\/\/agora.xtec.cat\/iesmontbui\/wp-json\/wp\/v2\/posts"}],"about":[{"href":"https:\/\/agora.xtec.cat\/iesmontbui\/wp-json\/wp\/v2\/types\/post"}],"author":[{"embeddable":true,"href":"https:\/\/agora.xtec.cat\/iesmontbui\/wp-json\/wp\/v2\/users\/1"}],"replies":[{"embeddable":true,"href":"https:\/\/agora.xtec.cat\/iesmontbui\/wp-json\/wp\/v2\/comments?post=2027"}],"version-history":[{"count":1,"href":"https:\/\/agora.xtec.cat\/iesmontbui\/wp-json\/wp\/v2\/posts\/2027\/revisions"}],"predecessor-version":[{"id":2028,"href":"https:\/\/agora.xtec.cat\/iesmontbui\/wp-json\/wp\/v2\/posts\/2027\/revisions\/2028"}],"wp:featuredmedia":[{"embeddable":true,"href":"https:\/\/agora.xtec.cat\/iesmontbui\/wp-json\/wp\/v2\/media\/2033"}],"wp:attachment":[{"href":"https:\/\/agora.xtec.cat\/iesmontbui\/wp-json\/wp\/v2\/media?parent=2027"}],"wp:term":[{"taxonomy":"category","embeddable":true,"href":"https:\/\/agora.xtec.cat\/iesmontbui\/wp-json\/wp\/v2\/categories?post=2027"},{"taxonomy":"post_tag","embeddable":true,"href":"https:\/\/agora.xtec.cat\/iesmontbui\/wp-json\/wp\/v2\/tags?post=2027"}],"curies":[{"name":"wp","href":"https:\/\/api.w.org\/{rel}","templated":true}]}}