{"id":2012,"date":"2018-02-01T20:23:36","date_gmt":"2018-02-01T19:23:36","guid":{"rendered":"http:\/\/agora.xtec.cat\/iesmontbui\/?p=2012"},"modified":"2018-02-01T20:23:36","modified_gmt":"2018-02-01T19:23:36","slug":"sortida-a-tv3-i-catalunya-radio","status":"publish","type":"post","link":"https:\/\/agora.xtec.cat\/iesmontbui\/comunicats\/comunicats3\/sortida-a-tv3-i-catalunya-radio\/","title":{"rendered":"Sortida a TV3 i Catalunya R\u00e0dio"},"content":{"rendered":"<p>Ens plau indicar el programa de l\u2019activitat a TV3 i Catalunya R\u00e0dio, sortida molt ben valorada per part de l&#8217;alumnat que realitzem pel curs de <strong>tercer d&#8217;ESO<\/strong>.\u00a0Se sortir\u00e0 els\u00a0 <strong>dies 20, 27 i 28 de febrer<\/strong> (cada dia un grup de 3r d&#8217;ESO diferent) de davant de l\u2019institut i es tornar\u00e0 el mateix dia aproximadament a les 15h.<\/p>\n<p>Programa de l\u2019activitat:<\/p>\n<ul>\n<li>Sortida de l\u2019institut a les 8h amb autocar.<\/li>\n<li>Inici visita de les instal\u00b7lacions de TV3 a les 9.50h<\/li>\n<li>Despla\u00e7ament amb el TRAM fins a Catalunya R\u00e0dio (pl. Francesc Maci\u00e0).<\/li>\n<li>Visita de les instal\u00b7lacions de Catalunya R\u00e0dio.<\/li>\n<li>Entrada com a p\u00fablic a un programa de Catalunya R\u00e0dio.<\/li>\n<li>Arribada a l\u2019institut a les 15h, aproximadament.<\/li>\n<\/ul>\n<p>El preu de la sortida \u00e9s de <strong>13 \u20ac<\/strong>\u00a0 \u00a0\u00a0\u00a0\u00a0\u00a0\u00a0\u00a0\u00a0\u00a0\u00a0\u00a0\u00a0\u00a0\u00a0\u00a0\u00a0\u00a0\u00a0\u00a0\u00a0\u00a0\u00a0\u00a0\u00a0\u00a0\u00a0\u00a0\u00a0\u00a0 Data l\u00edmit de pagament <strong>9 de febrer<\/strong><\/p>\n<p><strong>FORMES DE PAGAMENT<\/strong><\/p>\n<p><strong>1a<\/strong>\u00a0\u00a0 Fent una <strong>transfer\u00e8ncia <\/strong>al compte de l\u2019Institut al BBVA:<\/p>\n<p style=\"text-align: left;\">ES26 0182 2006 1602 0014 3297<\/p>\n<p style=\"text-align: left;\">\u00a0\u00a0\u00a0\u00a0\u00a0\u00a0\u00a0 <strong>Indicant al concepte el nom de l\u2019alumne.<\/strong><\/p>\n<p style=\"text-align: left;\">Si realitza la transfer\u00e8ncia de <strong>forma electr\u00f2nica<\/strong>, a trav\u00e9s d\u2019internet o l\u2019aplicaci\u00f3 banc\u00e0ria del m\u00f2bil, pot <strong>enviar el comprovant de pagament<\/strong> a <strong><a href=\"mailto:llengues@imontbui.org\">llengues@imontbui.org<\/a><\/strong>, estalviant-se la seva impressi\u00f3 en paper.<\/p>\n<p><strong>2a<\/strong>\u00a0\u00a0 Fent un <strong>ingr\u00e9s en efectiu a qualsevol caixer<\/strong> del BBVA seguint els seg\u00fcents passos:<\/p>\n<ol>\n<li>Triar <strong>Accedir sense targeta\/llibreta<\/strong>.<\/li>\n<li>Triar <strong>Operaci\u00f3 sense targeta\/llibreta.<\/strong><\/li>\n<li>Triar <strong>Ingressar diners.<\/strong><\/li>\n<li>Escriure el n\u00famero de compte de l\u2019Institut: <strong>ES26 0182 2006 1602 0014 3297<\/strong><\/li>\n<li>Escriure el beneficiari: <strong>INS MONTBUI<\/strong>.<\/li>\n<li>Escriure el concepte: <strong>nom de l\u2019alumne<\/strong>.<\/li>\n<li>Ingressar el bitllet o bitllets a la finestreta que s\u2019il\u00b7lumina en verd.<\/li>\n<li>Triar l\u2019opci\u00f3 que correspongui: <strong>Ingressar-ho tot<\/strong> o <strong>Ingressar un altre import<\/strong>. Si els bitllets ingressats coincideixen amb l\u2019import que es vol pagar seria la primera opci\u00f3, si no \u00e9s aix\u00ed s\u2019ha de triar la segona opci\u00f3 i despr\u00e9s posar l\u2019import que volem pagar.<\/li>\n<li>Recollir el canvi si \u00e9s el cas.<\/li>\n<li>Triar <strong>Rebut<\/strong> com a comprovant del pagament. Pot escollir \u201cImprimir\u201d i portar-lo al centre o b\u00e9 escollir \u201cCorreu electr\u00f2nic\u201d i enviar-lo directament al correu electr\u00f2nic <strong><a href=\"mailto:llengues@imontbui.org\">llengues@imontbui.org<\/a><\/strong>.<\/li>\n<\/ol>\n<p><strong>Observacions:<\/strong><\/p>\n<ul>\n<li>Els empleats del banc us ajudaran si ho demaneu.<\/li>\n<li>No es poden ingressar monedes.<\/li>\n<li>El canvi sempre \u00e9s en monedes i fins un m\u00e0xim de 10 euros.<\/li>\n<\/ul>\n","protected":false},"excerpt":{"rendered":"<p>Ens plau indicar el programa de l\u2019activitat a TV3 i Catalunya R\u00e0dio, sortida molt ben valorada per part de l&#8217;alumnat que realitzem pel curs de tercer d&#8217;ESO.\u00a0Se sortir\u00e0 els\u00a0 dies 20, 27 i 28 de febrer (cada dia un grup de 3r d&#8217;ESO diferent) de&hellip;  <a href=\"https:\/\/agora.xtec.cat\/iesmontbui\/comunicats\/comunicats3\/sortida-a-tv3-i-catalunya-radio\/\" title=\"Read Sortida a TV3 i Catalunya R\u00e0dio\">Llegeix m\u00e9s\u00bb<\/a><\/p>\n","protected":false},"author":1,"featured_media":2013,"comment_status":"open","ping_status":"closed","sticky":false,"template":"","format":"standard","meta":{"_bbp_topic_count":0,"_bbp_reply_count":0,"_bbp_total_topic_count":0,"_bbp_total_reply_count":0,"_bbp_voice_count":0,"_bbp_anonymous_reply_count":0,"_bbp_topic_count_hidden":0,"_bbp_reply_count_hidden":0,"_bbp_forum_subforum_count":0,"footnotes":""},"categories":[114],"tags":[],"class_list":["post-2012","post","type-post","status-publish","format-standard","has-post-thumbnail","hentry","category-comunicats3"],"post_mailing_queue_ids":[],"_links":{"self":[{"href":"https:\/\/agora.xtec.cat\/iesmontbui\/wp-json\/wp\/v2\/posts\/2012","targetHints":{"allow":["GET"]}}],"collection":[{"href":"https:\/\/agora.xtec.cat\/iesmontbui\/wp-json\/wp\/v2\/posts"}],"about":[{"href":"https:\/\/agora.xtec.cat\/iesmontbui\/wp-json\/wp\/v2\/types\/post"}],"author":[{"embeddable":true,"href":"https:\/\/agora.xtec.cat\/iesmontbui\/wp-json\/wp\/v2\/users\/1"}],"replies":[{"embeddable":true,"href":"https:\/\/agora.xtec.cat\/iesmontbui\/wp-json\/wp\/v2\/comments?post=2012"}],"version-history":[{"count":1,"href":"https:\/\/agora.xtec.cat\/iesmontbui\/wp-json\/wp\/v2\/posts\/2012\/revisions"}],"predecessor-version":[{"id":2014,"href":"https:\/\/agora.xtec.cat\/iesmontbui\/wp-json\/wp\/v2\/posts\/2012\/revisions\/2014"}],"wp:featuredmedia":[{"embeddable":true,"href":"https:\/\/agora.xtec.cat\/iesmontbui\/wp-json\/wp\/v2\/media\/2013"}],"wp:attachment":[{"href":"https:\/\/agora.xtec.cat\/iesmontbui\/wp-json\/wp\/v2\/media?parent=2012"}],"wp:term":[{"taxonomy":"category","embeddable":true,"href":"https:\/\/agora.xtec.cat\/iesmontbui\/wp-json\/wp\/v2\/categories?post=2012"},{"taxonomy":"post_tag","embeddable":true,"href":"https:\/\/agora.xtec.cat\/iesmontbui\/wp-json\/wp\/v2\/tags?post=2012"}],"curies":[{"name":"wp","href":"https:\/\/api.w.org\/{rel}","templated":true}]}}